{"id":3129,"date":"2017-09-28T23:05:33","date_gmt":"2017-09-28T21:05:33","guid":{"rendered":"http:\/\/idcserbia.org\/en\/zavrsna-konferencija-projekta-ruralni-razvoj-nakon-poplava\/"},"modified":"2022-11-24T23:42:48","modified_gmt":"2022-11-24T22:42:48","slug":"zavrsna-konferencija-projekta-ruralni-razvoj-nakon-poplava","status":"publish","type":"post","link":"https:\/\/idcserbia.org\/en\/zavrsna-konferencija-projekta-ruralni-razvoj-nakon-poplava\/","title":{"rendered":"Final conference of the project Rural development after floods"},"content":{"rendered":"<div id=\"s-share-buttons\" class=\"horizontal-w-c-circular s-share-w-c\"><a href=\"http:\/\/www.facebook.com\/sharer.php?u=https:\/\/idcserbia.org\/en\/zavrsna-konferencija-projekta-ruralni-razvoj-nakon-poplava\/\" target=\"_blank\" title=\"Share to Facebook\" class=\"s3-facebook hint--top\"><\/a><a href=\"http:\/\/twitter.com\/intent\/tweet?text=Final conference of the project Rural development after floods&url=https:\/\/idcserbia.org\/en\/zavrsna-konferencija-projekta-ruralni-razvoj-nakon-poplava\/\" target=\"_blank\"  title=\"Share to Twitter\" class=\"s3-twitter hint--top\"><\/a><a href=\"http:\/\/www.linkedin.com\/shareArticle?mini=true&url=https:\/\/idcserbia.org\/en\/zavrsna-konferencija-projekta-ruralni-razvoj-nakon-poplava\/\" target=\"_blank\" title=\"Share to LinkedIn\" class=\"s3-linkedin hint--top\"><\/a><a href=\"mailto:?Subject=Final%20conference%20of%20the%20project%20Rural%20development%20after%20floods&Body=Here%20is%20the%20link%20to%20the%20article:%20https:\/\/idcserbia.org\/en\/zavrsna-konferencija-projekta-ruralni-razvoj-nakon-poplava\/\" title=\"Email this article\" class=\"s3-email hint--top\"><\/a><\/div><p>Final conference of the project Rural development after floods was held yesterday, on 28th of September, in Belgrade Media center.<\/p>\n<p>Mr Miodrag Nedeljkovic, director of IDC welcomed the guest and opened the conference. The topic of first panel was the concept of social entrepreneurship, its legal framework and possibilities for its development in Serbia. Mr Gordan Velev, head of ASB Serbia, Ms Dina Rakin, Europen movement Serbia, and Mr Miodrag Shrestha, GIZ, spoke on these issues as all of them have been actively involved in advocating and developing this concept in Serbia for many years now.<\/p>\n<p>&nbsp;<\/p>\n<p><a href=\"http:\/\/idcserbia.org\/zavrsna-konferencija-projekta-ruralni-razvoj-nakon-poplava\/img_7905-medium\/\" rel=\"attachment wp-att-3082\"><img loading=\"lazy\" decoding=\"async\" class=\"alignleft wp-image-3082\" src=\"http:\/\/idcserbia.org\/wp-content\/uploads\/2017\/09\/IMG_7905-Medium-300x200.jpg\" alt=\"\" width=\"204\" height=\"136\" srcset=\"https:\/\/idcserbia.org\/wp-content\/uploads\/2017\/09\/IMG_7905-Medium-300x200.jpg 300w, https:\/\/idcserbia.org\/wp-content\/uploads\/2017\/09\/IMG_7905-Medium-768x512.jpg 768w, https:\/\/idcserbia.org\/wp-content\/uploads\/2017\/09\/IMG_7905-Medium-1024x683.jpg 1024w, https:\/\/idcserbia.org\/wp-content\/uploads\/2017\/09\/IMG_7905-Medium-200x133.jpg 200w, https:\/\/idcserbia.org\/wp-content\/uploads\/2017\/09\/IMG_7905-Medium.jpg 1152w\" sizes=\"auto, (max-width: 204px) 100vw, 204px\" \/><\/a><a href=\"http:\/\/idcserbia.org\/zavrsna-konferencija-projekta-ruralni-razvoj-nakon-poplava\/dsc_0078\/\" rel=\"attachment wp-att-3110\"><img loading=\"lazy\" decoding=\"async\" class=\"alignleft wp-image-3110\" src=\"http:\/\/idcserbia.org\/wp-content\/uploads\/2017\/09\/DSC_0078-300x199.jpg\" alt=\"\" width=\"201\" height=\"133\" srcset=\"https:\/\/idcserbia.org\/wp-content\/uploads\/2017\/09\/DSC_0078-300x199.jpg 300w, https:\/\/idcserbia.org\/wp-content\/uploads\/2017\/09\/DSC_0078-768x510.jpg 768w, https:\/\/idcserbia.org\/wp-content\/uploads\/2017\/09\/DSC_0078-1024x680.jpg 1024w, https:\/\/idcserbia.org\/wp-content\/uploads\/2017\/09\/DSC_0078-200x133.jpg 200w\" sizes=\"auto, (max-width: 201px) 100vw, 201px\" \/><\/a><\/p>\n<p>&nbsp;<\/p>\n<p>&nbsp;<\/p>\n<p>&nbsp;<\/p>\n<p>&nbsp;<\/p>\n<p>Within the second panel Ms Barbara Schlihtinger, representative of ASB Austria, who was implementation partner on this project, and Mr Du\u0161an Kostadinovi\u0107, deputy major of the City of \u0160abac, who supported this project both financially and in realization, spoke to the guests of the conference and shared their points of view. In the end, project manager, Igor Koj\u010di\u0107, presented the key results and outcomes of the project, while the guest had an exclusive chance to try out new \u00a0<a href=\"https:\/\/www.facebook.com\/ZaDruga2016\">ZaDruga<\/a> product red beet.<\/p>\n<p><a href=\"http:\/\/idcserbia.org\/zavrsna-konferencija-projekta-ruralni-razvoj-nakon-poplava\/adsc_0010\/\" rel=\"attachment wp-att-3104\"><img loading=\"lazy\" decoding=\"async\" class=\"alignleft wp-image-3104\" src=\"http:\/\/idcserbia.org\/wp-content\/uploads\/2017\/09\/ADSC_0010-300x199.jpg\" alt=\"\" width=\"210\" height=\"139\" srcset=\"https:\/\/idcserbia.org\/wp-content\/uploads\/2017\/09\/ADSC_0010-300x199.jpg 300w, https:\/\/idcserbia.org\/wp-content\/uploads\/2017\/09\/ADSC_0010-768x510.jpg 768w, https:\/\/idcserbia.org\/wp-content\/uploads\/2017\/09\/ADSC_0010-1024x680.jpg 1024w, https:\/\/idcserbia.org\/wp-content\/uploads\/2017\/09\/ADSC_0010-200x133.jpg 200w\" sizes=\"auto, (max-width: 210px) 100vw, 210px\" \/><\/a><a href=\"http:\/\/idcserbia.org\/zavrsna-konferencija-projekta-ruralni-razvoj-nakon-poplava\/adsc_0004\/\" rel=\"attachment wp-att-3102\"><img loading=\"lazy\" decoding=\"async\" class=\"alignleft wp-image-3102\" src=\"http:\/\/idcserbia.org\/wp-content\/uploads\/2017\/09\/ADSC_0004-300x199.jpg\" alt=\"\" width=\"208\" height=\"138\" srcset=\"https:\/\/idcserbia.org\/wp-content\/uploads\/2017\/09\/ADSC_0004-300x199.jpg 300w, https:\/\/idcserbia.org\/wp-content\/uploads\/2017\/09\/ADSC_0004-768x510.jpg 768w, https:\/\/idcserbia.org\/wp-content\/uploads\/2017\/09\/ADSC_0004-1024x680.jpg 1024w, https:\/\/idcserbia.org\/wp-content\/uploads\/2017\/09\/ADSC_0004-200x133.jpg 200w\" sizes=\"auto, (max-width: 208px) 100vw, 208px\" \/><\/a><a href=\"http:\/\/idcserbia.org\/zavrsna-konferencija-projekta-ruralni-razvoj-nakon-poplava\/adsc_0005\/\" rel=\"attachment wp-att-3103\"><img loading=\"lazy\" decoding=\"async\" class=\"alignleft wp-image-3103\" src=\"http:\/\/idcserbia.org\/wp-content\/uploads\/2017\/09\/ADSC_0005-300x199.jpg\" alt=\"\" width=\"202\" height=\"134\" srcset=\"https:\/\/idcserbia.org\/wp-content\/uploads\/2017\/09\/ADSC_0005-300x199.jpg 300w, https:\/\/idcserbia.org\/wp-content\/uploads\/2017\/09\/ADSC_0005-768x510.jpg 768w, https:\/\/idcserbia.org\/wp-content\/uploads\/2017\/09\/ADSC_0005-1024x680.jpg 1024w, https:\/\/idcserbia.org\/wp-content\/uploads\/2017\/09\/ADSC_0005-200x133.jpg 200w\" sizes=\"auto, (max-width: 202px) 100vw, 202px\" \/><\/a><\/p>\n","protected":false},"excerpt":{"rendered":"<p>Final conference of the project Rural development after floods was held yesterday, on 28th of September, in Belgrade Media center. Mr Miodrag Nedeljkovic, director of IDC welcomed the guest and opened the conference. The topic of first panel was the concept of social entrepreneurship, its legal framework and possibilities for its development in Serbia. Mr [&hellip;]<\/p>\n","protected":false},"author":2,"featured_media":3105,"comment_status":"closed","ping_status":"closed","sticky":false,"template":"","format":"standard","meta":{"footnotes":""},"categories":[163],"tags":[],"class_list":["post-3129","post","type-post","status-publish","format-standard","has-post-thumbnail","hentry","category-aktuelno-en"],"yoast_head":"<!-- This site is optimized with the Yoast SEO plugin v27.4 - https:\/\/yoast.com\/product\/yoast-seo-wordpress\/ -->\n<title>Final conference of the project Rural development after floods - IDC Serbia<\/title>\n<meta name=\"robots\" content=\"index, follow, max-snippet:-1, max-image-preview:large, max-video-preview:-1\" \/>\n<link rel=\"canonical\" href=\"https:\/\/idcserbia.org\/en\/zavrsna-konferencija-projekta-ruralni-razvoj-nakon-poplava\/\" \/>\n<meta property=\"og:locale\" content=\"en_US\" \/>\n<meta property=\"og:type\" content=\"article\" \/>\n<meta property=\"og:title\" content=\"Final conference of the project Rural development after floods - IDC Serbia\" \/>\n<meta property=\"og:description\" content=\"Final conference of the project Rural development after floods was held yesterday, on 28th of September, in Belgrade Media center. Mr Miodrag Nedeljkovic, director of IDC welcomed the guest and opened the conference. The topic of first panel was the concept of social entrepreneurship, its legal framework and possibilities for its development in Serbia. Mr [&hellip;]\" \/>\n<meta property=\"og:url\" content=\"https:\/\/idcserbia.org\/en\/zavrsna-konferencija-projekta-ruralni-razvoj-nakon-poplava\/\" \/>\n<meta property=\"og:site_name\" content=\"IDC Serbia\" \/>\n<meta property=\"article:publisher\" content=\"https:\/\/www.facebook.com\/idc.serbia\" \/>\n<meta property=\"article:published_time\" content=\"2017-09-28T21:05:33+00:00\" \/>\n<meta property=\"article:modified_time\" content=\"2022-11-24T22:42:48+00:00\" \/>\n<meta property=\"og:image\" content=\"https:\/\/idcserbia.org\/wp-content\/uploads\/2017\/09\/DSC_0001-1024x680.jpg\" \/>\n\t<meta property=\"og:image:width\" content=\"1024\" \/>\n\t<meta property=\"og:image:height\" content=\"680\" \/>\n\t<meta property=\"og:image:type\" content=\"image\/jpeg\" \/>\n<meta name=\"author\" content=\"IDC Serbia\" \/>\n<meta name=\"twitter:card\" content=\"summary_large_image\" \/>\n<meta name=\"twitter:creator\" content=\"@IDCSERBIA\" \/>\n<meta name=\"twitter:site\" content=\"@IDCSERBIA\" \/>\n<meta name=\"twitter:label1\" content=\"Written by\" \/>\n\t<meta name=\"twitter:data1\" content=\"IDC Serbia\" \/>\n\t<meta name=\"twitter:label2\" content=\"Est. reading time\" \/>\n\t<meta name=\"twitter:data2\" content=\"1 minute\" \/>\n<script type=\"application\/ld+json\" class=\"yoast-schema-graph\">{\"@context\":\"https:\\\/\\\/schema.org\",\"@graph\":[{\"@type\":\"Article\",\"@id\":\"https:\\\/\\\/idcserbia.org\\\/en\\\/zavrsna-konferencija-projekta-ruralni-razvoj-nakon-poplava\\\/#article\",\"isPartOf\":{\"@id\":\"https:\\\/\\\/idcserbia.org\\\/en\\\/zavrsna-konferencija-projekta-ruralni-razvoj-nakon-poplava\\\/\"},\"author\":{\"name\":\"IDC Serbia\",\"@id\":\"https:\\\/\\\/idcserbia.org\\\/#\\\/schema\\\/person\\\/9aabc1ee6cfdc5d7234d97fe33b1ff45\"},\"headline\":\"Final conference of the project Rural development after floods\",\"datePublished\":\"2017-09-28T21:05:33+00:00\",\"dateModified\":\"2022-11-24T22:42:48+00:00\",\"mainEntityOfPage\":{\"@id\":\"https:\\\/\\\/idcserbia.org\\\/en\\\/zavrsna-konferencija-projekta-ruralni-razvoj-nakon-poplava\\\/\"},\"wordCount\":194,\"image\":{\"@id\":\"https:\\\/\\\/idcserbia.org\\\/en\\\/zavrsna-konferencija-projekta-ruralni-razvoj-nakon-poplava\\\/#primaryimage\"},\"thumbnailUrl\":\"https:\\\/\\\/idcserbia.org\\\/wp-content\\\/uploads\\\/2017\\\/09\\\/DSC_0001.jpg\",\"articleSection\":[\"Actual\"],\"inLanguage\":\"en-US\"},{\"@type\":\"WebPage\",\"@id\":\"https:\\\/\\\/idcserbia.org\\\/en\\\/zavrsna-konferencija-projekta-ruralni-razvoj-nakon-poplava\\\/\",\"url\":\"https:\\\/\\\/idcserbia.org\\\/en\\\/zavrsna-konferencija-projekta-ruralni-razvoj-nakon-poplava\\\/\",\"name\":\"Final conference of the project Rural development after floods - IDC Serbia\",\"isPartOf\":{\"@id\":\"https:\\\/\\\/idcserbia.org\\\/#website\"},\"primaryImageOfPage\":{\"@id\":\"https:\\\/\\\/idcserbia.org\\\/en\\\/zavrsna-konferencija-projekta-ruralni-razvoj-nakon-poplava\\\/#primaryimage\"},\"image\":{\"@id\":\"https:\\\/\\\/idcserbia.org\\\/en\\\/zavrsna-konferencija-projekta-ruralni-razvoj-nakon-poplava\\\/#primaryimage\"},\"thumbnailUrl\":\"https:\\\/\\\/idcserbia.org\\\/wp-content\\\/uploads\\\/2017\\\/09\\\/DSC_0001.jpg\",\"datePublished\":\"2017-09-28T21:05:33+00:00\",\"dateModified\":\"2022-11-24T22:42:48+00:00\",\"author\":{\"@id\":\"https:\\\/\\\/idcserbia.org\\\/#\\\/schema\\\/person\\\/9aabc1ee6cfdc5d7234d97fe33b1ff45\"},\"breadcrumb\":{\"@id\":\"https:\\\/\\\/idcserbia.org\\\/en\\\/zavrsna-konferencija-projekta-ruralni-razvoj-nakon-poplava\\\/#breadcrumb\"},\"inLanguage\":\"en-US\",\"potentialAction\":[{\"@type\":\"ReadAction\",\"target\":[\"https:\\\/\\\/idcserbia.org\\\/en\\\/zavrsna-konferencija-projekta-ruralni-razvoj-nakon-poplava\\\/\"]}]},{\"@type\":\"ImageObject\",\"inLanguage\":\"en-US\",\"@id\":\"https:\\\/\\\/idcserbia.org\\\/en\\\/zavrsna-konferencija-projekta-ruralni-razvoj-nakon-poplava\\\/#primaryimage\",\"url\":\"https:\\\/\\\/idcserbia.org\\\/wp-content\\\/uploads\\\/2017\\\/09\\\/DSC_0001.jpg\",\"contentUrl\":\"https:\\\/\\\/idcserbia.org\\\/wp-content\\\/uploads\\\/2017\\\/09\\\/DSC_0001.jpg\",\"width\":4288,\"height\":2848},{\"@type\":\"BreadcrumbList\",\"@id\":\"https:\\\/\\\/idcserbia.org\\\/en\\\/zavrsna-konferencija-projekta-ruralni-razvoj-nakon-poplava\\\/#breadcrumb\",\"itemListElement\":[{\"@type\":\"ListItem\",\"position\":1,\"name\":\"Home\",\"item\":\"https:\\\/\\\/idcserbia.org\\\/en\\\/\"},{\"@type\":\"ListItem\",\"position\":2,\"name\":\"Final conference of the project Rural development after floods\"}]},{\"@type\":\"WebSite\",\"@id\":\"https:\\\/\\\/idcserbia.org\\\/#website\",\"url\":\"https:\\\/\\\/idcserbia.org\\\/\",\"name\":\"IDC Serbia\",\"description\":\"Association of Citizens Initiative for Development and Cooperation\\r\\n\",\"potentialAction\":[{\"@type\":\"SearchAction\",\"target\":{\"@type\":\"EntryPoint\",\"urlTemplate\":\"https:\\\/\\\/idcserbia.org\\\/?s={search_term_string}\"},\"query-input\":{\"@type\":\"PropertyValueSpecification\",\"valueRequired\":true,\"valueName\":\"search_term_string\"}}],\"inLanguage\":\"en-US\"},{\"@type\":\"Person\",\"@id\":\"https:\\\/\\\/idcserbia.org\\\/#\\\/schema\\\/person\\\/9aabc1ee6cfdc5d7234d97fe33b1ff45\",\"name\":\"IDC Serbia\",\"url\":\"https:\\\/\\\/idcserbia.org\\\/en\\\/author\\\/idc-serbia\\\/\"}]}<\/script>\n<!-- \/ Yoast SEO plugin. -->","yoast_head_json":{"title":"Final conference of the project Rural development after floods - IDC Serbia","robots":{"index":"index","follow":"follow","max-snippet":"max-snippet:-1","max-image-preview":"max-image-preview:large","max-video-preview":"max-video-preview:-1"},"canonical":"https:\/\/idcserbia.org\/en\/zavrsna-konferencija-projekta-ruralni-razvoj-nakon-poplava\/","og_locale":"en_US","og_type":"article","og_title":"Final conference of the project Rural development after floods - IDC Serbia","og_description":"Final conference of the project Rural development after floods was held yesterday, on 28th of September, in Belgrade Media center. Mr Miodrag Nedeljkovic, director of IDC welcomed the guest and opened the conference. The topic of first panel was the concept of social entrepreneurship, its legal framework and possibilities for its development in Serbia. Mr [&hellip;]","og_url":"https:\/\/idcserbia.org\/en\/zavrsna-konferencija-projekta-ruralni-razvoj-nakon-poplava\/","og_site_name":"IDC Serbia","article_publisher":"https:\/\/www.facebook.com\/idc.serbia","article_published_time":"2017-09-28T21:05:33+00:00","article_modified_time":"2022-11-24T22:42:48+00:00","og_image":[{"width":1024,"height":680,"url":"https:\/\/idcserbia.org\/wp-content\/uploads\/2017\/09\/DSC_0001-1024x680.jpg","type":"image\/jpeg"}],"author":"IDC Serbia","twitter_card":"summary_large_image","twitter_creator":"@IDCSERBIA","twitter_site":"@IDCSERBIA","twitter_misc":{"Written by":"IDC Serbia","Est. reading time":"1 minute"},"schema":{"@context":"https:\/\/schema.org","@graph":[{"@type":"Article","@id":"https:\/\/idcserbia.org\/en\/zavrsna-konferencija-projekta-ruralni-razvoj-nakon-poplava\/#article","isPartOf":{"@id":"https:\/\/idcserbia.org\/en\/zavrsna-konferencija-projekta-ruralni-razvoj-nakon-poplava\/"},"author":{"name":"IDC Serbia","@id":"https:\/\/idcserbia.org\/#\/schema\/person\/9aabc1ee6cfdc5d7234d97fe33b1ff45"},"headline":"Final conference of the project Rural development after floods","datePublished":"2017-09-28T21:05:33+00:00","dateModified":"2022-11-24T22:42:48+00:00","mainEntityOfPage":{"@id":"https:\/\/idcserbia.org\/en\/zavrsna-konferencija-projekta-ruralni-razvoj-nakon-poplava\/"},"wordCount":194,"image":{"@id":"https:\/\/idcserbia.org\/en\/zavrsna-konferencija-projekta-ruralni-razvoj-nakon-poplava\/#primaryimage"},"thumbnailUrl":"https:\/\/idcserbia.org\/wp-content\/uploads\/2017\/09\/DSC_0001.jpg","articleSection":["Actual"],"inLanguage":"en-US"},{"@type":"WebPage","@id":"https:\/\/idcserbia.org\/en\/zavrsna-konferencija-projekta-ruralni-razvoj-nakon-poplava\/","url":"https:\/\/idcserbia.org\/en\/zavrsna-konferencija-projekta-ruralni-razvoj-nakon-poplava\/","name":"Final conference of the project Rural development after floods - IDC Serbia","isPartOf":{"@id":"https:\/\/idcserbia.org\/#website"},"primaryImageOfPage":{"@id":"https:\/\/idcserbia.org\/en\/zavrsna-konferencija-projekta-ruralni-razvoj-nakon-poplava\/#primaryimage"},"image":{"@id":"https:\/\/idcserbia.org\/en\/zavrsna-konferencija-projekta-ruralni-razvoj-nakon-poplava\/#primaryimage"},"thumbnailUrl":"https:\/\/idcserbia.org\/wp-content\/uploads\/2017\/09\/DSC_0001.jpg","datePublished":"2017-09-28T21:05:33+00:00","dateModified":"2022-11-24T22:42:48+00:00","author":{"@id":"https:\/\/idcserbia.org\/#\/schema\/person\/9aabc1ee6cfdc5d7234d97fe33b1ff45"},"breadcrumb":{"@id":"https:\/\/idcserbia.org\/en\/zavrsna-konferencija-projekta-ruralni-razvoj-nakon-poplava\/#breadcrumb"},"inLanguage":"en-US","potentialAction":[{"@type":"ReadAction","target":["https:\/\/idcserbia.org\/en\/zavrsna-konferencija-projekta-ruralni-razvoj-nakon-poplava\/"]}]},{"@type":"ImageObject","inLanguage":"en-US","@id":"https:\/\/idcserbia.org\/en\/zavrsna-konferencija-projekta-ruralni-razvoj-nakon-poplava\/#primaryimage","url":"https:\/\/idcserbia.org\/wp-content\/uploads\/2017\/09\/DSC_0001.jpg","contentUrl":"https:\/\/idcserbia.org\/wp-content\/uploads\/2017\/09\/DSC_0001.jpg","width":4288,"height":2848},{"@type":"BreadcrumbList","@id":"https:\/\/idcserbia.org\/en\/zavrsna-konferencija-projekta-ruralni-razvoj-nakon-poplava\/#breadcrumb","itemListElement":[{"@type":"ListItem","position":1,"name":"Home","item":"https:\/\/idcserbia.org\/en\/"},{"@type":"ListItem","position":2,"name":"Final conference of the project Rural development after floods"}]},{"@type":"WebSite","@id":"https:\/\/idcserbia.org\/#website","url":"https:\/\/idcserbia.org\/","name":"IDC Serbia","description":"Association of Citizens Initiative for Development and Cooperation\r\n","potentialAction":[{"@type":"SearchAction","target":{"@type":"EntryPoint","urlTemplate":"https:\/\/idcserbia.org\/?s={search_term_string}"},"query-input":{"@type":"PropertyValueSpecification","valueRequired":true,"valueName":"search_term_string"}}],"inLanguage":"en-US"},{"@type":"Person","@id":"https:\/\/idcserbia.org\/#\/schema\/person\/9aabc1ee6cfdc5d7234d97fe33b1ff45","name":"IDC Serbia","url":"https:\/\/idcserbia.org\/en\/author\/idc-serbia\/"}]}},"_links":{"self":[{"href":"https:\/\/idcserbia.org\/en\/wp-json\/wp\/v2\/posts\/3129","targetHints":{"allow":["GET"]}}],"collection":[{"href":"https:\/\/idcserbia.org\/en\/wp-json\/wp\/v2\/posts"}],"about":[{"href":"https:\/\/idcserbia.org\/en\/wp-json\/wp\/v2\/types\/post"}],"author":[{"embeddable":true,"href":"https:\/\/idcserbia.org\/en\/wp-json\/wp\/v2\/users\/2"}],"replies":[{"embeddable":true,"href":"https:\/\/idcserbia.org\/en\/wp-json\/wp\/v2\/comments?post=3129"}],"version-history":[{"count":3,"href":"https:\/\/idcserbia.org\/en\/wp-json\/wp\/v2\/posts\/3129\/revisions"}],"predecessor-version":[{"id":3132,"href":"https:\/\/idcserbia.org\/en\/wp-json\/wp\/v2\/posts\/3129\/revisions\/3132"}],"wp:featuredmedia":[{"embeddable":true,"href":"https:\/\/idcserbia.org\/en\/wp-json\/wp\/v2\/media\/3105"}],"wp:attachment":[{"href":"https:\/\/idcserbia.org\/en\/wp-json\/wp\/v2\/media?parent=3129"}],"wp:term":[{"taxonomy":"category","embeddable":true,"href":"https:\/\/idcserbia.org\/en\/wp-json\/wp\/v2\/categories?post=3129"},{"taxonomy":"post_tag","embeddable":true,"href":"https:\/\/idcserbia.org\/en\/wp-json\/wp\/v2\/tags?post=3129"}],"curies":[{"name":"wp","href":"https:\/\/api.w.org\/{rel}","templated":true}]}}