{"id":3325,"date":"2016-12-22T11:34:00","date_gmt":"2016-12-22T10:34:00","guid":{"rendered":"http:\/\/idcserbia.org\/en\/?p=3325"},"modified":"2022-11-24T23:43:05","modified_gmt":"2022-11-24T22:43:05","slug":"the-working-group-meeting-in-support-of-local-communities","status":"publish","type":"post","link":"https:\/\/idcserbia.org\/en\/the-working-group-meeting-in-support-of-local-communities\/","title":{"rendered":"The working group meeting in support of local communities"},"content":{"rendered":"<div id=\"s-share-buttons\" class=\"horizontal-w-c-circular s-share-w-c\"><a href=\"http:\/\/www.facebook.com\/sharer.php?u=https:\/\/idcserbia.org\/en\/the-working-group-meeting-in-support-of-local-communities\/\" target=\"_blank\" title=\"Share to Facebook\" class=\"s3-facebook hint--top\"><\/a><a href=\"http:\/\/twitter.com\/intent\/tweet?text=The working group meeting in support of local communities&url=https:\/\/idcserbia.org\/en\/the-working-group-meeting-in-support-of-local-communities\/\" target=\"_blank\"  title=\"Share to Twitter\" class=\"s3-twitter hint--top\"><\/a><a href=\"http:\/\/www.linkedin.com\/shareArticle?mini=true&url=https:\/\/idcserbia.org\/en\/the-working-group-meeting-in-support-of-local-communities\/\" target=\"_blank\" title=\"Share to LinkedIn\" class=\"s3-linkedin hint--top\"><\/a><a href=\"mailto:?Subject=The%20working%20group%20meeting%20in%20support%20of%20local%20communities&Body=Here%20is%20the%20link%20to%20the%20article:%20https:\/\/idcserbia.org\/en\/the-working-group-meeting-in-support-of-local-communities\/\" title=\"Email this article\" class=\"s3-email hint--top\"><\/a><\/div><p>The working group meeting in support of local communities<\/p>\n<p>A meeting of the working group in support of local communities was held in Belgrade on December 20<sup>th<\/sup>, organized by UNDP. During the meeting, IDC had the opportunity to present its work in the field of strengthening social cohesion in the local communities affected by the migrant crisis, with special reference to the IDC project &#8220;You will never walk alone&#8221;. In addition to IDC, 5 other domestic organizations have had the opportunity to present their work and projects, which, thanks to the support of UNDP, are implementing similar projects aimed at strengthening social cohesion within the project &#8220;Strengthening the capacities of local communities in Serbia through overcoming the consequences of the migrant crisis &#8221; funded by the Japanese Government.<\/p>\n<p>The meeting was attended by representatives of the state administration Ivan Bo\u0161njak, State Secretary of the State Administration and Local Self-Government Ministry, Nenad Ivani\u0161evi\u0107 State Secretary of the Ministry of Labor, Employment, Veterans and Social Affairs, and Ivan Gerginov, Deputy Commissioner for Refugees and Migration of the Republic of Serbia, representatives of local self-governments affected by the migrant crisis, as well as representatives of UN agencies and humanitarian organizations that significantly contributed to strengthening the capacities of local communities in overcoming the consequences of the migrant crisis during the year.<\/p>\n","protected":false},"excerpt":{"rendered":"<p>The working group meeting in support of local communities A meeting of the working group in support of local communities was held in Belgrade on December 20th, organized by UNDP. During the meeting, IDC had the opportunity to present its work in the field of strengthening social cohesion in the local communities affected by the [&hellip;]<\/p>\n","protected":false},"author":2,"featured_media":3326,"comment_status":"closed","ping_status":"closed","sticky":false,"template":"","format":"standard","meta":{"footnotes":""},"categories":[163],"tags":[],"class_list":["post-3325","post","type-post","status-publish","format-standard","has-post-thumbnail","hentry","category-aktuelno-en"],"yoast_head":"<!-- This site is optimized with the Yoast SEO plugin v27.4 - https:\/\/yoast.com\/product\/yoast-seo-wordpress\/ -->\n<title>The working group meeting in support of local communities - IDC Serbia<\/title>\n<meta name=\"robots\" content=\"index, follow, max-snippet:-1, max-image-preview:large, max-video-preview:-1\" \/>\n<link rel=\"canonical\" href=\"https:\/\/idcserbia.org\/en\/the-working-group-meeting-in-support-of-local-communities\/\" \/>\n<meta property=\"og:locale\" content=\"en_US\" \/>\n<meta property=\"og:type\" content=\"article\" \/>\n<meta property=\"og:title\" content=\"The working group meeting in support of local communities - IDC Serbia\" \/>\n<meta property=\"og:description\" content=\"The working group meeting in support of local communities A meeting of the working group in support of local communities was held in Belgrade on December 20th, organized by UNDP. During the meeting, IDC had the opportunity to present its work in the field of strengthening social cohesion in the local communities affected by the [&hellip;]\" \/>\n<meta property=\"og:url\" content=\"https:\/\/idcserbia.org\/en\/the-working-group-meeting-in-support-of-local-communities\/\" \/>\n<meta property=\"og:site_name\" content=\"IDC Serbia\" \/>\n<meta property=\"article:publisher\" content=\"https:\/\/www.facebook.com\/idc.serbia\" \/>\n<meta property=\"article:published_time\" content=\"2016-12-22T10:34:00+00:00\" \/>\n<meta property=\"article:modified_time\" content=\"2022-11-24T22:43:05+00:00\" \/>\n<meta property=\"og:image\" content=\"https:\/\/idcserbia.org\/wp-content\/uploads\/2018\/01\/viber-image.jpg\" \/>\n\t<meta property=\"og:image:width\" content=\"1280\" \/>\n\t<meta property=\"og:image:height\" content=\"720\" \/>\n\t<meta property=\"og:image:type\" content=\"image\/jpeg\" \/>\n<meta name=\"author\" content=\"IDC Serbia\" \/>\n<meta name=\"twitter:card\" content=\"summary_large_image\" \/>\n<meta name=\"twitter:creator\" content=\"@IDCSERBIA\" \/>\n<meta name=\"twitter:site\" content=\"@IDCSERBIA\" \/>\n<meta name=\"twitter:label1\" content=\"Written by\" \/>\n\t<meta name=\"twitter:data1\" content=\"IDC Serbia\" \/>\n\t<meta name=\"twitter:label2\" content=\"Est. reading time\" \/>\n\t<meta name=\"twitter:data2\" content=\"1 minute\" \/>\n<script type=\"application\/ld+json\" class=\"yoast-schema-graph\">{\"@context\":\"https:\\\/\\\/schema.org\",\"@graph\":[{\"@type\":\"Article\",\"@id\":\"https:\\\/\\\/idcserbia.org\\\/en\\\/the-working-group-meeting-in-support-of-local-communities\\\/#article\",\"isPartOf\":{\"@id\":\"https:\\\/\\\/idcserbia.org\\\/en\\\/the-working-group-meeting-in-support-of-local-communities\\\/\"},\"author\":{\"name\":\"IDC Serbia\",\"@id\":\"https:\\\/\\\/idcserbia.org\\\/#\\\/schema\\\/person\\\/9aabc1ee6cfdc5d7234d97fe33b1ff45\"},\"headline\":\"The working group meeting in support of local communities\",\"datePublished\":\"2016-12-22T10:34:00+00:00\",\"dateModified\":\"2022-11-24T22:43:05+00:00\",\"mainEntityOfPage\":{\"@id\":\"https:\\\/\\\/idcserbia.org\\\/en\\\/the-working-group-meeting-in-support-of-local-communities\\\/\"},\"wordCount\":227,\"image\":{\"@id\":\"https:\\\/\\\/idcserbia.org\\\/en\\\/the-working-group-meeting-in-support-of-local-communities\\\/#primaryimage\"},\"thumbnailUrl\":\"https:\\\/\\\/idcserbia.org\\\/wp-content\\\/uploads\\\/2018\\\/01\\\/viber-image.jpg\",\"articleSection\":[\"Actual\"],\"inLanguage\":\"en-US\"},{\"@type\":\"WebPage\",\"@id\":\"https:\\\/\\\/idcserbia.org\\\/en\\\/the-working-group-meeting-in-support-of-local-communities\\\/\",\"url\":\"https:\\\/\\\/idcserbia.org\\\/en\\\/the-working-group-meeting-in-support-of-local-communities\\\/\",\"name\":\"The working group meeting in support of local communities - IDC Serbia\",\"isPartOf\":{\"@id\":\"https:\\\/\\\/idcserbia.org\\\/#website\"},\"primaryImageOfPage\":{\"@id\":\"https:\\\/\\\/idcserbia.org\\\/en\\\/the-working-group-meeting-in-support-of-local-communities\\\/#primaryimage\"},\"image\":{\"@id\":\"https:\\\/\\\/idcserbia.org\\\/en\\\/the-working-group-meeting-in-support-of-local-communities\\\/#primaryimage\"},\"thumbnailUrl\":\"https:\\\/\\\/idcserbia.org\\\/wp-content\\\/uploads\\\/2018\\\/01\\\/viber-image.jpg\",\"datePublished\":\"2016-12-22T10:34:00+00:00\",\"dateModified\":\"2022-11-24T22:43:05+00:00\",\"author\":{\"@id\":\"https:\\\/\\\/idcserbia.org\\\/#\\\/schema\\\/person\\\/9aabc1ee6cfdc5d7234d97fe33b1ff45\"},\"breadcrumb\":{\"@id\":\"https:\\\/\\\/idcserbia.org\\\/en\\\/the-working-group-meeting-in-support-of-local-communities\\\/#breadcrumb\"},\"inLanguage\":\"en-US\",\"potentialAction\":[{\"@type\":\"ReadAction\",\"target\":[\"https:\\\/\\\/idcserbia.org\\\/en\\\/the-working-group-meeting-in-support-of-local-communities\\\/\"]}]},{\"@type\":\"ImageObject\",\"inLanguage\":\"en-US\",\"@id\":\"https:\\\/\\\/idcserbia.org\\\/en\\\/the-working-group-meeting-in-support-of-local-communities\\\/#primaryimage\",\"url\":\"https:\\\/\\\/idcserbia.org\\\/wp-content\\\/uploads\\\/2018\\\/01\\\/viber-image.jpg\",\"contentUrl\":\"https:\\\/\\\/idcserbia.org\\\/wp-content\\\/uploads\\\/2018\\\/01\\\/viber-image.jpg\",\"width\":1280,\"height\":720},{\"@type\":\"BreadcrumbList\",\"@id\":\"https:\\\/\\\/idcserbia.org\\\/en\\\/the-working-group-meeting-in-support-of-local-communities\\\/#breadcrumb\",\"itemListElement\":[{\"@type\":\"ListItem\",\"position\":1,\"name\":\"Home\",\"item\":\"https:\\\/\\\/idcserbia.org\\\/en\\\/\"},{\"@type\":\"ListItem\",\"position\":2,\"name\":\"The working group meeting in support of local communities\"}]},{\"@type\":\"WebSite\",\"@id\":\"https:\\\/\\\/idcserbia.org\\\/#website\",\"url\":\"https:\\\/\\\/idcserbia.org\\\/\",\"name\":\"IDC Serbia\",\"description\":\"Association of Citizens Initiative for Development and Cooperation\\r\\n\",\"potentialAction\":[{\"@type\":\"SearchAction\",\"target\":{\"@type\":\"EntryPoint\",\"urlTemplate\":\"https:\\\/\\\/idcserbia.org\\\/?s={search_term_string}\"},\"query-input\":{\"@type\":\"PropertyValueSpecification\",\"valueRequired\":true,\"valueName\":\"search_term_string\"}}],\"inLanguage\":\"en-US\"},{\"@type\":\"Person\",\"@id\":\"https:\\\/\\\/idcserbia.org\\\/#\\\/schema\\\/person\\\/9aabc1ee6cfdc5d7234d97fe33b1ff45\",\"name\":\"IDC Serbia\",\"url\":\"https:\\\/\\\/idcserbia.org\\\/en\\\/author\\\/idc-serbia\\\/\"}]}<\/script>\n<!-- \/ Yoast SEO plugin. -->","yoast_head_json":{"title":"The working group meeting in support of local communities - IDC Serbia","robots":{"index":"index","follow":"follow","max-snippet":"max-snippet:-1","max-image-preview":"max-image-preview:large","max-video-preview":"max-video-preview:-1"},"canonical":"https:\/\/idcserbia.org\/en\/the-working-group-meeting-in-support-of-local-communities\/","og_locale":"en_US","og_type":"article","og_title":"The working group meeting in support of local communities - IDC Serbia","og_description":"The working group meeting in support of local communities A meeting of the working group in support of local communities was held in Belgrade on December 20th, organized by UNDP. During the meeting, IDC had the opportunity to present its work in the field of strengthening social cohesion in the local communities affected by the [&hellip;]","og_url":"https:\/\/idcserbia.org\/en\/the-working-group-meeting-in-support-of-local-communities\/","og_site_name":"IDC Serbia","article_publisher":"https:\/\/www.facebook.com\/idc.serbia","article_published_time":"2016-12-22T10:34:00+00:00","article_modified_time":"2022-11-24T22:43:05+00:00","og_image":[{"width":1280,"height":720,"url":"https:\/\/idcserbia.org\/wp-content\/uploads\/2018\/01\/viber-image.jpg","type":"image\/jpeg"}],"author":"IDC Serbia","twitter_card":"summary_large_image","twitter_creator":"@IDCSERBIA","twitter_site":"@IDCSERBIA","twitter_misc":{"Written by":"IDC Serbia","Est. reading time":"1 minute"},"schema":{"@context":"https:\/\/schema.org","@graph":[{"@type":"Article","@id":"https:\/\/idcserbia.org\/en\/the-working-group-meeting-in-support-of-local-communities\/#article","isPartOf":{"@id":"https:\/\/idcserbia.org\/en\/the-working-group-meeting-in-support-of-local-communities\/"},"author":{"name":"IDC Serbia","@id":"https:\/\/idcserbia.org\/#\/schema\/person\/9aabc1ee6cfdc5d7234d97fe33b1ff45"},"headline":"The working group meeting in support of local communities","datePublished":"2016-12-22T10:34:00+00:00","dateModified":"2022-11-24T22:43:05+00:00","mainEntityOfPage":{"@id":"https:\/\/idcserbia.org\/en\/the-working-group-meeting-in-support-of-local-communities\/"},"wordCount":227,"image":{"@id":"https:\/\/idcserbia.org\/en\/the-working-group-meeting-in-support-of-local-communities\/#primaryimage"},"thumbnailUrl":"https:\/\/idcserbia.org\/wp-content\/uploads\/2018\/01\/viber-image.jpg","articleSection":["Actual"],"inLanguage":"en-US"},{"@type":"WebPage","@id":"https:\/\/idcserbia.org\/en\/the-working-group-meeting-in-support-of-local-communities\/","url":"https:\/\/idcserbia.org\/en\/the-working-group-meeting-in-support-of-local-communities\/","name":"The working group meeting in support of local communities - IDC Serbia","isPartOf":{"@id":"https:\/\/idcserbia.org\/#website"},"primaryImageOfPage":{"@id":"https:\/\/idcserbia.org\/en\/the-working-group-meeting-in-support-of-local-communities\/#primaryimage"},"image":{"@id":"https:\/\/idcserbia.org\/en\/the-working-group-meeting-in-support-of-local-communities\/#primaryimage"},"thumbnailUrl":"https:\/\/idcserbia.org\/wp-content\/uploads\/2018\/01\/viber-image.jpg","datePublished":"2016-12-22T10:34:00+00:00","dateModified":"2022-11-24T22:43:05+00:00","author":{"@id":"https:\/\/idcserbia.org\/#\/schema\/person\/9aabc1ee6cfdc5d7234d97fe33b1ff45"},"breadcrumb":{"@id":"https:\/\/idcserbia.org\/en\/the-working-group-meeting-in-support-of-local-communities\/#breadcrumb"},"inLanguage":"en-US","potentialAction":[{"@type":"ReadAction","target":["https:\/\/idcserbia.org\/en\/the-working-group-meeting-in-support-of-local-communities\/"]}]},{"@type":"ImageObject","inLanguage":"en-US","@id":"https:\/\/idcserbia.org\/en\/the-working-group-meeting-in-support-of-local-communities\/#primaryimage","url":"https:\/\/idcserbia.org\/wp-content\/uploads\/2018\/01\/viber-image.jpg","contentUrl":"https:\/\/idcserbia.org\/wp-content\/uploads\/2018\/01\/viber-image.jpg","width":1280,"height":720},{"@type":"BreadcrumbList","@id":"https:\/\/idcserbia.org\/en\/the-working-group-meeting-in-support-of-local-communities\/#breadcrumb","itemListElement":[{"@type":"ListItem","position":1,"name":"Home","item":"https:\/\/idcserbia.org\/en\/"},{"@type":"ListItem","position":2,"name":"The working group meeting in support of local communities"}]},{"@type":"WebSite","@id":"https:\/\/idcserbia.org\/#website","url":"https:\/\/idcserbia.org\/","name":"IDC Serbia","description":"Association of Citizens Initiative for Development and Cooperation\r\n","potentialAction":[{"@type":"SearchAction","target":{"@type":"EntryPoint","urlTemplate":"https:\/\/idcserbia.org\/?s={search_term_string}"},"query-input":{"@type":"PropertyValueSpecification","valueRequired":true,"valueName":"search_term_string"}}],"inLanguage":"en-US"},{"@type":"Person","@id":"https:\/\/idcserbia.org\/#\/schema\/person\/9aabc1ee6cfdc5d7234d97fe33b1ff45","name":"IDC Serbia","url":"https:\/\/idcserbia.org\/en\/author\/idc-serbia\/"}]}},"_links":{"self":[{"href":"https:\/\/idcserbia.org\/en\/wp-json\/wp\/v2\/posts\/3325","targetHints":{"allow":["GET"]}}],"collection":[{"href":"https:\/\/idcserbia.org\/en\/wp-json\/wp\/v2\/posts"}],"about":[{"href":"https:\/\/idcserbia.org\/en\/wp-json\/wp\/v2\/types\/post"}],"author":[{"embeddable":true,"href":"https:\/\/idcserbia.org\/en\/wp-json\/wp\/v2\/users\/2"}],"replies":[{"embeddable":true,"href":"https:\/\/idcserbia.org\/en\/wp-json\/wp\/v2\/comments?post=3325"}],"version-history":[{"count":2,"href":"https:\/\/idcserbia.org\/en\/wp-json\/wp\/v2\/posts\/3325\/revisions"}],"predecessor-version":[{"id":3344,"href":"https:\/\/idcserbia.org\/en\/wp-json\/wp\/v2\/posts\/3325\/revisions\/3344"}],"wp:featuredmedia":[{"embeddable":true,"href":"https:\/\/idcserbia.org\/en\/wp-json\/wp\/v2\/media\/3326"}],"wp:attachment":[{"href":"https:\/\/idcserbia.org\/en\/wp-json\/wp\/v2\/media?parent=3325"}],"wp:term":[{"taxonomy":"category","embeddable":true,"href":"https:\/\/idcserbia.org\/en\/wp-json\/wp\/v2\/categories?post=3325"},{"taxonomy":"post_tag","embeddable":true,"href":"https:\/\/idcserbia.org\/en\/wp-json\/wp\/v2\/tags?post=3325"}],"curies":[{"name":"wp","href":"https:\/\/api.w.org\/{rel}","templated":true}]}}