{"id":3332,"date":"2016-10-25T11:46:30","date_gmt":"2016-10-25T09:46:30","guid":{"rendered":"http:\/\/idcserbia.org\/en\/?p=3332"},"modified":"2022-11-24T23:43:26","modified_gmt":"2022-11-24T22:43:26","slug":"idc-at-the-youth-empowerment-seminar","status":"publish","type":"post","link":"https:\/\/idcserbia.org\/en\/idc-at-the-youth-empowerment-seminar\/","title":{"rendered":"IDC at the Youth Empowerment Seminar"},"content":{"rendered":"<div id=\"s-share-buttons\" class=\"horizontal-w-c-circular s-share-w-c\"><a href=\"http:\/\/www.facebook.com\/sharer.php?u=https:\/\/idcserbia.org\/en\/idc-at-the-youth-empowerment-seminar\/\" target=\"_blank\" title=\"Share to Facebook\" class=\"s3-facebook hint--top\"><\/a><a href=\"http:\/\/twitter.com\/intent\/tweet?text=IDC at the Youth Empowerment Seminar&url=https:\/\/idcserbia.org\/en\/idc-at-the-youth-empowerment-seminar\/\" target=\"_blank\"  title=\"Share to Twitter\" class=\"s3-twitter hint--top\"><\/a><a href=\"http:\/\/www.linkedin.com\/shareArticle?mini=true&url=https:\/\/idcserbia.org\/en\/idc-at-the-youth-empowerment-seminar\/\" target=\"_blank\" title=\"Share to LinkedIn\" class=\"s3-linkedin hint--top\"><\/a><a href=\"mailto:?Subject=IDC%20at%20the%20Youth%20Empowerment%20Seminar&Body=Here%20is%20the%20link%20to%20the%20article:%20https:\/\/idcserbia.org\/en\/idc-at-the-youth-empowerment-seminar\/\" title=\"Email this article\" class=\"s3-email hint--top\"><\/a><\/div><p>IDC at the Youth Empowerment Seminar<\/p>\n<p>In Dilijan, Armenia, from October 8<sup>th<\/sup> until the 16<sup>th<\/sup> of this year, in cooperation with two organizations &#8211; Bratniak from Krakow, Poland, and the Youth Cooperation Center of Dilijan, Armenia, a seminar entitled Youth Empowerment for Change was organized. The seminar was financed by the Polish national agency Erasmus + Program, with 24 young boys and girls from countries across Europe (Albania, Czech Republic, Italy, Ukraine, Serbia, Belarus, Germany, Lithuania, Spain, Armenia, Georgia and Poland). IDC Serbia was represented by two representatives, volunteers: Isidora Banovi\u0107 Beli\u0107 and Marija Bo\u017ei\u0107.<\/p>\n<p><img loading=\"lazy\" decoding=\"async\" class=\"size-medium wp-image-2288 aligncenter\" src=\"http:\/\/idcserbia.org\/wp-content\/uploads\/2016\/10\/DSC_0375-300x199.jpg\" alt=\"\" width=\"300\" height=\"199\" srcset=\"https:\/\/idcserbia.org\/wp-content\/uploads\/2016\/10\/DSC_0375-300x199.jpg 300w, https:\/\/idcserbia.org\/wp-content\/uploads\/2016\/10\/DSC_0375-768x509.jpg 768w, https:\/\/idcserbia.org\/wp-content\/uploads\/2016\/10\/DSC_0375-200x133.jpg 200w, https:\/\/idcserbia.org\/wp-content\/uploads\/2016\/10\/DSC_0375.jpg 984w\" sizes=\"auto, (max-width: 300px) 100vw, 300px\" \/><\/p>\n<p>The purpose of the seminar was to familiarize oneself with the significance of the participation of young people in the creation of social change, as well as to familiarize oneself with the mechanisms of this change. Participants were first given a theoretical framework, and then the opportunity to, optionally, illustrate what they learned through a simulation of problem solving. A special focus of the seminar was the participants\u2019 individual empowerment, as each individual is the root and trigger of change we want to see in society. The idea of \u200b\u200bthe seminar was the idea that young people can participate to a great extent and be the drivers of social change.<\/p>\n<p>Over the course of seven days, participants have mastered some of the basic tools in problem detection and their systematic resolution, as well as the mechanisms for involving and animating their peers in starting the aforementioned, as well as the most effective ways of removing the obstacles that we face on this path.<\/p>\n<p>The global conclusion is that young people across the European continent have the same or similar problems &#8211; difficult access to the labor market, insufficient participation in the creation of country policies, low quality and limitations in the possibility of self-development, economic difficulties, uncertainty about the future and the general feeling of overall inability to contribute to any change, and situation overturn. This seminar in Dilijan had the goal of overturn an entrenched way of thinking and show young people that they can be the bearers of change.<\/p>\n<p><img loading=\"lazy\" decoding=\"async\" class=\"size-medium wp-image-2287 aligncenter\" src=\"http:\/\/idcserbia.org\/wp-content\/uploads\/2016\/10\/DSC_0252-horz-300x97.jpg\" alt=\"\" width=\"300\" height=\"97\" srcset=\"https:\/\/idcserbia.org\/wp-content\/uploads\/2016\/10\/DSC_0252-horz-300x97.jpg 300w, https:\/\/idcserbia.org\/wp-content\/uploads\/2016\/10\/DSC_0252-horz-768x248.jpg 768w, https:\/\/idcserbia.org\/wp-content\/uploads\/2016\/10\/DSC_0252-horz-1024x330.jpg 1024w, https:\/\/idcserbia.org\/wp-content\/uploads\/2016\/10\/DSC_0252-horz-200x65.jpg 200w, https:\/\/idcserbia.org\/wp-content\/uploads\/2016\/10\/DSC_0252-horz.jpg 1940w\" sizes=\"auto, (max-width: 300px) 100vw, 300px\" \/><\/p>\n","protected":false},"excerpt":{"rendered":"<p>IDC at the Youth Empowerment Seminar In Dilijan, Armenia, from October 8th until the 16th of this year, in cooperation with two organizations &#8211; Bratniak from Krakow, Poland, and the Youth Cooperation Center of Dilijan, Armenia, a seminar entitled Youth Empowerment for Change was organized. The seminar was financed by the Polish national agency Erasmus [&hellip;]<\/p>\n","protected":false},"author":2,"featured_media":2286,"comment_status":"closed","ping_status":"closed","sticky":false,"template":"","format":"standard","meta":{"footnotes":""},"categories":[163],"tags":[],"class_list":["post-3332","post","type-post","status-publish","format-standard","has-post-thumbnail","hentry","category-aktuelno-en"],"yoast_head":"<!-- This site is optimized with the Yoast SEO plugin v27.4 - https:\/\/yoast.com\/product\/yoast-seo-wordpress\/ -->\n<title>IDC at the Youth Empowerment Seminar - IDC Serbia<\/title>\n<meta name=\"robots\" content=\"index, follow, max-snippet:-1, max-image-preview:large, max-video-preview:-1\" \/>\n<link rel=\"canonical\" href=\"https:\/\/idcserbia.org\/en\/idc-at-the-youth-empowerment-seminar\/\" \/>\n<meta property=\"og:locale\" content=\"en_US\" \/>\n<meta property=\"og:type\" content=\"article\" \/>\n<meta property=\"og:title\" content=\"IDC at the Youth Empowerment Seminar - IDC Serbia\" \/>\n<meta property=\"og:description\" content=\"IDC at the Youth Empowerment Seminar In Dilijan, Armenia, from October 8th until the 16th of this year, in cooperation with two organizations &#8211; Bratniak from Krakow, Poland, and the Youth Cooperation Center of Dilijan, Armenia, a seminar entitled Youth Empowerment for Change was organized. The seminar was financed by the Polish national agency Erasmus [&hellip;]\" \/>\n<meta property=\"og:url\" content=\"https:\/\/idcserbia.org\/en\/idc-at-the-youth-empowerment-seminar\/\" \/>\n<meta property=\"og:site_name\" content=\"IDC Serbia\" \/>\n<meta property=\"article:publisher\" content=\"https:\/\/www.facebook.com\/idc.serbia\" \/>\n<meta property=\"article:published_time\" content=\"2016-10-25T09:46:30+00:00\" \/>\n<meta property=\"article:modified_time\" content=\"2022-11-24T22:43:26+00:00\" \/>\n<meta property=\"og:image\" content=\"https:\/\/idcserbia.org\/wp-content\/uploads\/2016\/10\/DSC_0525.jpg\" \/>\n\t<meta property=\"og:image:width\" content=\"984\" \/>\n\t<meta property=\"og:image:height\" content=\"652\" \/>\n\t<meta property=\"og:image:type\" content=\"image\/jpeg\" \/>\n<meta name=\"author\" content=\"IDC Serbia\" \/>\n<meta name=\"twitter:card\" content=\"summary_large_image\" \/>\n<meta name=\"twitter:creator\" content=\"@IDCSERBIA\" \/>\n<meta name=\"twitter:site\" content=\"@IDCSERBIA\" \/>\n<meta name=\"twitter:label1\" content=\"Written by\" \/>\n\t<meta name=\"twitter:data1\" content=\"IDC Serbia\" \/>\n\t<meta name=\"twitter:label2\" content=\"Est. reading time\" \/>\n\t<meta name=\"twitter:data2\" content=\"2 minutes\" \/>\n<script type=\"application\/ld+json\" class=\"yoast-schema-graph\">{\"@context\":\"https:\\\/\\\/schema.org\",\"@graph\":[{\"@type\":\"Article\",\"@id\":\"https:\\\/\\\/idcserbia.org\\\/en\\\/idc-at-the-youth-empowerment-seminar\\\/#article\",\"isPartOf\":{\"@id\":\"https:\\\/\\\/idcserbia.org\\\/en\\\/idc-at-the-youth-empowerment-seminar\\\/\"},\"author\":{\"name\":\"IDC Serbia\",\"@id\":\"https:\\\/\\\/idcserbia.org\\\/#\\\/schema\\\/person\\\/9aabc1ee6cfdc5d7234d97fe33b1ff45\"},\"headline\":\"IDC at the Youth Empowerment Seminar\",\"datePublished\":\"2016-10-25T09:46:30+00:00\",\"dateModified\":\"2022-11-24T22:43:26+00:00\",\"mainEntityOfPage\":{\"@id\":\"https:\\\/\\\/idcserbia.org\\\/en\\\/idc-at-the-youth-empowerment-seminar\\\/\"},\"wordCount\":351,\"image\":{\"@id\":\"https:\\\/\\\/idcserbia.org\\\/en\\\/idc-at-the-youth-empowerment-seminar\\\/#primaryimage\"},\"thumbnailUrl\":\"https:\\\/\\\/idcserbia.org\\\/wp-content\\\/uploads\\\/2016\\\/10\\\/DSC_0525.jpg\",\"articleSection\":[\"Actual\"],\"inLanguage\":\"en-US\"},{\"@type\":\"WebPage\",\"@id\":\"https:\\\/\\\/idcserbia.org\\\/en\\\/idc-at-the-youth-empowerment-seminar\\\/\",\"url\":\"https:\\\/\\\/idcserbia.org\\\/en\\\/idc-at-the-youth-empowerment-seminar\\\/\",\"name\":\"IDC at the Youth Empowerment Seminar - IDC Serbia\",\"isPartOf\":{\"@id\":\"https:\\\/\\\/idcserbia.org\\\/#website\"},\"primaryImageOfPage\":{\"@id\":\"https:\\\/\\\/idcserbia.org\\\/en\\\/idc-at-the-youth-empowerment-seminar\\\/#primaryimage\"},\"image\":{\"@id\":\"https:\\\/\\\/idcserbia.org\\\/en\\\/idc-at-the-youth-empowerment-seminar\\\/#primaryimage\"},\"thumbnailUrl\":\"https:\\\/\\\/idcserbia.org\\\/wp-content\\\/uploads\\\/2016\\\/10\\\/DSC_0525.jpg\",\"datePublished\":\"2016-10-25T09:46:30+00:00\",\"dateModified\":\"2022-11-24T22:43:26+00:00\",\"author\":{\"@id\":\"https:\\\/\\\/idcserbia.org\\\/#\\\/schema\\\/person\\\/9aabc1ee6cfdc5d7234d97fe33b1ff45\"},\"breadcrumb\":{\"@id\":\"https:\\\/\\\/idcserbia.org\\\/en\\\/idc-at-the-youth-empowerment-seminar\\\/#breadcrumb\"},\"inLanguage\":\"en-US\",\"potentialAction\":[{\"@type\":\"ReadAction\",\"target\":[\"https:\\\/\\\/idcserbia.org\\\/en\\\/idc-at-the-youth-empowerment-seminar\\\/\"]}]},{\"@type\":\"ImageObject\",\"inLanguage\":\"en-US\",\"@id\":\"https:\\\/\\\/idcserbia.org\\\/en\\\/idc-at-the-youth-empowerment-seminar\\\/#primaryimage\",\"url\":\"https:\\\/\\\/idcserbia.org\\\/wp-content\\\/uploads\\\/2016\\\/10\\\/DSC_0525.jpg\",\"contentUrl\":\"https:\\\/\\\/idcserbia.org\\\/wp-content\\\/uploads\\\/2016\\\/10\\\/DSC_0525.jpg\",\"width\":984,\"height\":652},{\"@type\":\"BreadcrumbList\",\"@id\":\"https:\\\/\\\/idcserbia.org\\\/en\\\/idc-at-the-youth-empowerment-seminar\\\/#breadcrumb\",\"itemListElement\":[{\"@type\":\"ListItem\",\"position\":1,\"name\":\"Home\",\"item\":\"https:\\\/\\\/idcserbia.org\\\/en\\\/\"},{\"@type\":\"ListItem\",\"position\":2,\"name\":\"IDC at the Youth Empowerment Seminar\"}]},{\"@type\":\"WebSite\",\"@id\":\"https:\\\/\\\/idcserbia.org\\\/#website\",\"url\":\"https:\\\/\\\/idcserbia.org\\\/\",\"name\":\"IDC Serbia\",\"description\":\"Association of Citizens Initiative for Development and Cooperation\\r\\n\",\"potentialAction\":[{\"@type\":\"SearchAction\",\"target\":{\"@type\":\"EntryPoint\",\"urlTemplate\":\"https:\\\/\\\/idcserbia.org\\\/?s={search_term_string}\"},\"query-input\":{\"@type\":\"PropertyValueSpecification\",\"valueRequired\":true,\"valueName\":\"search_term_string\"}}],\"inLanguage\":\"en-US\"},{\"@type\":\"Person\",\"@id\":\"https:\\\/\\\/idcserbia.org\\\/#\\\/schema\\\/person\\\/9aabc1ee6cfdc5d7234d97fe33b1ff45\",\"name\":\"IDC Serbia\",\"url\":\"https:\\\/\\\/idcserbia.org\\\/en\\\/author\\\/idc-serbia\\\/\"}]}<\/script>\n<!-- \/ Yoast SEO plugin. -->","yoast_head_json":{"title":"IDC at the Youth Empowerment Seminar - IDC Serbia","robots":{"index":"index","follow":"follow","max-snippet":"max-snippet:-1","max-image-preview":"max-image-preview:large","max-video-preview":"max-video-preview:-1"},"canonical":"https:\/\/idcserbia.org\/en\/idc-at-the-youth-empowerment-seminar\/","og_locale":"en_US","og_type":"article","og_title":"IDC at the Youth Empowerment Seminar - IDC Serbia","og_description":"IDC at the Youth Empowerment Seminar In Dilijan, Armenia, from October 8th until the 16th of this year, in cooperation with two organizations &#8211; Bratniak from Krakow, Poland, and the Youth Cooperation Center of Dilijan, Armenia, a seminar entitled Youth Empowerment for Change was organized. The seminar was financed by the Polish national agency Erasmus [&hellip;]","og_url":"https:\/\/idcserbia.org\/en\/idc-at-the-youth-empowerment-seminar\/","og_site_name":"IDC Serbia","article_publisher":"https:\/\/www.facebook.com\/idc.serbia","article_published_time":"2016-10-25T09:46:30+00:00","article_modified_time":"2022-11-24T22:43:26+00:00","og_image":[{"width":984,"height":652,"url":"https:\/\/idcserbia.org\/wp-content\/uploads\/2016\/10\/DSC_0525.jpg","type":"image\/jpeg"}],"author":"IDC Serbia","twitter_card":"summary_large_image","twitter_creator":"@IDCSERBIA","twitter_site":"@IDCSERBIA","twitter_misc":{"Written by":"IDC Serbia","Est. reading time":"2 minutes"},"schema":{"@context":"https:\/\/schema.org","@graph":[{"@type":"Article","@id":"https:\/\/idcserbia.org\/en\/idc-at-the-youth-empowerment-seminar\/#article","isPartOf":{"@id":"https:\/\/idcserbia.org\/en\/idc-at-the-youth-empowerment-seminar\/"},"author":{"name":"IDC Serbia","@id":"https:\/\/idcserbia.org\/#\/schema\/person\/9aabc1ee6cfdc5d7234d97fe33b1ff45"},"headline":"IDC at the Youth Empowerment Seminar","datePublished":"2016-10-25T09:46:30+00:00","dateModified":"2022-11-24T22:43:26+00:00","mainEntityOfPage":{"@id":"https:\/\/idcserbia.org\/en\/idc-at-the-youth-empowerment-seminar\/"},"wordCount":351,"image":{"@id":"https:\/\/idcserbia.org\/en\/idc-at-the-youth-empowerment-seminar\/#primaryimage"},"thumbnailUrl":"https:\/\/idcserbia.org\/wp-content\/uploads\/2016\/10\/DSC_0525.jpg","articleSection":["Actual"],"inLanguage":"en-US"},{"@type":"WebPage","@id":"https:\/\/idcserbia.org\/en\/idc-at-the-youth-empowerment-seminar\/","url":"https:\/\/idcserbia.org\/en\/idc-at-the-youth-empowerment-seminar\/","name":"IDC at the Youth Empowerment Seminar - IDC Serbia","isPartOf":{"@id":"https:\/\/idcserbia.org\/#website"},"primaryImageOfPage":{"@id":"https:\/\/idcserbia.org\/en\/idc-at-the-youth-empowerment-seminar\/#primaryimage"},"image":{"@id":"https:\/\/idcserbia.org\/en\/idc-at-the-youth-empowerment-seminar\/#primaryimage"},"thumbnailUrl":"https:\/\/idcserbia.org\/wp-content\/uploads\/2016\/10\/DSC_0525.jpg","datePublished":"2016-10-25T09:46:30+00:00","dateModified":"2022-11-24T22:43:26+00:00","author":{"@id":"https:\/\/idcserbia.org\/#\/schema\/person\/9aabc1ee6cfdc5d7234d97fe33b1ff45"},"breadcrumb":{"@id":"https:\/\/idcserbia.org\/en\/idc-at-the-youth-empowerment-seminar\/#breadcrumb"},"inLanguage":"en-US","potentialAction":[{"@type":"ReadAction","target":["https:\/\/idcserbia.org\/en\/idc-at-the-youth-empowerment-seminar\/"]}]},{"@type":"ImageObject","inLanguage":"en-US","@id":"https:\/\/idcserbia.org\/en\/idc-at-the-youth-empowerment-seminar\/#primaryimage","url":"https:\/\/idcserbia.org\/wp-content\/uploads\/2016\/10\/DSC_0525.jpg","contentUrl":"https:\/\/idcserbia.org\/wp-content\/uploads\/2016\/10\/DSC_0525.jpg","width":984,"height":652},{"@type":"BreadcrumbList","@id":"https:\/\/idcserbia.org\/en\/idc-at-the-youth-empowerment-seminar\/#breadcrumb","itemListElement":[{"@type":"ListItem","position":1,"name":"Home","item":"https:\/\/idcserbia.org\/en\/"},{"@type":"ListItem","position":2,"name":"IDC at the Youth Empowerment Seminar"}]},{"@type":"WebSite","@id":"https:\/\/idcserbia.org\/#website","url":"https:\/\/idcserbia.org\/","name":"IDC Serbia","description":"Association of Citizens Initiative for Development and Cooperation\r\n","potentialAction":[{"@type":"SearchAction","target":{"@type":"EntryPoint","urlTemplate":"https:\/\/idcserbia.org\/?s={search_term_string}"},"query-input":{"@type":"PropertyValueSpecification","valueRequired":true,"valueName":"search_term_string"}}],"inLanguage":"en-US"},{"@type":"Person","@id":"https:\/\/idcserbia.org\/#\/schema\/person\/9aabc1ee6cfdc5d7234d97fe33b1ff45","name":"IDC Serbia","url":"https:\/\/idcserbia.org\/en\/author\/idc-serbia\/"}]}},"_links":{"self":[{"href":"https:\/\/idcserbia.org\/en\/wp-json\/wp\/v2\/posts\/3332","targetHints":{"allow":["GET"]}}],"collection":[{"href":"https:\/\/idcserbia.org\/en\/wp-json\/wp\/v2\/posts"}],"about":[{"href":"https:\/\/idcserbia.org\/en\/wp-json\/wp\/v2\/types\/post"}],"author":[{"embeddable":true,"href":"https:\/\/idcserbia.org\/en\/wp-json\/wp\/v2\/users\/2"}],"replies":[{"embeddable":true,"href":"https:\/\/idcserbia.org\/en\/wp-json\/wp\/v2\/comments?post=3332"}],"version-history":[{"count":1,"href":"https:\/\/idcserbia.org\/en\/wp-json\/wp\/v2\/posts\/3332\/revisions"}],"predecessor-version":[{"id":3335,"href":"https:\/\/idcserbia.org\/en\/wp-json\/wp\/v2\/posts\/3332\/revisions\/3335"}],"wp:featuredmedia":[{"embeddable":true,"href":"https:\/\/idcserbia.org\/en\/wp-json\/wp\/v2\/media\/2286"}],"wp:attachment":[{"href":"https:\/\/idcserbia.org\/en\/wp-json\/wp\/v2\/media?parent=3332"}],"wp:term":[{"taxonomy":"category","embeddable":true,"href":"https:\/\/idcserbia.org\/en\/wp-json\/wp\/v2\/categories?post=3332"},{"taxonomy":"post_tag","embeddable":true,"href":"https:\/\/idcserbia.org\/en\/wp-json\/wp\/v2\/tags?post=3332"}],"curies":[{"name":"wp","href":"https:\/\/api.w.org\/{rel}","templated":true}]}}