{"id":3374,"date":"2018-03-01T10:11:06","date_gmt":"2018-03-01T09:11:06","guid":{"rendered":"http:\/\/idcserbia.org\/en\/?p=3374"},"modified":"2018-03-05T10:19:48","modified_gmt":"2018-03-05T09:19:48","slug":"idc-volunteers-raising-awareness-on-zero-discrimination-in-provision-of-health-services","status":"publish","type":"post","link":"https:\/\/idcserbia.org\/en\/idc-volunteers-raising-awareness-on-zero-discrimination-in-provision-of-health-services\/","title":{"rendered":"IDC volunteers raising awareness on Zero Discrimination in provision of health services"},"content":{"rendered":"<div id=\"s-share-buttons\" class=\"horizontal-w-c-circular s-share-w-c\"><a href=\"http:\/\/www.facebook.com\/sharer.php?u=https:\/\/idcserbia.org\/en\/idc-volunteers-raising-awareness-on-zero-discrimination-in-provision-of-health-services\/\" target=\"_blank\" title=\"Share to Facebook\" class=\"s3-facebook hint--top\"><\/a><a href=\"http:\/\/twitter.com\/intent\/tweet?text=IDC volunteers raising awareness on Zero Discrimination in provision of health services&url=https:\/\/idcserbia.org\/en\/idc-volunteers-raising-awareness-on-zero-discrimination-in-provision-of-health-services\/\" target=\"_blank\"  title=\"Share to Twitter\" class=\"s3-twitter hint--top\"><\/a><a href=\"http:\/\/www.linkedin.com\/shareArticle?mini=true&url=https:\/\/idcserbia.org\/en\/idc-volunteers-raising-awareness-on-zero-discrimination-in-provision-of-health-services\/\" target=\"_blank\" title=\"Share to LinkedIn\" class=\"s3-linkedin hint--top\"><\/a><a href=\"mailto:?Subject=IDC%20volunteers%20raising%20awareness%20on%20Zero%20Discrimination%20in%20provision%20of%20health%20services&Body=Here%20is%20the%20link%20to%20the%20article:%20https:\/\/idcserbia.org\/en\/idc-volunteers-raising-awareness-on-zero-discrimination-in-provision-of-health-services\/\" title=\"Email this article\" class=\"s3-email hint--top\"><\/a><\/div><h3><span id=\"result_box\" class=\"\" lang=\"en\"><span class=\"\">IDC volunteers paid attention to the importance of combating discrimination in access to health services on the occasion of the World\u00a0 Zero Discrimination Tolerance day.<\/span><\/span><\/h3>\n<p><span id=\"result_box\" class=\"\" lang=\"en\"><span title=\"Na\u0161i volonteri izdvojili su neke od osnovnih informacija koje imaju za cij da pomognu svakome da razume specifi\u010dnosti kojie uti\u010du na pristup zdravstvenoj za\u0161titi za izbeglice i migrante, i prikazali na\u0161e dosada\u0161nje napore da doprinesemo dostupnosti i kvalitetu zdravstvene za\u0161tite za migrante koji se nalaze na putu kroz Srbiju\"><img loading=\"lazy\" decoding=\"async\" class=\"alignleft  wp-image-3370\" src=\"http:\/\/idcserbia.org\/wp-content\/uploads\/2018\/03\/zero-Medium-125x300.png\" alt=\"\" width=\"211\" height=\"507\" srcset=\"https:\/\/idcserbia.org\/wp-content\/uploads\/2018\/03\/zero-Medium-125x300.png 125w, https:\/\/idcserbia.org\/wp-content\/uploads\/2018\/03\/zero-Medium-426x1024.png 426w, https:\/\/idcserbia.org\/wp-content\/uploads\/2018\/03\/zero-Medium-200x481.png 200w, https:\/\/idcserbia.org\/wp-content\/uploads\/2018\/03\/zero-Medium.png 568w\" sizes=\"auto, (max-width: 211px) 100vw, 211px\" \/><\/span><\/span><\/p>\n<p><span id=\"result_box\" class=\"\" lang=\"en\"><span title=\"U kontekstu krize socijalne dr\u017eave, zdravstvo je jedna od sfera koja se ubrzano transformi\u0161e, a prema zapa\u017eanjima na\u0161ih volontera ova transforamcija odvija se sve vi\u0161e na \u0161tetu samih korisnika, kako po pitanju efikasnosti, tako i po pitanju pristupa\u010dnosti.\">In the context of the crisis of the welfare state, health is one of the spheres that has been rapidly<\/span><\/span><span id=\"result_box\" class=\"\" lang=\"en\"><span title=\"U kontekstu krize socijalne dr\u017eave, zdravstvo je jedna od sfera koja se ubrzano transformi\u0161e, a prema zapa\u017eanjima na\u0161ih volontera ova transforamcija odvija se sve vi\u0161e na \u0161tetu samih korisnika, kako po pitanju efikasnosti, tako i po pitanju pristupa\u010dnosti.\"> transforming, and according to the observations of our volunteers, this transformation is negatively affecting mainly beneficiaries, both in terms of efficiency and accessibility of the services. <\/span><span title=\"Pristup zdravstvenim uslugama je relevantno i opravdano pitanje kaada se govori o napretku i borbi za jednakost u savremenom dru\u0161tvu.\">Access to health services is a relevant and justified question when talking about progress and the struggle for equality in contemporary society. <\/span><span title=\"Za ljude u izbegli\u0161tvu pristup zdravstvenim uslugama dodatno je ote\u017ean.\">For refugee people, access to health services is further complicated. <\/span><span title=\"Pristupa\u010dna i adekvatna zdravstvena za\u0161tita za ljude koji su usled konflikta ili drugih razloga bili primorani da napuste svoje domove, pitanje je demokrati\u010dnosti i nivoa solidarnosti i razvijenosti \u010ditavog dru\u0161tva, a pogotovu dr\u017eava i lokalnih zajednica koje primaju izbegle i raseljene.\n\n\">Affordable and adequate health care for people who were forced to flee their homes due to conflict or other reasons, is a question of democracy and the level of solidarity and development of the whole society, but especially the receiving state and local communities.<\/p>\n<p><\/span><span title=\"Na\u0161i volonteri izdvojili su neke od osnovnih informacija koje imaju za cij da pomognu svakome da razume specifi\u010dnosti kojie uti\u010du na pristup zdravstvenoj za\u0161titi za izbeglice i migrante, i prikazali na\u0161e dosada\u0161nje napore da doprinesemo dostupnosti i kvalitetu zdravstvene za\u0161tite za migrante koji se nalaze na putu kroz Srbiju\">Our volunteers have identified some of the basic information that raise awareness on the obstacles to the equal access to healthcare for refugees and migrants, and demonstrated our previous efforts to contribute to the accessibility and quality of health care for migrants on the route through Serbia\u00a0<\/span><\/span><\/p>\n","protected":false},"excerpt":{"rendered":"<p>IDC volunteers paid attention to the importance of combating discrimination in access to health services on the occasion of the World\u00a0 Zero Discrimination Tolerance day. In the context of the crisis of the welfare state, health is one of the spheres that has been rapidly transforming, and according to the observations of our volunteers, this [&hellip;]<\/p>\n","protected":false},"author":2,"featured_media":0,"comment_status":"closed","ping_status":"closed","sticky":false,"template":"","format":"standard","meta":{"footnotes":""},"categories":[163],"tags":[165],"class_list":["post-3374","post","type-post","status-publish","format-standard","hentry","category-aktuelno-en","tag-medicalservices-zerodiscriminationday"],"yoast_head":"<!-- This site is optimized with the Yoast SEO plugin v27.4 - https:\/\/yoast.com\/product\/yoast-seo-wordpress\/ -->\n<title>IDC volunteers raising awareness on Zero Discrimination in provision of health services - IDC Serbia<\/title>\n<meta name=\"robots\" content=\"index, follow, max-snippet:-1, max-image-preview:large, max-video-preview:-1\" \/>\n<link rel=\"canonical\" href=\"https:\/\/idcserbia.org\/en\/idc-volunteers-raising-awareness-on-zero-discrimination-in-provision-of-health-services\/\" \/>\n<meta property=\"og:locale\" content=\"en_US\" \/>\n<meta property=\"og:type\" content=\"article\" \/>\n<meta property=\"og:title\" content=\"IDC volunteers raising awareness on Zero Discrimination in provision of health services - IDC Serbia\" \/>\n<meta property=\"og:description\" content=\"IDC volunteers paid attention to the importance of combating discrimination in access to health services on the occasion of the World\u00a0 Zero Discrimination Tolerance day. In the context of the crisis of the welfare state, health is one of the spheres that has been rapidly transforming, and according to the observations of our volunteers, this [&hellip;]\" \/>\n<meta property=\"og:url\" content=\"https:\/\/idcserbia.org\/en\/idc-volunteers-raising-awareness-on-zero-discrimination-in-provision-of-health-services\/\" \/>\n<meta property=\"og:site_name\" content=\"IDC Serbia\" \/>\n<meta property=\"article:publisher\" content=\"https:\/\/www.facebook.com\/idc.serbia\" \/>\n<meta property=\"article:published_time\" content=\"2018-03-01T09:11:06+00:00\" \/>\n<meta property=\"article:modified_time\" content=\"2018-03-05T09:19:48+00:00\" \/>\n<meta property=\"og:image\" content=\"http:\/\/idcserbia.org\/wp-content\/uploads\/2018\/03\/zero-Medium-125x300.png\" \/>\n<meta name=\"author\" content=\"IDC Serbia\" \/>\n<meta name=\"twitter:card\" content=\"summary_large_image\" \/>\n<meta name=\"twitter:creator\" content=\"@IDCSERBIA\" \/>\n<meta name=\"twitter:site\" content=\"@IDCSERBIA\" \/>\n<meta name=\"twitter:label1\" content=\"Written by\" \/>\n\t<meta name=\"twitter:data1\" content=\"IDC Serbia\" \/>\n\t<meta name=\"twitter:label2\" content=\"Est. reading time\" \/>\n\t<meta name=\"twitter:data2\" content=\"1 minute\" \/>\n<script type=\"application\/ld+json\" class=\"yoast-schema-graph\">{\"@context\":\"https:\\\/\\\/schema.org\",\"@graph\":[{\"@type\":\"Article\",\"@id\":\"https:\\\/\\\/idcserbia.org\\\/en\\\/idc-volunteers-raising-awareness-on-zero-discrimination-in-provision-of-health-services\\\/#article\",\"isPartOf\":{\"@id\":\"https:\\\/\\\/idcserbia.org\\\/en\\\/idc-volunteers-raising-awareness-on-zero-discrimination-in-provision-of-health-services\\\/\"},\"author\":{\"name\":\"IDC Serbia\",\"@id\":\"https:\\\/\\\/idcserbia.org\\\/#\\\/schema\\\/person\\\/9aabc1ee6cfdc5d7234d97fe33b1ff45\"},\"headline\":\"IDC volunteers raising awareness on Zero Discrimination in provision of health services\",\"datePublished\":\"2018-03-01T09:11:06+00:00\",\"dateModified\":\"2018-03-05T09:19:48+00:00\",\"mainEntityOfPage\":{\"@id\":\"https:\\\/\\\/idcserbia.org\\\/en\\\/idc-volunteers-raising-awareness-on-zero-discrimination-in-provision-of-health-services\\\/\"},\"wordCount\":206,\"image\":{\"@id\":\"https:\\\/\\\/idcserbia.org\\\/en\\\/idc-volunteers-raising-awareness-on-zero-discrimination-in-provision-of-health-services\\\/#primaryimage\"},\"thumbnailUrl\":\"http:\\\/\\\/idcserbia.org\\\/wp-content\\\/uploads\\\/2018\\\/03\\\/zero-Medium-125x300.png\",\"keywords\":[\"#medicalservices #zerodiscriminationday\"],\"articleSection\":[\"Actual\"],\"inLanguage\":\"en-US\"},{\"@type\":\"WebPage\",\"@id\":\"https:\\\/\\\/idcserbia.org\\\/en\\\/idc-volunteers-raising-awareness-on-zero-discrimination-in-provision-of-health-services\\\/\",\"url\":\"https:\\\/\\\/idcserbia.org\\\/en\\\/idc-volunteers-raising-awareness-on-zero-discrimination-in-provision-of-health-services\\\/\",\"name\":\"IDC volunteers raising awareness on Zero Discrimination in provision of health services - IDC Serbia\",\"isPartOf\":{\"@id\":\"https:\\\/\\\/idcserbia.org\\\/#website\"},\"primaryImageOfPage\":{\"@id\":\"https:\\\/\\\/idcserbia.org\\\/en\\\/idc-volunteers-raising-awareness-on-zero-discrimination-in-provision-of-health-services\\\/#primaryimage\"},\"image\":{\"@id\":\"https:\\\/\\\/idcserbia.org\\\/en\\\/idc-volunteers-raising-awareness-on-zero-discrimination-in-provision-of-health-services\\\/#primaryimage\"},\"thumbnailUrl\":\"http:\\\/\\\/idcserbia.org\\\/wp-content\\\/uploads\\\/2018\\\/03\\\/zero-Medium-125x300.png\",\"datePublished\":\"2018-03-01T09:11:06+00:00\",\"dateModified\":\"2018-03-05T09:19:48+00:00\",\"author\":{\"@id\":\"https:\\\/\\\/idcserbia.org\\\/#\\\/schema\\\/person\\\/9aabc1ee6cfdc5d7234d97fe33b1ff45\"},\"breadcrumb\":{\"@id\":\"https:\\\/\\\/idcserbia.org\\\/en\\\/idc-volunteers-raising-awareness-on-zero-discrimination-in-provision-of-health-services\\\/#breadcrumb\"},\"inLanguage\":\"en-US\",\"potentialAction\":[{\"@type\":\"ReadAction\",\"target\":[\"https:\\\/\\\/idcserbia.org\\\/en\\\/idc-volunteers-raising-awareness-on-zero-discrimination-in-provision-of-health-services\\\/\"]}]},{\"@type\":\"ImageObject\",\"inLanguage\":\"en-US\",\"@id\":\"https:\\\/\\\/idcserbia.org\\\/en\\\/idc-volunteers-raising-awareness-on-zero-discrimination-in-provision-of-health-services\\\/#primaryimage\",\"url\":\"http:\\\/\\\/idcserbia.org\\\/wp-content\\\/uploads\\\/2018\\\/03\\\/zero-Medium-125x300.png\",\"contentUrl\":\"http:\\\/\\\/idcserbia.org\\\/wp-content\\\/uploads\\\/2018\\\/03\\\/zero-Medium-125x300.png\"},{\"@type\":\"BreadcrumbList\",\"@id\":\"https:\\\/\\\/idcserbia.org\\\/en\\\/idc-volunteers-raising-awareness-on-zero-discrimination-in-provision-of-health-services\\\/#breadcrumb\",\"itemListElement\":[{\"@type\":\"ListItem\",\"position\":1,\"name\":\"Home\",\"item\":\"https:\\\/\\\/idcserbia.org\\\/en\\\/\"},{\"@type\":\"ListItem\",\"position\":2,\"name\":\"IDC volunteers raising awareness on Zero Discrimination in provision of health services\"}]},{\"@type\":\"WebSite\",\"@id\":\"https:\\\/\\\/idcserbia.org\\\/#website\",\"url\":\"https:\\\/\\\/idcserbia.org\\\/\",\"name\":\"IDC Serbia\",\"description\":\"Association of Citizens Initiative for Development and Cooperation\\r\\n\",\"potentialAction\":[{\"@type\":\"SearchAction\",\"target\":{\"@type\":\"EntryPoint\",\"urlTemplate\":\"https:\\\/\\\/idcserbia.org\\\/?s={search_term_string}\"},\"query-input\":{\"@type\":\"PropertyValueSpecification\",\"valueRequired\":true,\"valueName\":\"search_term_string\"}}],\"inLanguage\":\"en-US\"},{\"@type\":\"Person\",\"@id\":\"https:\\\/\\\/idcserbia.org\\\/#\\\/schema\\\/person\\\/9aabc1ee6cfdc5d7234d97fe33b1ff45\",\"name\":\"IDC Serbia\",\"url\":\"https:\\\/\\\/idcserbia.org\\\/en\\\/author\\\/idc-serbia\\\/\"}]}<\/script>\n<!-- \/ Yoast SEO plugin. -->","yoast_head_json":{"title":"IDC volunteers raising awareness on Zero Discrimination in provision of health services - IDC Serbia","robots":{"index":"index","follow":"follow","max-snippet":"max-snippet:-1","max-image-preview":"max-image-preview:large","max-video-preview":"max-video-preview:-1"},"canonical":"https:\/\/idcserbia.org\/en\/idc-volunteers-raising-awareness-on-zero-discrimination-in-provision-of-health-services\/","og_locale":"en_US","og_type":"article","og_title":"IDC volunteers raising awareness on Zero Discrimination in provision of health services - IDC Serbia","og_description":"IDC volunteers paid attention to the importance of combating discrimination in access to health services on the occasion of the World\u00a0 Zero Discrimination Tolerance day. In the context of the crisis of the welfare state, health is one of the spheres that has been rapidly transforming, and according to the observations of our volunteers, this [&hellip;]","og_url":"https:\/\/idcserbia.org\/en\/idc-volunteers-raising-awareness-on-zero-discrimination-in-provision-of-health-services\/","og_site_name":"IDC Serbia","article_publisher":"https:\/\/www.facebook.com\/idc.serbia","article_published_time":"2018-03-01T09:11:06+00:00","article_modified_time":"2018-03-05T09:19:48+00:00","og_image":[{"url":"http:\/\/idcserbia.org\/wp-content\/uploads\/2018\/03\/zero-Medium-125x300.png","type":"","width":"","height":""}],"author":"IDC Serbia","twitter_card":"summary_large_image","twitter_creator":"@IDCSERBIA","twitter_site":"@IDCSERBIA","twitter_misc":{"Written by":"IDC Serbia","Est. reading time":"1 minute"},"schema":{"@context":"https:\/\/schema.org","@graph":[{"@type":"Article","@id":"https:\/\/idcserbia.org\/en\/idc-volunteers-raising-awareness-on-zero-discrimination-in-provision-of-health-services\/#article","isPartOf":{"@id":"https:\/\/idcserbia.org\/en\/idc-volunteers-raising-awareness-on-zero-discrimination-in-provision-of-health-services\/"},"author":{"name":"IDC Serbia","@id":"https:\/\/idcserbia.org\/#\/schema\/person\/9aabc1ee6cfdc5d7234d97fe33b1ff45"},"headline":"IDC volunteers raising awareness on Zero Discrimination in provision of health services","datePublished":"2018-03-01T09:11:06+00:00","dateModified":"2018-03-05T09:19:48+00:00","mainEntityOfPage":{"@id":"https:\/\/idcserbia.org\/en\/idc-volunteers-raising-awareness-on-zero-discrimination-in-provision-of-health-services\/"},"wordCount":206,"image":{"@id":"https:\/\/idcserbia.org\/en\/idc-volunteers-raising-awareness-on-zero-discrimination-in-provision-of-health-services\/#primaryimage"},"thumbnailUrl":"http:\/\/idcserbia.org\/wp-content\/uploads\/2018\/03\/zero-Medium-125x300.png","keywords":["#medicalservices #zerodiscriminationday"],"articleSection":["Actual"],"inLanguage":"en-US"},{"@type":"WebPage","@id":"https:\/\/idcserbia.org\/en\/idc-volunteers-raising-awareness-on-zero-discrimination-in-provision-of-health-services\/","url":"https:\/\/idcserbia.org\/en\/idc-volunteers-raising-awareness-on-zero-discrimination-in-provision-of-health-services\/","name":"IDC volunteers raising awareness on Zero Discrimination in provision of health services - IDC Serbia","isPartOf":{"@id":"https:\/\/idcserbia.org\/#website"},"primaryImageOfPage":{"@id":"https:\/\/idcserbia.org\/en\/idc-volunteers-raising-awareness-on-zero-discrimination-in-provision-of-health-services\/#primaryimage"},"image":{"@id":"https:\/\/idcserbia.org\/en\/idc-volunteers-raising-awareness-on-zero-discrimination-in-provision-of-health-services\/#primaryimage"},"thumbnailUrl":"http:\/\/idcserbia.org\/wp-content\/uploads\/2018\/03\/zero-Medium-125x300.png","datePublished":"2018-03-01T09:11:06+00:00","dateModified":"2018-03-05T09:19:48+00:00","author":{"@id":"https:\/\/idcserbia.org\/#\/schema\/person\/9aabc1ee6cfdc5d7234d97fe33b1ff45"},"breadcrumb":{"@id":"https:\/\/idcserbia.org\/en\/idc-volunteers-raising-awareness-on-zero-discrimination-in-provision-of-health-services\/#breadcrumb"},"inLanguage":"en-US","potentialAction":[{"@type":"ReadAction","target":["https:\/\/idcserbia.org\/en\/idc-volunteers-raising-awareness-on-zero-discrimination-in-provision-of-health-services\/"]}]},{"@type":"ImageObject","inLanguage":"en-US","@id":"https:\/\/idcserbia.org\/en\/idc-volunteers-raising-awareness-on-zero-discrimination-in-provision-of-health-services\/#primaryimage","url":"http:\/\/idcserbia.org\/wp-content\/uploads\/2018\/03\/zero-Medium-125x300.png","contentUrl":"http:\/\/idcserbia.org\/wp-content\/uploads\/2018\/03\/zero-Medium-125x300.png"},{"@type":"BreadcrumbList","@id":"https:\/\/idcserbia.org\/en\/idc-volunteers-raising-awareness-on-zero-discrimination-in-provision-of-health-services\/#breadcrumb","itemListElement":[{"@type":"ListItem","position":1,"name":"Home","item":"https:\/\/idcserbia.org\/en\/"},{"@type":"ListItem","position":2,"name":"IDC volunteers raising awareness on Zero Discrimination in provision of health services"}]},{"@type":"WebSite","@id":"https:\/\/idcserbia.org\/#website","url":"https:\/\/idcserbia.org\/","name":"IDC Serbia","description":"Association of Citizens Initiative for Development and Cooperation\r\n","potentialAction":[{"@type":"SearchAction","target":{"@type":"EntryPoint","urlTemplate":"https:\/\/idcserbia.org\/?s={search_term_string}"},"query-input":{"@type":"PropertyValueSpecification","valueRequired":true,"valueName":"search_term_string"}}],"inLanguage":"en-US"},{"@type":"Person","@id":"https:\/\/idcserbia.org\/#\/schema\/person\/9aabc1ee6cfdc5d7234d97fe33b1ff45","name":"IDC Serbia","url":"https:\/\/idcserbia.org\/en\/author\/idc-serbia\/"}]}},"_links":{"self":[{"href":"https:\/\/idcserbia.org\/en\/wp-json\/wp\/v2\/posts\/3374","targetHints":{"allow":["GET"]}}],"collection":[{"href":"https:\/\/idcserbia.org\/en\/wp-json\/wp\/v2\/posts"}],"about":[{"href":"https:\/\/idcserbia.org\/en\/wp-json\/wp\/v2\/types\/post"}],"author":[{"embeddable":true,"href":"https:\/\/idcserbia.org\/en\/wp-json\/wp\/v2\/users\/2"}],"replies":[{"embeddable":true,"href":"https:\/\/idcserbia.org\/en\/wp-json\/wp\/v2\/comments?post=3374"}],"version-history":[{"count":2,"href":"https:\/\/idcserbia.org\/en\/wp-json\/wp\/v2\/posts\/3374\/revisions"}],"predecessor-version":[{"id":3376,"href":"https:\/\/idcserbia.org\/en\/wp-json\/wp\/v2\/posts\/3374\/revisions\/3376"}],"wp:attachment":[{"href":"https:\/\/idcserbia.org\/en\/wp-json\/wp\/v2\/media?parent=3374"}],"wp:term":[{"taxonomy":"category","embeddable":true,"href":"https:\/\/idcserbia.org\/en\/wp-json\/wp\/v2\/categories?post=3374"},{"taxonomy":"post_tag","embeddable":true,"href":"https:\/\/idcserbia.org\/en\/wp-json\/wp\/v2\/tags?post=3374"}],"curies":[{"name":"wp","href":"https:\/\/api.w.org\/{rel}","templated":true}]}}