{"id":3423,"date":"2018-04-21T08:57:07","date_gmt":"2018-04-21T06:57:07","guid":{"rendered":"http:\/\/idcserbia.org\/en\/?p=3423"},"modified":"2018-04-21T10:08:37","modified_gmt":"2018-04-21T08:08:37","slug":"social-enterprenuership-fair-in-novi-pazar","status":"publish","type":"post","link":"https:\/\/idcserbia.org\/en\/social-enterprenuership-fair-in-novi-pazar\/","title":{"rendered":"Social enterprenuership fair in Novi Pazar"},"content":{"rendered":"<div id=\"s-share-buttons\" class=\"horizontal-w-c-circular s-share-w-c\"><a href=\"http:\/\/www.facebook.com\/sharer.php?u=https:\/\/idcserbia.org\/en\/social-enterprenuership-fair-in-novi-pazar\/\" target=\"_blank\" title=\"Share to Facebook\" class=\"s3-facebook hint--top\"><\/a><a href=\"http:\/\/twitter.com\/intent\/tweet?text=Social enterprenuership fair in Novi Pazar&url=https:\/\/idcserbia.org\/en\/social-enterprenuership-fair-in-novi-pazar\/\" target=\"_blank\"  title=\"Share to Twitter\" class=\"s3-twitter hint--top\"><\/a><a href=\"http:\/\/www.linkedin.com\/shareArticle?mini=true&url=https:\/\/idcserbia.org\/en\/social-enterprenuership-fair-in-novi-pazar\/\" target=\"_blank\" title=\"Share to LinkedIn\" class=\"s3-linkedin hint--top\"><\/a><a href=\"mailto:?Subject=Social%20enterprenuership%20fair%20in%20Novi%20Pazar&Body=Here%20is%20the%20link%20to%20the%20article:%20https:\/\/idcserbia.org\/en\/social-enterprenuership-fair-in-novi-pazar\/\" title=\"Email this article\" class=\"s3-email hint--top\"><\/a><\/div><div id=\"gt-res-content\">\n<p id=\"gt-res-dir-ctr\" class=\"trans-verified-button-small\" dir=\"ltr\"><span id=\"result_box\" class=\"\" lang=\"en\"><span title=\"Kao deo projekta Novi Pazar \u2013 Novi poslovi, IDC je u saradnji sa Gradom Novim Pazarom i Regionalnom Razvojnom Agencijom Sand\u017eaka \u2013 SEDA organizovao Sajam socijalnog preduzetni\u0161tva.\">Within the project <a href=\"http:\/\/idcserbia.org\/en\/projekti\/novi-pazar-new-jobs\/\">Novi Pazar &#8211; New Jobs<\/a> , IDC organized the Social Entrepreneurship Fair in cooperation with the <a href=\"https:\/\/www.novipazar.rs\/\">City of Novi Pazar<\/a> and the <a href=\"http:\/\/seda.org.rs\/\">Regional Development Agency Sandzak &#8211; SEDA<\/a> . <\/span><span title=\"Projekat Novi Pazar Novi poslovi i sajam socijalnog preduzetni\u0161tva podr\u017eani su od strane Nema\u010dke kancelarije za medjunarodnu saradnju i GIZ.\n\">Novi Pazar Project New jobs and social entrepreneurship fairs have been supported by the <a href=\"http:\/\/www.belgrad.diplo.de\/Vertretung\/belgrad\/sr\/05\/Wirtschaftliche__Zusammenarbeit\/Wirtschaftliche__Zusammenarbeit.html\">German Office for International Cooperation<\/a> and <a href=\"https:\/\/www.giz.de\/en\/html\/index.html\">GIZ<\/a>.<\/span><\/span><\/p>\n<p class=\"trans-verified-button-small\" dir=\"ltr\"><span id=\"result_box\" class=\"\" lang=\"en\"><span title=\"Projekat Novi Pazar Novi poslovi i sajam socijalnog preduzetni\u0161tva podr\u017eani su od strane Nema\u010dke kancelarije za medjunarodnu saradnju i GIZ.\n\"><img loading=\"lazy\" decoding=\"async\" class=\"alignleft size-medium wp-image-3398\" src=\"http:\/\/idcserbia.org\/wp-content\/uploads\/2018\/04\/IMG_7134-Medium-300x200.jpg\" alt=\"\" width=\"300\" height=\"200\" srcset=\"https:\/\/idcserbia.org\/wp-content\/uploads\/2018\/04\/IMG_7134-Medium-300x200.jpg 300w, https:\/\/idcserbia.org\/wp-content\/uploads\/2018\/04\/IMG_7134-Medium-768x512.jpg 768w, https:\/\/idcserbia.org\/wp-content\/uploads\/2018\/04\/IMG_7134-Medium-1024x683.jpg 1024w, https:\/\/idcserbia.org\/wp-content\/uploads\/2018\/04\/IMG_7134-Medium-200x133.jpg 200w, https:\/\/idcserbia.org\/wp-content\/uploads\/2018\/04\/IMG_7134-Medium.jpg 1152w\" sizes=\"auto, (max-width: 300px) 100vw, 300px\" \/><\/span><span title=\"Gra\u0111anima Novog Pazara svoj rad i proizvode predstavilo je 20 socijalnih preduze\u0107a.\"><img loading=\"lazy\" decoding=\"async\" class=\"alignleft size-medium wp-image-3395\" src=\"http:\/\/idcserbia.org\/wp-content\/uploads\/2018\/04\/IMG_6922-Medium-300x200.jpg\" alt=\"\" width=\"300\" height=\"200\" srcset=\"https:\/\/idcserbia.org\/wp-content\/uploads\/2018\/04\/IMG_6922-Medium-300x200.jpg 300w, https:\/\/idcserbia.org\/wp-content\/uploads\/2018\/04\/IMG_6922-Medium-768x512.jpg 768w, https:\/\/idcserbia.org\/wp-content\/uploads\/2018\/04\/IMG_6922-Medium-1024x683.jpg 1024w, https:\/\/idcserbia.org\/wp-content\/uploads\/2018\/04\/IMG_6922-Medium-200x133.jpg 200w, https:\/\/idcserbia.org\/wp-content\/uploads\/2018\/04\/IMG_6922-Medium.jpg 1152w\" sizes=\"auto, (max-width: 300px) 100vw, 300px\" \/><\/span><\/span><\/p>\n<p class=\"trans-verified-button-small\" dir=\"ltr\"><span id=\"result_box\" class=\"\" lang=\"en\"><span title=\"Gra\u0111anima Novog Pazara svoj rad i proizvode predstavilo je 20 socijalnih preduze\u0107a.\">Within the fair 20 social enterprises presented their enterprises and products. T<\/span><span title=\"Koriste\u0107i razli\u010dite forme predstavljen je i sam koncept socijalnog preduzetni\u0161tva.\">he concept of social entrepreneurship was presented through various forms of interactive presentations. <\/span><span title=\"Kroz panel diskusije i interaktivnu predstavu Reflektor teatra, koji je i sam primer socijalnog preduzetni\u0161tva, u\u010desnici su imali prilike da se upoznaju sa zakonskim okvirom, razvojnim mogu\u0107nostima i oblastima u kojima se mo\u017ee razvijati socijalno preduzetni\u0161tvo.\n\">Through panel discussion and interactive performance of <a href=\"http:\/\/reflektorteatar.rs\/\">The Reflector Theater<\/a>, which itself is an example of social entrepreneurship, participants had the opportunity to get acquainted with the legal framework, development opportunities and areas in which social entrepreneurship can be developed.<\/span><\/span><\/p>\n<p class=\"trans-verified-button-small\" dir=\"ltr\"><span id=\"result_box\" class=\"\" lang=\"en\"><span title=\"Kroz panel diskusije i interaktivnu predstavu Reflektor teatra, koji je i sam primer socijalnog preduzetni\u0161tva, u\u010desnici su imali prilike da se upoznaju sa zakonskim okvirom, razvojnim mogu\u0107nostima i oblastima u kojima se mo\u017ee razvijati socijalno preduzetni\u0161tvo.\n\"><img loading=\"lazy\" decoding=\"async\" class=\"size-medium wp-image-3396 aligncenter\" src=\"http:\/\/idcserbia.org\/wp-content\/uploads\/2018\/04\/IMG_7112-Medium-300x200.jpg\" alt=\"\" width=\"300\" height=\"200\" srcset=\"https:\/\/idcserbia.org\/wp-content\/uploads\/2018\/04\/IMG_7112-Medium-300x200.jpg 300w, https:\/\/idcserbia.org\/wp-content\/uploads\/2018\/04\/IMG_7112-Medium-768x512.jpg 768w, https:\/\/idcserbia.org\/wp-content\/uploads\/2018\/04\/IMG_7112-Medium-1024x683.jpg 1024w, https:\/\/idcserbia.org\/wp-content\/uploads\/2018\/04\/IMG_7112-Medium-200x133.jpg 200w, https:\/\/idcserbia.org\/wp-content\/uploads\/2018\/04\/IMG_7112-Medium.jpg 1152w\" sizes=\"auto, (max-width: 300px) 100vw, 300px\" \/><\/span><span title=\"Prema re\u010dima na\u0161eg projektnog koordinatora Igora Koj\u010di\u0107a, jedan od ciljeva sajma bilo je da se u Novom Pazaru posadi seme entuzijazma da je mogu\u0107e baviti se nekim poslom na na\u010din da uz to re\u0161avate i neki \u0161iri dru\u0161tveni problem.\">According to our project coordinator Igor Kojcic, one of the goals of the fair was to plant a seed of enthusiasm in Novi Pazar that it is possible to run a business in a way that you solve wider social problems. <\/span><span title=\"Kroz projekat Novi Pazar \u2013 Novi poslovi u Novom Pazaru bi\u0107e osnovana dva socijalna preduze\u0107a, na osnovu ve\u0107 dostavljenih biznis planova, koja \u0107e na startu dobiti finansijsku i mentorsku podr\u0161ku.\">Through the Novi Pazar &#8211; New jobs project two social enterprises will be established in Novi Pazar based on already submitted business plans, which will initially receive financial and mentoring support. <\/span><span title=\"Sajam je privukao pa\u017enju lokalne zajednice jer je bio deo aktivnosti kojima je grad Novi Pazar obele\u017eio svoju 557. godi\u0161njicu, ali i zbog inovativnog karaktera i raznovrsnosti sadr\u017eaja.\">The Fair attracted the attention of the local community because it was a part of the 557th City anniversary activities , but also because of its innovative character and variety of content.<\/span><\/span><\/p>\n<\/div>\n","protected":false},"excerpt":{"rendered":"<p>Within the project Novi Pazar &#8211; New Jobs , IDC organized the Social Entrepreneurship Fair in cooperation with the City of Novi Pazar and the Regional Development Agency Sandzak &#8211; SEDA . Novi Pazar Project New jobs and social entrepreneurship fairs have been supported by the German Office for International Cooperation and GIZ. Within the [&hellip;]<\/p>\n","protected":false},"author":2,"featured_media":3397,"comment_status":"closed","ping_status":"closed","sticky":false,"template":"","format":"standard","meta":{"footnotes":""},"categories":[163],"tags":[],"class_list":["post-3423","post","type-post","status-publish","format-standard","has-post-thumbnail","hentry","category-aktuelno-en"],"yoast_head":"<!-- This site is optimized with the Yoast SEO plugin v27.4 - https:\/\/yoast.com\/product\/yoast-seo-wordpress\/ -->\n<title>Social enterprenuership fair in Novi Pazar - IDC Serbia<\/title>\n<meta name=\"robots\" content=\"index, follow, max-snippet:-1, max-image-preview:large, max-video-preview:-1\" \/>\n<link rel=\"canonical\" href=\"https:\/\/idcserbia.org\/en\/social-enterprenuership-fair-in-novi-pazar\/\" \/>\n<meta property=\"og:locale\" content=\"en_US\" \/>\n<meta property=\"og:type\" content=\"article\" \/>\n<meta property=\"og:title\" content=\"Social enterprenuership fair in Novi Pazar - IDC Serbia\" \/>\n<meta property=\"og:description\" content=\"Within the project Novi Pazar &#8211; New Jobs , IDC organized the Social Entrepreneurship Fair in cooperation with the City of Novi Pazar and the Regional Development Agency Sandzak &#8211; SEDA . Novi Pazar Project New jobs and social entrepreneurship fairs have been supported by the German Office for International Cooperation and GIZ. Within the [&hellip;]\" \/>\n<meta property=\"og:url\" content=\"https:\/\/idcserbia.org\/en\/social-enterprenuership-fair-in-novi-pazar\/\" \/>\n<meta property=\"og:site_name\" content=\"IDC Serbia\" \/>\n<meta property=\"article:publisher\" content=\"https:\/\/www.facebook.com\/idc.serbia\" \/>\n<meta property=\"article:published_time\" content=\"2018-04-21T06:57:07+00:00\" \/>\n<meta property=\"article:modified_time\" content=\"2018-04-21T08:08:37+00:00\" \/>\n<meta property=\"og:image\" content=\"https:\/\/idcserbia.org\/wp-content\/uploads\/2018\/04\/IMG-836f5e132a067ba5f2dbbf2949985c4d-V.jpg\" \/>\n\t<meta property=\"og:image:width\" content=\"1280\" \/>\n\t<meta property=\"og:image:height\" content=\"719\" \/>\n\t<meta property=\"og:image:type\" content=\"image\/jpeg\" \/>\n<meta name=\"author\" content=\"IDC Serbia\" \/>\n<meta name=\"twitter:card\" content=\"summary_large_image\" \/>\n<meta name=\"twitter:creator\" content=\"@IDCSERBIA\" \/>\n<meta name=\"twitter:site\" content=\"@IDCSERBIA\" \/>\n<meta name=\"twitter:label1\" content=\"Written by\" \/>\n\t<meta name=\"twitter:data1\" content=\"IDC Serbia\" \/>\n\t<meta name=\"twitter:label2\" content=\"Est. reading time\" \/>\n\t<meta name=\"twitter:data2\" content=\"1 minute\" \/>\n<script type=\"application\/ld+json\" class=\"yoast-schema-graph\">{\"@context\":\"https:\\\/\\\/schema.org\",\"@graph\":[{\"@type\":\"Article\",\"@id\":\"https:\\\/\\\/idcserbia.org\\\/en\\\/social-enterprenuership-fair-in-novi-pazar\\\/#article\",\"isPartOf\":{\"@id\":\"https:\\\/\\\/idcserbia.org\\\/en\\\/social-enterprenuership-fair-in-novi-pazar\\\/\"},\"author\":{\"name\":\"IDC Serbia\",\"@id\":\"https:\\\/\\\/idcserbia.org\\\/#\\\/schema\\\/person\\\/9aabc1ee6cfdc5d7234d97fe33b1ff45\"},\"headline\":\"Social enterprenuership fair in Novi Pazar\",\"datePublished\":\"2018-04-21T06:57:07+00:00\",\"dateModified\":\"2018-04-21T08:08:37+00:00\",\"mainEntityOfPage\":{\"@id\":\"https:\\\/\\\/idcserbia.org\\\/en\\\/social-enterprenuership-fair-in-novi-pazar\\\/\"},\"wordCount\":224,\"image\":{\"@id\":\"https:\\\/\\\/idcserbia.org\\\/en\\\/social-enterprenuership-fair-in-novi-pazar\\\/#primaryimage\"},\"thumbnailUrl\":\"https:\\\/\\\/idcserbia.org\\\/wp-content\\\/uploads\\\/2018\\\/04\\\/IMG-836f5e132a067ba5f2dbbf2949985c4d-V.jpg\",\"articleSection\":[\"Actual\"],\"inLanguage\":\"en-US\"},{\"@type\":\"WebPage\",\"@id\":\"https:\\\/\\\/idcserbia.org\\\/en\\\/social-enterprenuership-fair-in-novi-pazar\\\/\",\"url\":\"https:\\\/\\\/idcserbia.org\\\/en\\\/social-enterprenuership-fair-in-novi-pazar\\\/\",\"name\":\"Social enterprenuership fair in Novi Pazar - IDC Serbia\",\"isPartOf\":{\"@id\":\"https:\\\/\\\/idcserbia.org\\\/#website\"},\"primaryImageOfPage\":{\"@id\":\"https:\\\/\\\/idcserbia.org\\\/en\\\/social-enterprenuership-fair-in-novi-pazar\\\/#primaryimage\"},\"image\":{\"@id\":\"https:\\\/\\\/idcserbia.org\\\/en\\\/social-enterprenuership-fair-in-novi-pazar\\\/#primaryimage\"},\"thumbnailUrl\":\"https:\\\/\\\/idcserbia.org\\\/wp-content\\\/uploads\\\/2018\\\/04\\\/IMG-836f5e132a067ba5f2dbbf2949985c4d-V.jpg\",\"datePublished\":\"2018-04-21T06:57:07+00:00\",\"dateModified\":\"2018-04-21T08:08:37+00:00\",\"author\":{\"@id\":\"https:\\\/\\\/idcserbia.org\\\/#\\\/schema\\\/person\\\/9aabc1ee6cfdc5d7234d97fe33b1ff45\"},\"breadcrumb\":{\"@id\":\"https:\\\/\\\/idcserbia.org\\\/en\\\/social-enterprenuership-fair-in-novi-pazar\\\/#breadcrumb\"},\"inLanguage\":\"en-US\",\"potentialAction\":[{\"@type\":\"ReadAction\",\"target\":[\"https:\\\/\\\/idcserbia.org\\\/en\\\/social-enterprenuership-fair-in-novi-pazar\\\/\"]}]},{\"@type\":\"ImageObject\",\"inLanguage\":\"en-US\",\"@id\":\"https:\\\/\\\/idcserbia.org\\\/en\\\/social-enterprenuership-fair-in-novi-pazar\\\/#primaryimage\",\"url\":\"https:\\\/\\\/idcserbia.org\\\/wp-content\\\/uploads\\\/2018\\\/04\\\/IMG-836f5e132a067ba5f2dbbf2949985c4d-V.jpg\",\"contentUrl\":\"https:\\\/\\\/idcserbia.org\\\/wp-content\\\/uploads\\\/2018\\\/04\\\/IMG-836f5e132a067ba5f2dbbf2949985c4d-V.jpg\",\"width\":1280,\"height\":719},{\"@type\":\"BreadcrumbList\",\"@id\":\"https:\\\/\\\/idcserbia.org\\\/en\\\/social-enterprenuership-fair-in-novi-pazar\\\/#breadcrumb\",\"itemListElement\":[{\"@type\":\"ListItem\",\"position\":1,\"name\":\"Home\",\"item\":\"https:\\\/\\\/idcserbia.org\\\/en\\\/\"},{\"@type\":\"ListItem\",\"position\":2,\"name\":\"Social enterprenuership fair in Novi Pazar\"}]},{\"@type\":\"WebSite\",\"@id\":\"https:\\\/\\\/idcserbia.org\\\/#website\",\"url\":\"https:\\\/\\\/idcserbia.org\\\/\",\"name\":\"IDC Serbia\",\"description\":\"Association of Citizens Initiative for Development and Cooperation\\r\\n\",\"potentialAction\":[{\"@type\":\"SearchAction\",\"target\":{\"@type\":\"EntryPoint\",\"urlTemplate\":\"https:\\\/\\\/idcserbia.org\\\/?s={search_term_string}\"},\"query-input\":{\"@type\":\"PropertyValueSpecification\",\"valueRequired\":true,\"valueName\":\"search_term_string\"}}],\"inLanguage\":\"en-US\"},{\"@type\":\"Person\",\"@id\":\"https:\\\/\\\/idcserbia.org\\\/#\\\/schema\\\/person\\\/9aabc1ee6cfdc5d7234d97fe33b1ff45\",\"name\":\"IDC Serbia\",\"url\":\"https:\\\/\\\/idcserbia.org\\\/en\\\/author\\\/idc-serbia\\\/\"}]}<\/script>\n<!-- \/ Yoast SEO plugin. -->","yoast_head_json":{"title":"Social enterprenuership fair in Novi Pazar - IDC Serbia","robots":{"index":"index","follow":"follow","max-snippet":"max-snippet:-1","max-image-preview":"max-image-preview:large","max-video-preview":"max-video-preview:-1"},"canonical":"https:\/\/idcserbia.org\/en\/social-enterprenuership-fair-in-novi-pazar\/","og_locale":"en_US","og_type":"article","og_title":"Social enterprenuership fair in Novi Pazar - IDC Serbia","og_description":"Within the project Novi Pazar &#8211; New Jobs , IDC organized the Social Entrepreneurship Fair in cooperation with the City of Novi Pazar and the Regional Development Agency Sandzak &#8211; SEDA . Novi Pazar Project New jobs and social entrepreneurship fairs have been supported by the German Office for International Cooperation and GIZ. Within the [&hellip;]","og_url":"https:\/\/idcserbia.org\/en\/social-enterprenuership-fair-in-novi-pazar\/","og_site_name":"IDC Serbia","article_publisher":"https:\/\/www.facebook.com\/idc.serbia","article_published_time":"2018-04-21T06:57:07+00:00","article_modified_time":"2018-04-21T08:08:37+00:00","og_image":[{"width":1280,"height":719,"url":"https:\/\/idcserbia.org\/wp-content\/uploads\/2018\/04\/IMG-836f5e132a067ba5f2dbbf2949985c4d-V.jpg","type":"image\/jpeg"}],"author":"IDC Serbia","twitter_card":"summary_large_image","twitter_creator":"@IDCSERBIA","twitter_site":"@IDCSERBIA","twitter_misc":{"Written by":"IDC Serbia","Est. reading time":"1 minute"},"schema":{"@context":"https:\/\/schema.org","@graph":[{"@type":"Article","@id":"https:\/\/idcserbia.org\/en\/social-enterprenuership-fair-in-novi-pazar\/#article","isPartOf":{"@id":"https:\/\/idcserbia.org\/en\/social-enterprenuership-fair-in-novi-pazar\/"},"author":{"name":"IDC Serbia","@id":"https:\/\/idcserbia.org\/#\/schema\/person\/9aabc1ee6cfdc5d7234d97fe33b1ff45"},"headline":"Social enterprenuership fair in Novi Pazar","datePublished":"2018-04-21T06:57:07+00:00","dateModified":"2018-04-21T08:08:37+00:00","mainEntityOfPage":{"@id":"https:\/\/idcserbia.org\/en\/social-enterprenuership-fair-in-novi-pazar\/"},"wordCount":224,"image":{"@id":"https:\/\/idcserbia.org\/en\/social-enterprenuership-fair-in-novi-pazar\/#primaryimage"},"thumbnailUrl":"https:\/\/idcserbia.org\/wp-content\/uploads\/2018\/04\/IMG-836f5e132a067ba5f2dbbf2949985c4d-V.jpg","articleSection":["Actual"],"inLanguage":"en-US"},{"@type":"WebPage","@id":"https:\/\/idcserbia.org\/en\/social-enterprenuership-fair-in-novi-pazar\/","url":"https:\/\/idcserbia.org\/en\/social-enterprenuership-fair-in-novi-pazar\/","name":"Social enterprenuership fair in Novi Pazar - IDC Serbia","isPartOf":{"@id":"https:\/\/idcserbia.org\/#website"},"primaryImageOfPage":{"@id":"https:\/\/idcserbia.org\/en\/social-enterprenuership-fair-in-novi-pazar\/#primaryimage"},"image":{"@id":"https:\/\/idcserbia.org\/en\/social-enterprenuership-fair-in-novi-pazar\/#primaryimage"},"thumbnailUrl":"https:\/\/idcserbia.org\/wp-content\/uploads\/2018\/04\/IMG-836f5e132a067ba5f2dbbf2949985c4d-V.jpg","datePublished":"2018-04-21T06:57:07+00:00","dateModified":"2018-04-21T08:08:37+00:00","author":{"@id":"https:\/\/idcserbia.org\/#\/schema\/person\/9aabc1ee6cfdc5d7234d97fe33b1ff45"},"breadcrumb":{"@id":"https:\/\/idcserbia.org\/en\/social-enterprenuership-fair-in-novi-pazar\/#breadcrumb"},"inLanguage":"en-US","potentialAction":[{"@type":"ReadAction","target":["https:\/\/idcserbia.org\/en\/social-enterprenuership-fair-in-novi-pazar\/"]}]},{"@type":"ImageObject","inLanguage":"en-US","@id":"https:\/\/idcserbia.org\/en\/social-enterprenuership-fair-in-novi-pazar\/#primaryimage","url":"https:\/\/idcserbia.org\/wp-content\/uploads\/2018\/04\/IMG-836f5e132a067ba5f2dbbf2949985c4d-V.jpg","contentUrl":"https:\/\/idcserbia.org\/wp-content\/uploads\/2018\/04\/IMG-836f5e132a067ba5f2dbbf2949985c4d-V.jpg","width":1280,"height":719},{"@type":"BreadcrumbList","@id":"https:\/\/idcserbia.org\/en\/social-enterprenuership-fair-in-novi-pazar\/#breadcrumb","itemListElement":[{"@type":"ListItem","position":1,"name":"Home","item":"https:\/\/idcserbia.org\/en\/"},{"@type":"ListItem","position":2,"name":"Social enterprenuership fair in Novi Pazar"}]},{"@type":"WebSite","@id":"https:\/\/idcserbia.org\/#website","url":"https:\/\/idcserbia.org\/","name":"IDC Serbia","description":"Association of Citizens Initiative for Development and Cooperation\r\n","potentialAction":[{"@type":"SearchAction","target":{"@type":"EntryPoint","urlTemplate":"https:\/\/idcserbia.org\/?s={search_term_string}"},"query-input":{"@type":"PropertyValueSpecification","valueRequired":true,"valueName":"search_term_string"}}],"inLanguage":"en-US"},{"@type":"Person","@id":"https:\/\/idcserbia.org\/#\/schema\/person\/9aabc1ee6cfdc5d7234d97fe33b1ff45","name":"IDC Serbia","url":"https:\/\/idcserbia.org\/en\/author\/idc-serbia\/"}]}},"_links":{"self":[{"href":"https:\/\/idcserbia.org\/en\/wp-json\/wp\/v2\/posts\/3423","targetHints":{"allow":["GET"]}}],"collection":[{"href":"https:\/\/idcserbia.org\/en\/wp-json\/wp\/v2\/posts"}],"about":[{"href":"https:\/\/idcserbia.org\/en\/wp-json\/wp\/v2\/types\/post"}],"author":[{"embeddable":true,"href":"https:\/\/idcserbia.org\/en\/wp-json\/wp\/v2\/users\/2"}],"replies":[{"embeddable":true,"href":"https:\/\/idcserbia.org\/en\/wp-json\/wp\/v2\/comments?post=3423"}],"version-history":[{"count":1,"href":"https:\/\/idcserbia.org\/en\/wp-json\/wp\/v2\/posts\/3423\/revisions"}],"predecessor-version":[{"id":3424,"href":"https:\/\/idcserbia.org\/en\/wp-json\/wp\/v2\/posts\/3423\/revisions\/3424"}],"wp:featuredmedia":[{"embeddable":true,"href":"https:\/\/idcserbia.org\/en\/wp-json\/wp\/v2\/media\/3397"}],"wp:attachment":[{"href":"https:\/\/idcserbia.org\/en\/wp-json\/wp\/v2\/media?parent=3423"}],"wp:term":[{"taxonomy":"category","embeddable":true,"href":"https:\/\/idcserbia.org\/en\/wp-json\/wp\/v2\/categories?post=3423"},{"taxonomy":"post_tag","embeddable":true,"href":"https:\/\/idcserbia.org\/en\/wp-json\/wp\/v2\/tags?post=3423"}],"curies":[{"name":"wp","href":"https:\/\/api.w.org\/{rel}","templated":true}]}}