{"id":3433,"date":"2018-04-12T11:02:28","date_gmt":"2018-04-12T09:02:28","guid":{"rendered":"http:\/\/idcserbia.org\/en\/?p=3433"},"modified":"2018-05-24T15:39:44","modified_gmt":"2018-05-24T13:39:44","slug":"marija-bozic-idc-volunteer-language-support-for-migrants-in-serbia","status":"publish","type":"post","link":"https:\/\/idcserbia.org\/en\/marija-bozic-idc-volunteer-language-support-for-migrants-in-serbia\/","title":{"rendered":"Marija Bozic, IDC volunteer: Language support for migrants in Serbia"},"content":{"rendered":"<div id=\"s-share-buttons\" class=\"horizontal-w-c-circular s-share-w-c\"><a href=\"http:\/\/www.facebook.com\/sharer.php?u=https:\/\/idcserbia.org\/en\/marija-bozic-idc-volunteer-language-support-for-migrants-in-serbia\/\" target=\"_blank\" title=\"Share to Facebook\" class=\"s3-facebook hint--top\"><\/a><a href=\"http:\/\/twitter.com\/intent\/tweet?text=Marija Bozic, IDC volunteer: Language support for migrants in Serbia&url=https:\/\/idcserbia.org\/en\/marija-bozic-idc-volunteer-language-support-for-migrants-in-serbia\/\" target=\"_blank\"  title=\"Share to Twitter\" class=\"s3-twitter hint--top\"><\/a><a href=\"http:\/\/www.linkedin.com\/shareArticle?mini=true&url=https:\/\/idcserbia.org\/en\/marija-bozic-idc-volunteer-language-support-for-migrants-in-serbia\/\" target=\"_blank\" title=\"Share to LinkedIn\" class=\"s3-linkedin hint--top\"><\/a><a href=\"mailto:?Subject=Marija%20Bozic,%20IDC%20volunteer:%20Language%20support%20for%20migrants%20in%20Serbia&Body=Here%20is%20the%20link%20to%20the%20article:%20https:\/\/idcserbia.org\/en\/marija-bozic-idc-volunteer-language-support-for-migrants-in-serbia\/\" title=\"Email this article\" class=\"s3-email hint--top\"><\/a><\/div><h4>It has been more than 2 years since IDC volunteer teams were formed. Initial volunteer teams were engaged in border zones distributing humanitarian aid to refugees and migrants on the move. Since than the situation has significantly changed. Prolonged retention time of migrants in Serbia has created the need for more inclusion oriented activities. Since March 2016 our volunteer Maria, who has been the member of IDC volunteer team since 2015, has started with language workshops for migrants in Mikslaiste daily center. We present you Maria&#8217;s text on her experience in providing language learning support to refugees, migrants and asylum seekers in Serbia.<\/h4>\n<p style=\"text-align: left;\"><span id=\"result_box\" class=\"\" lang=\"en\"><span title=\"Sa pitanjem boravka i ostanka u Srbiji, kod izbeglica se javila \u017eelja za u\u010denjem srpskog jezika.\">Facing prolonged retention time in Serbia, refugees and migrants expressed their desire to learn the Serbian language for the first time. <\/span><span title=\"Najpre sam u Miksali\u0161tu dr\u017eala \u010dasove mladi\u0107ima koji nisu obuhva\u0107eni programom upisa u osnovne i srednje \u0161kole Komesarijata za izbeglice (oni koji ve\u0107 imaju zavr\u0161enu srednju \u0161kolu ili fakultet).\">As a part of IDC volunteer team in Miksaliste I have started providing classes for people who were not enrolled in education program in schools in Serbia and those already having a high school or college degree. <\/span><span title=\"Bilo je onih su \u017eeleli da nau\u010de neke osnovne stvari iz srpskog jezika, kako bi se lak\u0161e sna\u0161li u svakodnevnoj komunikaciji, a bilo je i onih koji su srpski jezik shvatili kao ozbiljan zadatak.\">It was them who wanted to learn some basic things from the Serbian language, in order to become able to communicate in everyday situations, and there were also those who understood learning Serbian language as a serious task. <\/span><span title=\"O marta do jula u saradnji sa Miksali\u0161tem, IDC-om i ASB-om dr\u017eala sam neformalnu nastavu srpskog jezika za izbelice i tra\u017eioce azila. \">From March to July, I was engaged together with other IDC volunteers in realization of Serbian language workshops for refugees and asylum seekers.<\/span><\/span><\/p>\n<p><span id=\"result_box\" class=\"\" lang=\"en\"><span title=\"O marta do jula u saradnji sa Miksali\u0161tem, IDC-om i ASB-om dr\u017eala sam neformalnu nastavu srpskog jezika za izbelice i tra\u017eioce azila. \"><img loading=\"lazy\" decoding=\"async\" class=\"size-medium wp-image-3429 aligncenter\" src=\"http:\/\/idcserbia.org\/wp-content\/uploads\/2018\/05\/8.5-23-300x180.jpg\" alt=\"\" width=\"300\" height=\"180\" srcset=\"https:\/\/idcserbia.org\/wp-content\/uploads\/2018\/05\/8.5-23-300x180.jpg 300w, https:\/\/idcserbia.org\/wp-content\/uploads\/2018\/05\/8.5-23-768x461.jpg 768w, https:\/\/idcserbia.org\/wp-content\/uploads\/2018\/05\/8.5-23-1024x614.jpg 1024w, https:\/\/idcserbia.org\/wp-content\/uploads\/2018\/05\/8.5-23-200x120.jpg 200w\" sizes=\"auto, (max-width: 300px) 100vw, 300px\" \/><\/span><\/span><\/p>\n<p><span id=\"result_box\" class=\"\" lang=\"en\"><span title=\"Neplanirano, kako obi\u010dno i biva, volontiranje me je odvelo u potpuno nove vode \u2013 predavanje srpskog jezika kao stranog.\">Unplanned, as usual, volunteering has led me into completely new matter-\u00a0 lectureing of the Serbian language as a foreign one. <\/span><span title=\"U mehanizmu rada sa izbeglicama i tra\u017eiocima azila i ja sam na\u0161la svoje mesto.\">In the mechanism of work with refugees and asylum seekers, I also found my place. <\/span><span title=\"To vi\u0161e nije jednokratna (i neophodna) pomo\u0107, ve\u0107 ne\u0161to za koji sam stru\u010dna, gde mogu da pru\u017eim najbolje od sebe.\">It&#8217;s no longer a one-time (and necessary) help, but something we work on together and continually. <\/span><span title=\"Volontiranje kroz koji mogu da vidi napredak i sebe i korisnika ovih usluga.\">Volunteering became for me a process in which I am able to see the progress of both me and the beneficiaries of the services I provide.<\/span><\/span><\/p>\n<p><span id=\"result_box\" class=\"\" lang=\"en\"><span title=\"Sa IDC-om i Fondacijom Ana i Vlade Divac nastavu srpskog po\u010dela sam da dr\u017eim u Centru za azil u Krnja\u010di u novembru 2017. godine.\">In November 2017, I began teaching Serbian language at the Center for Asylum in Krnjaca, Belgrade. <\/span><span title=\"Nastavu dr\u017eim i dalje, i to mahom za one kojima je formalno obrazovanje u Srbiji nedostupno.\">I continue to teach language mostly for those who do not have access to formal education in Serbia. <\/span><span title=\"Kroz u\u010denje jezika izbeglice u\u010de kako da se snalaze u prodavnici, kako da ka\u017eu da li im treba medicinska pomo\u0107, kako se ose\u0107aju, mogu da razgovaraju sa prodavcima na pijaci ili putnicima u autobusu.\">Through learning Serbian language refugees learn how to take part in everyday activities, how to say whether they need medical help, how they feel, they can talk to vendors on the market or passengers on the bus. By learning the language we overcome the b<\/span><span title=\"Kroz jezik se razbijaju barijere i razlike na nas i njih.\">arriers and differences between us. <\/span><span title=\"Tako\u0111e, u\u010de i o srpskoj kulturi, geografiji, istoriji. \">Through learning the language they learn about Serbian culture, geography and history.<\/span><\/span><\/p>\n<p><img loading=\"lazy\" decoding=\"async\" class=\"size-medium wp-image-3430 aligncenter\" src=\"http:\/\/idcserbia.org\/wp-content\/uploads\/2018\/05\/28.4-1-300x180.jpg\" alt=\"\" width=\"300\" height=\"180\" srcset=\"https:\/\/idcserbia.org\/wp-content\/uploads\/2018\/05\/28.4-1-300x180.jpg 300w, https:\/\/idcserbia.org\/wp-content\/uploads\/2018\/05\/28.4-1-768x461.jpg 768w, https:\/\/idcserbia.org\/wp-content\/uploads\/2018\/05\/28.4-1-1024x614.jpg 1024w, https:\/\/idcserbia.org\/wp-content\/uploads\/2018\/05\/28.4-1-200x120.jpg 200w\" sizes=\"auto, (max-width: 300px) 100vw, 300px\" \/><\/p>\n<p><span id=\"result_box\" class=\"\" lang=\"en\"><span title=\"Ako bi trebalo da svedem svoje skoro trogodi\u0161nje iskustvo u volonterskom timu IDC-a mogla bih najpre re\u0107i da mi je ono omogu\u0107ilo da svoje slobodno vreme iskoristim na produktivan na\u010din.\">If I should put down my nearly three years of experience in IDC&#8217;s volunteer team, I could first say that it allowed me to use my free time in a productive way. <\/span><span title=\"Mnoge stvari koje nisam nau\u010dila na fakultetu \u2013 komunikacijske ve\u0161tine, brzo reagovanje i snala\u017eenje u trenutku, pa kasnije i kako organizovati \u010das, popraviti koncentaciju u\u010denika, gradivo u\u010diniti zanimljivim, itd.\">Many things I did not learn at college &#8211; communication skills, quick response and guidance at a time, and later on how to organize time, how to focus and remain persistent, how to engage people and make my work interesting and inspiring for the beneficiaries I work with. <\/span><span title=\"\u2013 nau\u010dila sam volontiraju\u0107i.\">I learned how to volunteer &#8211; how to commit my time in order to contribute to building a better and just society. Finnaly,<\/span><span title=\"Tako\u0111e, IDC mi je pru\u017ea mogu\u0107nost da vidim i nau\u010dim mnogo toga o radu u nevladinoj organizaciji, u timu, gde svaki pojedinac \u010dini va\u017eni deo celine.\"> IDC provided me with the opportunity to see and learn a lot about work in a non-governmental organization, in a team, where each individual makes an important part of the whole and feels that.<\/span><\/span><\/p>\n","protected":false},"excerpt":{"rendered":"<p>It has been more than 2 years since IDC volunteer teams were formed. Initial volunteer teams were engaged in border zones distributing humanitarian aid to refugees and migrants on the move. Since than the situation has significantly changed. Prolonged retention time of migrants in Serbia has created the need for more inclusion oriented activities. Since [&hellip;]<\/p>\n","protected":false},"author":2,"featured_media":3435,"comment_status":"closed","ping_status":"closed","sticky":false,"template":"","format":"standard","meta":{"footnotes":""},"categories":[163],"tags":[],"class_list":["post-3433","post","type-post","status-publish","format-standard","has-post-thumbnail","hentry","category-aktuelno-en"],"yoast_head":"<!-- This site is optimized with the Yoast SEO plugin v27.4 - https:\/\/yoast.com\/product\/yoast-seo-wordpress\/ -->\n<title>Marija Bozic, IDC volunteer: Language support for migrants in Serbia - IDC Serbia<\/title>\n<meta name=\"robots\" content=\"index, follow, max-snippet:-1, max-image-preview:large, max-video-preview:-1\" \/>\n<link rel=\"canonical\" href=\"https:\/\/idcserbia.org\/en\/marija-bozic-idc-volunteer-language-support-for-migrants-in-serbia\/\" \/>\n<meta property=\"og:locale\" content=\"en_US\" \/>\n<meta property=\"og:type\" content=\"article\" \/>\n<meta property=\"og:title\" content=\"Marija Bozic, IDC volunteer: Language support for migrants in Serbia - IDC Serbia\" \/>\n<meta property=\"og:description\" content=\"It has been more than 2 years since IDC volunteer teams were formed. Initial volunteer teams were engaged in border zones distributing humanitarian aid to refugees and migrants on the move. Since than the situation has significantly changed. Prolonged retention time of migrants in Serbia has created the need for more inclusion oriented activities. Since [&hellip;]\" \/>\n<meta property=\"og:url\" content=\"https:\/\/idcserbia.org\/en\/marija-bozic-idc-volunteer-language-support-for-migrants-in-serbia\/\" \/>\n<meta property=\"og:site_name\" content=\"IDC Serbia\" \/>\n<meta property=\"article:publisher\" content=\"https:\/\/www.facebook.com\/idc.serbia\" \/>\n<meta property=\"article:published_time\" content=\"2018-04-12T09:02:28+00:00\" \/>\n<meta property=\"article:modified_time\" content=\"2018-05-24T13:39:44+00:00\" \/>\n<meta property=\"og:image\" content=\"https:\/\/idcserbia.org\/wp-content\/uploads\/2018\/04\/IDC-Integration-workshops-of-serbian-language.jpg\" \/>\n\t<meta property=\"og:image:width\" content=\"1600\" \/>\n\t<meta property=\"og:image:height\" content=\"1200\" \/>\n\t<meta property=\"og:image:type\" content=\"image\/jpeg\" \/>\n<meta name=\"author\" content=\"IDC Serbia\" \/>\n<meta name=\"twitter:card\" content=\"summary_large_image\" \/>\n<meta name=\"twitter:creator\" content=\"@IDCSERBIA\" \/>\n<meta name=\"twitter:site\" content=\"@IDCSERBIA\" \/>\n<meta name=\"twitter:label1\" content=\"Written by\" \/>\n\t<meta name=\"twitter:data1\" content=\"IDC Serbia\" \/>\n\t<meta name=\"twitter:label2\" content=\"Est. reading time\" \/>\n\t<meta name=\"twitter:data2\" content=\"3 minutes\" \/>\n<script type=\"application\/ld+json\" class=\"yoast-schema-graph\">{\"@context\":\"https:\\\/\\\/schema.org\",\"@graph\":[{\"@type\":\"Article\",\"@id\":\"https:\\\/\\\/idcserbia.org\\\/en\\\/marija-bozic-idc-volunteer-language-support-for-migrants-in-serbia\\\/#article\",\"isPartOf\":{\"@id\":\"https:\\\/\\\/idcserbia.org\\\/en\\\/marija-bozic-idc-volunteer-language-support-for-migrants-in-serbia\\\/\"},\"author\":{\"name\":\"IDC Serbia\",\"@id\":\"https:\\\/\\\/idcserbia.org\\\/#\\\/schema\\\/person\\\/9aabc1ee6cfdc5d7234d97fe33b1ff45\"},\"headline\":\"Marija Bozic, IDC volunteer: Language support for migrants in Serbia\",\"datePublished\":\"2018-04-12T09:02:28+00:00\",\"dateModified\":\"2018-05-24T13:39:44+00:00\",\"mainEntityOfPage\":{\"@id\":\"https:\\\/\\\/idcserbia.org\\\/en\\\/marija-bozic-idc-volunteer-language-support-for-migrants-in-serbia\\\/\"},\"wordCount\":538,\"image\":{\"@id\":\"https:\\\/\\\/idcserbia.org\\\/en\\\/marija-bozic-idc-volunteer-language-support-for-migrants-in-serbia\\\/#primaryimage\"},\"thumbnailUrl\":\"https:\\\/\\\/idcserbia.org\\\/wp-content\\\/uploads\\\/2018\\\/04\\\/IDC-Integration-workshops-of-serbian-language.jpg\",\"articleSection\":[\"Actual\"],\"inLanguage\":\"en-US\"},{\"@type\":\"WebPage\",\"@id\":\"https:\\\/\\\/idcserbia.org\\\/en\\\/marija-bozic-idc-volunteer-language-support-for-migrants-in-serbia\\\/\",\"url\":\"https:\\\/\\\/idcserbia.org\\\/en\\\/marija-bozic-idc-volunteer-language-support-for-migrants-in-serbia\\\/\",\"name\":\"Marija Bozic, IDC volunteer: Language support for migrants in Serbia - IDC Serbia\",\"isPartOf\":{\"@id\":\"https:\\\/\\\/idcserbia.org\\\/#website\"},\"primaryImageOfPage\":{\"@id\":\"https:\\\/\\\/idcserbia.org\\\/en\\\/marija-bozic-idc-volunteer-language-support-for-migrants-in-serbia\\\/#primaryimage\"},\"image\":{\"@id\":\"https:\\\/\\\/idcserbia.org\\\/en\\\/marija-bozic-idc-volunteer-language-support-for-migrants-in-serbia\\\/#primaryimage\"},\"thumbnailUrl\":\"https:\\\/\\\/idcserbia.org\\\/wp-content\\\/uploads\\\/2018\\\/04\\\/IDC-Integration-workshops-of-serbian-language.jpg\",\"datePublished\":\"2018-04-12T09:02:28+00:00\",\"dateModified\":\"2018-05-24T13:39:44+00:00\",\"author\":{\"@id\":\"https:\\\/\\\/idcserbia.org\\\/#\\\/schema\\\/person\\\/9aabc1ee6cfdc5d7234d97fe33b1ff45\"},\"breadcrumb\":{\"@id\":\"https:\\\/\\\/idcserbia.org\\\/en\\\/marija-bozic-idc-volunteer-language-support-for-migrants-in-serbia\\\/#breadcrumb\"},\"inLanguage\":\"en-US\",\"potentialAction\":[{\"@type\":\"ReadAction\",\"target\":[\"https:\\\/\\\/idcserbia.org\\\/en\\\/marija-bozic-idc-volunteer-language-support-for-migrants-in-serbia\\\/\"]}]},{\"@type\":\"ImageObject\",\"inLanguage\":\"en-US\",\"@id\":\"https:\\\/\\\/idcserbia.org\\\/en\\\/marija-bozic-idc-volunteer-language-support-for-migrants-in-serbia\\\/#primaryimage\",\"url\":\"https:\\\/\\\/idcserbia.org\\\/wp-content\\\/uploads\\\/2018\\\/04\\\/IDC-Integration-workshops-of-serbian-language.jpg\",\"contentUrl\":\"https:\\\/\\\/idcserbia.org\\\/wp-content\\\/uploads\\\/2018\\\/04\\\/IDC-Integration-workshops-of-serbian-language.jpg\",\"width\":1600,\"height\":1200},{\"@type\":\"BreadcrumbList\",\"@id\":\"https:\\\/\\\/idcserbia.org\\\/en\\\/marija-bozic-idc-volunteer-language-support-for-migrants-in-serbia\\\/#breadcrumb\",\"itemListElement\":[{\"@type\":\"ListItem\",\"position\":1,\"name\":\"Home\",\"item\":\"https:\\\/\\\/idcserbia.org\\\/en\\\/\"},{\"@type\":\"ListItem\",\"position\":2,\"name\":\"Marija Bozic, IDC volunteer: Language support for migrants in Serbia\"}]},{\"@type\":\"WebSite\",\"@id\":\"https:\\\/\\\/idcserbia.org\\\/#website\",\"url\":\"https:\\\/\\\/idcserbia.org\\\/\",\"name\":\"IDC Serbia\",\"description\":\"Association of Citizens Initiative for Development and Cooperation\\r\\n\",\"potentialAction\":[{\"@type\":\"SearchAction\",\"target\":{\"@type\":\"EntryPoint\",\"urlTemplate\":\"https:\\\/\\\/idcserbia.org\\\/?s={search_term_string}\"},\"query-input\":{\"@type\":\"PropertyValueSpecification\",\"valueRequired\":true,\"valueName\":\"search_term_string\"}}],\"inLanguage\":\"en-US\"},{\"@type\":\"Person\",\"@id\":\"https:\\\/\\\/idcserbia.org\\\/#\\\/schema\\\/person\\\/9aabc1ee6cfdc5d7234d97fe33b1ff45\",\"name\":\"IDC Serbia\",\"url\":\"https:\\\/\\\/idcserbia.org\\\/en\\\/author\\\/idc-serbia\\\/\"}]}<\/script>\n<!-- \/ Yoast SEO plugin. -->","yoast_head_json":{"title":"Marija Bozic, IDC volunteer: Language support for migrants in Serbia - IDC Serbia","robots":{"index":"index","follow":"follow","max-snippet":"max-snippet:-1","max-image-preview":"max-image-preview:large","max-video-preview":"max-video-preview:-1"},"canonical":"https:\/\/idcserbia.org\/en\/marija-bozic-idc-volunteer-language-support-for-migrants-in-serbia\/","og_locale":"en_US","og_type":"article","og_title":"Marija Bozic, IDC volunteer: Language support for migrants in Serbia - IDC Serbia","og_description":"It has been more than 2 years since IDC volunteer teams were formed. Initial volunteer teams were engaged in border zones distributing humanitarian aid to refugees and migrants on the move. Since than the situation has significantly changed. Prolonged retention time of migrants in Serbia has created the need for more inclusion oriented activities. Since [&hellip;]","og_url":"https:\/\/idcserbia.org\/en\/marija-bozic-idc-volunteer-language-support-for-migrants-in-serbia\/","og_site_name":"IDC Serbia","article_publisher":"https:\/\/www.facebook.com\/idc.serbia","article_published_time":"2018-04-12T09:02:28+00:00","article_modified_time":"2018-05-24T13:39:44+00:00","og_image":[{"width":1600,"height":1200,"url":"https:\/\/idcserbia.org\/wp-content\/uploads\/2018\/04\/IDC-Integration-workshops-of-serbian-language.jpg","type":"image\/jpeg"}],"author":"IDC Serbia","twitter_card":"summary_large_image","twitter_creator":"@IDCSERBIA","twitter_site":"@IDCSERBIA","twitter_misc":{"Written by":"IDC Serbia","Est. reading time":"3 minutes"},"schema":{"@context":"https:\/\/schema.org","@graph":[{"@type":"Article","@id":"https:\/\/idcserbia.org\/en\/marija-bozic-idc-volunteer-language-support-for-migrants-in-serbia\/#article","isPartOf":{"@id":"https:\/\/idcserbia.org\/en\/marija-bozic-idc-volunteer-language-support-for-migrants-in-serbia\/"},"author":{"name":"IDC Serbia","@id":"https:\/\/idcserbia.org\/#\/schema\/person\/9aabc1ee6cfdc5d7234d97fe33b1ff45"},"headline":"Marija Bozic, IDC volunteer: Language support for migrants in Serbia","datePublished":"2018-04-12T09:02:28+00:00","dateModified":"2018-05-24T13:39:44+00:00","mainEntityOfPage":{"@id":"https:\/\/idcserbia.org\/en\/marija-bozic-idc-volunteer-language-support-for-migrants-in-serbia\/"},"wordCount":538,"image":{"@id":"https:\/\/idcserbia.org\/en\/marija-bozic-idc-volunteer-language-support-for-migrants-in-serbia\/#primaryimage"},"thumbnailUrl":"https:\/\/idcserbia.org\/wp-content\/uploads\/2018\/04\/IDC-Integration-workshops-of-serbian-language.jpg","articleSection":["Actual"],"inLanguage":"en-US"},{"@type":"WebPage","@id":"https:\/\/idcserbia.org\/en\/marija-bozic-idc-volunteer-language-support-for-migrants-in-serbia\/","url":"https:\/\/idcserbia.org\/en\/marija-bozic-idc-volunteer-language-support-for-migrants-in-serbia\/","name":"Marija Bozic, IDC volunteer: Language support for migrants in Serbia - IDC Serbia","isPartOf":{"@id":"https:\/\/idcserbia.org\/#website"},"primaryImageOfPage":{"@id":"https:\/\/idcserbia.org\/en\/marija-bozic-idc-volunteer-language-support-for-migrants-in-serbia\/#primaryimage"},"image":{"@id":"https:\/\/idcserbia.org\/en\/marija-bozic-idc-volunteer-language-support-for-migrants-in-serbia\/#primaryimage"},"thumbnailUrl":"https:\/\/idcserbia.org\/wp-content\/uploads\/2018\/04\/IDC-Integration-workshops-of-serbian-language.jpg","datePublished":"2018-04-12T09:02:28+00:00","dateModified":"2018-05-24T13:39:44+00:00","author":{"@id":"https:\/\/idcserbia.org\/#\/schema\/person\/9aabc1ee6cfdc5d7234d97fe33b1ff45"},"breadcrumb":{"@id":"https:\/\/idcserbia.org\/en\/marija-bozic-idc-volunteer-language-support-for-migrants-in-serbia\/#breadcrumb"},"inLanguage":"en-US","potentialAction":[{"@type":"ReadAction","target":["https:\/\/idcserbia.org\/en\/marija-bozic-idc-volunteer-language-support-for-migrants-in-serbia\/"]}]},{"@type":"ImageObject","inLanguage":"en-US","@id":"https:\/\/idcserbia.org\/en\/marija-bozic-idc-volunteer-language-support-for-migrants-in-serbia\/#primaryimage","url":"https:\/\/idcserbia.org\/wp-content\/uploads\/2018\/04\/IDC-Integration-workshops-of-serbian-language.jpg","contentUrl":"https:\/\/idcserbia.org\/wp-content\/uploads\/2018\/04\/IDC-Integration-workshops-of-serbian-language.jpg","width":1600,"height":1200},{"@type":"BreadcrumbList","@id":"https:\/\/idcserbia.org\/en\/marija-bozic-idc-volunteer-language-support-for-migrants-in-serbia\/#breadcrumb","itemListElement":[{"@type":"ListItem","position":1,"name":"Home","item":"https:\/\/idcserbia.org\/en\/"},{"@type":"ListItem","position":2,"name":"Marija Bozic, IDC volunteer: Language support for migrants in Serbia"}]},{"@type":"WebSite","@id":"https:\/\/idcserbia.org\/#website","url":"https:\/\/idcserbia.org\/","name":"IDC Serbia","description":"Association of Citizens Initiative for Development and Cooperation\r\n","potentialAction":[{"@type":"SearchAction","target":{"@type":"EntryPoint","urlTemplate":"https:\/\/idcserbia.org\/?s={search_term_string}"},"query-input":{"@type":"PropertyValueSpecification","valueRequired":true,"valueName":"search_term_string"}}],"inLanguage":"en-US"},{"@type":"Person","@id":"https:\/\/idcserbia.org\/#\/schema\/person\/9aabc1ee6cfdc5d7234d97fe33b1ff45","name":"IDC Serbia","url":"https:\/\/idcserbia.org\/en\/author\/idc-serbia\/"}]}},"_links":{"self":[{"href":"https:\/\/idcserbia.org\/en\/wp-json\/wp\/v2\/posts\/3433","targetHints":{"allow":["GET"]}}],"collection":[{"href":"https:\/\/idcserbia.org\/en\/wp-json\/wp\/v2\/posts"}],"about":[{"href":"https:\/\/idcserbia.org\/en\/wp-json\/wp\/v2\/types\/post"}],"author":[{"embeddable":true,"href":"https:\/\/idcserbia.org\/en\/wp-json\/wp\/v2\/users\/2"}],"replies":[{"embeddable":true,"href":"https:\/\/idcserbia.org\/en\/wp-json\/wp\/v2\/comments?post=3433"}],"version-history":[{"count":1,"href":"https:\/\/idcserbia.org\/en\/wp-json\/wp\/v2\/posts\/3433\/revisions"}],"predecessor-version":[{"id":3434,"href":"https:\/\/idcserbia.org\/en\/wp-json\/wp\/v2\/posts\/3433\/revisions\/3434"}],"wp:featuredmedia":[{"embeddable":true,"href":"https:\/\/idcserbia.org\/en\/wp-json\/wp\/v2\/media\/3435"}],"wp:attachment":[{"href":"https:\/\/idcserbia.org\/en\/wp-json\/wp\/v2\/media?parent=3433"}],"wp:term":[{"taxonomy":"category","embeddable":true,"href":"https:\/\/idcserbia.org\/en\/wp-json\/wp\/v2\/categories?post=3433"},{"taxonomy":"post_tag","embeddable":true,"href":"https:\/\/idcserbia.org\/en\/wp-json\/wp\/v2\/tags?post=3433"}],"curies":[{"name":"wp","href":"https:\/\/api.w.org\/{rel}","templated":true}]}}