{"id":3446,"date":"2018-06-01T12:22:17","date_gmt":"2018-06-01T10:22:17","guid":{"rendered":"http:\/\/idcserbia.org\/en\/?p=3446"},"modified":"2022-11-24T23:42:08","modified_gmt":"2022-11-24T22:42:08","slug":"final-conference-german-support-to-refugees-and-migrants-in-serbia","status":"publish","type":"post","link":"https:\/\/idcserbia.org\/en\/final-conference-german-support-to-refugees-and-migrants-in-serbia\/","title":{"rendered":"Final conference: German support to refugees and migrants in Serbia"},"content":{"rendered":"<div id=\"s-share-buttons\" class=\"horizontal-w-c-circular s-share-w-c\"><a href=\"http:\/\/www.facebook.com\/sharer.php?u=https:\/\/idcserbia.org\/en\/final-conference-german-support-to-refugees-and-migrants-in-serbia\/\" target=\"_blank\" title=\"Share to Facebook\" class=\"s3-facebook hint--top\"><\/a><a href=\"http:\/\/twitter.com\/intent\/tweet?text=Final conference: German support to refugees and migrants in Serbia&url=https:\/\/idcserbia.org\/en\/final-conference-german-support-to-refugees-and-migrants-in-serbia\/\" target=\"_blank\"  title=\"Share to Twitter\" class=\"s3-twitter hint--top\"><\/a><a href=\"http:\/\/www.linkedin.com\/shareArticle?mini=true&url=https:\/\/idcserbia.org\/en\/final-conference-german-support-to-refugees-and-migrants-in-serbia\/\" target=\"_blank\" title=\"Share to LinkedIn\" class=\"s3-linkedin hint--top\"><\/a><a href=\"mailto:?Subject=Final%20conference:%20German%20support%20to%20refugees%20and%20migrants%20in%20Serbia&Body=Here%20is%20the%20link%20to%20the%20article:%20https:\/\/idcserbia.org\/en\/final-conference-german-support-to-refugees-and-migrants-in-serbia\/\" title=\"Email this article\" class=\"s3-email hint--top\"><\/a><\/div><p><span id=\"result_box\" class=\"\" lang=\"en\"><span title=\"Danas se zavr\u0161ava trogodi\u0161nji anga\u017eman IDC-a na pru\u017eanju podr\u0161ke i pomo\u0107i migrantima na putu kroz Srbiju.\">Today, IDC&#8217;s three-year long commitment to support and help migrants on the route through Serbia ends. <\/span><span title=\"Tokom ovih godina osim medicinske pomo\u0107i koja je bila glavna komponenta, IDC je bio anga\u017eovan pru\u017eanju humanitarne pomo\u0107i, realizaciji volonterskih aktivnosti, aktivnosti posve\u0107enih ja\u010danju  kohezije u lokalnoj zajednici.\">During these three years, apart from the medical assistance that was the main component, IDC was engaged in the provision of humanitarian assistance, the implementation of volunteer activities and activities dedicated to strengthening cohesion in the local community. <\/span><span title=\"Zavr\u0161nom konferencijom okupili smo veliki broj saradnika, prijatelja i zainteresovanih strana sa kojima smo se jo\u0161 jednom osvrnuli na zajedni\u010dka postignu\u0107a i budu\u0107e planove.\n\n\">With the closing conference we gathered a large number of associates, friends and stakeholders with whom we honored our common achievements and discussed our future plans.<\/span><\/span><\/p>\n<p><span id=\"result_box\" class=\"\" lang=\"en\"><span title=\"U okviru prvog panela, koji je moderirao direktor ASB-a za Srbiju Gordan Velev, govorili su Ketrin Ciganovski, predstavnica Ambasade Nema\u010dke, Ivan Gerginov iz Komesarijata za izbeglice i migracije RS, Hans Fridrih \u0160oder iz UNHCR i Nikolas Bizel iz Delegacije EU u Srbiji.\n\">Speakers of the first panel, moderated by ASB Director for Serbia Gordan Velev, were Ketrin Ciganovski, representative of the German Embassy, \u200b\u200bIvan Gerginov from the Commissariat for Refugees and Migration of the Republic of Serbia, Hans Friedrich Schoder, representative of\u00a0 UNHCR, and Nikolas Bizel from the EU Delegation to Serbia.<\/span><\/span><\/p>\n<p><span id=\"result_box\" class=\"\" lang=\"en\"><span title=\"Zavr\u0161nom konferencijom okupili smo veliki broj saradnika, prijatelja i zainteresovanih strana sa kojima smo se jo\u0161 jednom osvrnuli na zajedni\u010dka postignu\u0107a i budu\u0107e planove.\n\n\"><img loading=\"lazy\" decoding=\"async\" class=\"alignleft size-medium wp-image-3441\" src=\"http:\/\/idcserbia.org\/wp-content\/uploads\/2018\/06\/DSC_4792-300x200.jpg\" alt=\"\" width=\"300\" height=\"200\" srcset=\"https:\/\/idcserbia.org\/wp-content\/uploads\/2018\/06\/DSC_4792-300x200.jpg 300w, https:\/\/idcserbia.org\/wp-content\/uploads\/2018\/06\/DSC_4792-768x512.jpg 768w, https:\/\/idcserbia.org\/wp-content\/uploads\/2018\/06\/DSC_4792-1024x683.jpg 1024w, https:\/\/idcserbia.org\/wp-content\/uploads\/2018\/06\/DSC_4792-200x133.jpg 200w, https:\/\/idcserbia.org\/wp-content\/uploads\/2018\/06\/DSC_4792.jpg 1920w\" sizes=\"auto, (max-width: 300px) 100vw, 300px\" \/><\/span><\/span><\/p>\n<p><img loading=\"lazy\" decoding=\"async\" class=\"alignleft size-medium wp-image-3440\" src=\"http:\/\/idcserbia.org\/wp-content\/uploads\/2018\/06\/DSC_4860-300x200.jpg\" alt=\"\" width=\"300\" height=\"200\" srcset=\"https:\/\/idcserbia.org\/wp-content\/uploads\/2018\/06\/DSC_4860-300x200.jpg 300w, https:\/\/idcserbia.org\/wp-content\/uploads\/2018\/06\/DSC_4860-768x512.jpg 768w, https:\/\/idcserbia.org\/wp-content\/uploads\/2018\/06\/DSC_4860-1024x683.jpg 1024w, https:\/\/idcserbia.org\/wp-content\/uploads\/2018\/06\/DSC_4860-200x133.jpg 200w, https:\/\/idcserbia.org\/wp-content\/uploads\/2018\/06\/DSC_4860.jpg 1920w\" sizes=\"auto, (max-width: 300px) 100vw, 300px\" \/><\/p>\n<p>&nbsp;<\/p>\n<p>&nbsp;<\/p>\n<p>&nbsp;<\/p>\n<p><span id=\"result_box\" class=\"\" lang=\"en\"><span title=\"Zavr\u0161nom konferencijom okupili smo veliki broj saradnika, prijatelja i zainteresovanih strana sa kojima smo se jo\u0161 jednom osvrnuli na zajedni\u010dka postignu\u0107a i budu\u0107e planove.\n\n\"><br \/>\n<\/span><br \/>\n<\/span><\/p>\n<p>&nbsp;<\/p>\n<p><span id=\"result_box\" class=\"\" lang=\"en\"><span title=\"U okviru prvog panela, koji je moderirao direktor ASB-a za Srbiju Gordan Velev, govorili su Ketrin Ciganovski, predstavnica Ambasade Nema\u010dke, Ivan Gerginov iz Komesarijata za izbeglice i migracije RS, Hans Fridrih \u0160oder iz UNHCR i Nikolas Bizel iz Delegacije EU u Srbiji.\n\">Second panel speakers, were <\/span><span title=\"U okviru drugog panela, koji je moderirao direktor IDC, Miodrag Nedeljkovi\u0107, govorili su Dr Vesna Knjeginji\u0107, pomo\u0107nik ministra u Ministarstvu zdravlja RS, Ivan Gerginov iz Komesarijata za izbeglice i migracije RS, Dr Peri\u0161a Simonovi\u0107 iz Instituta za javno zdravlje Batut, Dr Krsto Kure\u0161\">Dr Vesna Knjeginji\u0107, Deputy Minister of the Ministry of Health of the Republic of Serbia, Ivan Gerginov Deputy Commissioner for Refugees and Migration, Dr Peri\u0161a Simonovi\u0107 from the Institute for Public Health Batut and Dr Krsto Kure\u0161, director of Health care center Sid and Dr Predrgag Zivotic, from World Health Organisation. The panel was moderated by the Director of IDC, Miodrag Nedeljkovi\u0107. <\/span><\/span><\/p>\n<p><img loading=\"lazy\" decoding=\"async\" class=\"alignleft size-medium wp-image-3442\" src=\"http:\/\/idcserbia.org\/wp-content\/uploads\/2018\/06\/DSC_4910-300x200.jpg\" alt=\"\" width=\"300\" height=\"200\" srcset=\"https:\/\/idcserbia.org\/wp-content\/uploads\/2018\/06\/DSC_4910-300x200.jpg 300w, https:\/\/idcserbia.org\/wp-content\/uploads\/2018\/06\/DSC_4910-768x512.jpg 768w, https:\/\/idcserbia.org\/wp-content\/uploads\/2018\/06\/DSC_4910-1024x683.jpg 1024w, https:\/\/idcserbia.org\/wp-content\/uploads\/2018\/06\/DSC_4910-200x133.jpg 200w, https:\/\/idcserbia.org\/wp-content\/uploads\/2018\/06\/DSC_4910.jpg 1920w\" sizes=\"auto, (max-width: 300px) 100vw, 300px\" \/><\/p>\n<p><img loading=\"lazy\" decoding=\"async\" class=\"alignleft size-medium wp-image-3443\" src=\"http:\/\/idcserbia.org\/wp-content\/uploads\/2018\/06\/IMG_8163-Medium-300x200.jpg\" alt=\"\" width=\"300\" height=\"200\" srcset=\"https:\/\/idcserbia.org\/wp-content\/uploads\/2018\/06\/IMG_8163-Medium-300x200.jpg 300w, https:\/\/idcserbia.org\/wp-content\/uploads\/2018\/06\/IMG_8163-Medium-768x512.jpg 768w, https:\/\/idcserbia.org\/wp-content\/uploads\/2018\/06\/IMG_8163-Medium-1024x683.jpg 1024w, https:\/\/idcserbia.org\/wp-content\/uploads\/2018\/06\/IMG_8163-Medium-200x133.jpg 200w, https:\/\/idcserbia.org\/wp-content\/uploads\/2018\/06\/IMG_8163-Medium.jpg 1152w\" sizes=\"auto, (max-width: 300px) 100vw, 300px\" \/><\/p>\n<p>&nbsp;<\/p>\n<p>&nbsp;<\/p>\n<p>&nbsp;<\/p>\n<p>&nbsp;<\/p>\n<p>&nbsp;<\/p>\n<p>&nbsp;<\/p>\n<p><span id=\"result_box\" class=\"\" lang=\"en\"><span title=\"Medicinski timovi IDC-a podr\u017eani su projektima podr\u017eanim od strane Nema\u010dkog ministarstva spoljnih poslova, koji su realizovani u saradnji sa Arbeiter Samariter Bund Srbija, kao i projektom Na\u0161a ambulanta podr\u017eanim od strane ASB Bavaria i projektima podr\u017eanim od strane grupe \u0161panskih donatora koje je IDC realizovao sam\">Medical teams are supported within the projects funded by German Federal Foreign Ministry and implemented in cooperation with Arbeiter Samariter Bund SEE, as well as through the project Our Community Infirmary supported by ASB Bavaria and projects supported by a group of Spanish donors implemented by IDC <\/span><span title=\".\">. <\/span><span title=\"Tokom prethodne tri godine IDC medicinski timovi realizovali su 52.403 medicinske intervencije.\">Over the past three years IDC medical teams have realized 52,403 medical interventions. <\/span><span title=\"U jednom trenutku 7 anga\u017eovanih medicinskih timova, 2 mobilna volonterska tima, zubna ambulanta u \u0160idu, pomo\u0107 u lekovima, medicinskoj opremi i medicinskim vozilima samo su deo aktivnosti kojima smo zahvaljuju\u0107i podr\u0161ci donatora uspeli da damo doprinos pru\u017eanju adekvatnog i humanog odgovora na potrebe migranta u Srbiji\">At one point, 7 medical teams engaged, 2 mobile medical teams, dental clinic in \u0160id,\u00a0 medicines and medical equipment, medical vehicles, and volunteer teams a are just a part of the activities that contributed to providing quality humanitarian response to the needs of migrants in Serbia<\/span><span title=\".\">.<br \/>\n<\/span><\/span><\/p>\n<p>&nbsp;<\/p>\n","protected":false},"excerpt":{"rendered":"<p>Today, IDC&#8217;s three-year long commitment to support and help migrants on the route through Serbia ends. During these three years, apart from the medical assistance that was the main component, IDC was engaged in the provision of humanitarian assistance, the implementation of volunteer activities and activities dedicated to strengthening cohesion in the local community. With [&hellip;]<\/p>\n","protected":false},"author":2,"featured_media":3442,"comment_status":"closed","ping_status":"closed","sticky":false,"template":"","format":"standard","meta":{"footnotes":""},"categories":[163],"tags":[],"class_list":["post-3446","post","type-post","status-publish","format-standard","has-post-thumbnail","hentry","category-aktuelno-en"],"yoast_head":"<!-- This site is optimized with the Yoast SEO plugin v27.4 - https:\/\/yoast.com\/product\/yoast-seo-wordpress\/ -->\n<title>Final conference: German support to refugees and migrants in Serbia - IDC Serbia<\/title>\n<meta name=\"robots\" content=\"index, follow, max-snippet:-1, max-image-preview:large, max-video-preview:-1\" \/>\n<link rel=\"canonical\" href=\"https:\/\/idcserbia.org\/en\/final-conference-german-support-to-refugees-and-migrants-in-serbia\/\" \/>\n<meta property=\"og:locale\" content=\"en_US\" \/>\n<meta property=\"og:type\" content=\"article\" \/>\n<meta property=\"og:title\" content=\"Final conference: German support to refugees and migrants in Serbia - IDC Serbia\" \/>\n<meta property=\"og:description\" content=\"Today, IDC&#8217;s three-year long commitment to support and help migrants on the route through Serbia ends. During these three years, apart from the medical assistance that was the main component, IDC was engaged in the provision of humanitarian assistance, the implementation of volunteer activities and activities dedicated to strengthening cohesion in the local community. With [&hellip;]\" \/>\n<meta property=\"og:url\" content=\"https:\/\/idcserbia.org\/en\/final-conference-german-support-to-refugees-and-migrants-in-serbia\/\" \/>\n<meta property=\"og:site_name\" content=\"IDC Serbia\" \/>\n<meta property=\"article:publisher\" content=\"https:\/\/www.facebook.com\/idc.serbia\" \/>\n<meta property=\"article:published_time\" content=\"2018-06-01T10:22:17+00:00\" \/>\n<meta property=\"article:modified_time\" content=\"2022-11-24T22:42:08+00:00\" \/>\n<meta property=\"og:image\" content=\"https:\/\/idcserbia.org\/wp-content\/uploads\/2018\/06\/DSC_4910.jpg\" \/>\n\t<meta property=\"og:image:width\" content=\"1920\" \/>\n\t<meta property=\"og:image:height\" content=\"1280\" \/>\n\t<meta property=\"og:image:type\" content=\"image\/jpeg\" \/>\n<meta name=\"author\" content=\"IDC Serbia\" \/>\n<meta name=\"twitter:card\" content=\"summary_large_image\" \/>\n<meta name=\"twitter:creator\" content=\"@IDCSERBIA\" \/>\n<meta name=\"twitter:site\" content=\"@IDCSERBIA\" \/>\n<meta name=\"twitter:label1\" content=\"Written by\" \/>\n\t<meta name=\"twitter:data1\" content=\"IDC Serbia\" \/>\n\t<meta name=\"twitter:label2\" content=\"Est. reading time\" \/>\n\t<meta name=\"twitter:data2\" content=\"2 minutes\" \/>\n<script type=\"application\/ld+json\" class=\"yoast-schema-graph\">{\"@context\":\"https:\\\/\\\/schema.org\",\"@graph\":[{\"@type\":\"Article\",\"@id\":\"https:\\\/\\\/idcserbia.org\\\/en\\\/final-conference-german-support-to-refugees-and-migrants-in-serbia\\\/#article\",\"isPartOf\":{\"@id\":\"https:\\\/\\\/idcserbia.org\\\/en\\\/final-conference-german-support-to-refugees-and-migrants-in-serbia\\\/\"},\"author\":{\"name\":\"IDC Serbia\",\"@id\":\"https:\\\/\\\/idcserbia.org\\\/#\\\/schema\\\/person\\\/9aabc1ee6cfdc5d7234d97fe33b1ff45\"},\"headline\":\"Final conference: German support to refugees and migrants in Serbia\",\"datePublished\":\"2018-06-01T10:22:17+00:00\",\"dateModified\":\"2022-11-24T22:42:08+00:00\",\"mainEntityOfPage\":{\"@id\":\"https:\\\/\\\/idcserbia.org\\\/en\\\/final-conference-german-support-to-refugees-and-migrants-in-serbia\\\/\"},\"wordCount\":321,\"image\":{\"@id\":\"https:\\\/\\\/idcserbia.org\\\/en\\\/final-conference-german-support-to-refugees-and-migrants-in-serbia\\\/#primaryimage\"},\"thumbnailUrl\":\"https:\\\/\\\/idcserbia.org\\\/wp-content\\\/uploads\\\/2018\\\/06\\\/DSC_4910.jpg\",\"articleSection\":[\"Actual\"],\"inLanguage\":\"en-US\"},{\"@type\":\"WebPage\",\"@id\":\"https:\\\/\\\/idcserbia.org\\\/en\\\/final-conference-german-support-to-refugees-and-migrants-in-serbia\\\/\",\"url\":\"https:\\\/\\\/idcserbia.org\\\/en\\\/final-conference-german-support-to-refugees-and-migrants-in-serbia\\\/\",\"name\":\"Final conference: German support to refugees and migrants in Serbia - IDC Serbia\",\"isPartOf\":{\"@id\":\"https:\\\/\\\/idcserbia.org\\\/#website\"},\"primaryImageOfPage\":{\"@id\":\"https:\\\/\\\/idcserbia.org\\\/en\\\/final-conference-german-support-to-refugees-and-migrants-in-serbia\\\/#primaryimage\"},\"image\":{\"@id\":\"https:\\\/\\\/idcserbia.org\\\/en\\\/final-conference-german-support-to-refugees-and-migrants-in-serbia\\\/#primaryimage\"},\"thumbnailUrl\":\"https:\\\/\\\/idcserbia.org\\\/wp-content\\\/uploads\\\/2018\\\/06\\\/DSC_4910.jpg\",\"datePublished\":\"2018-06-01T10:22:17+00:00\",\"dateModified\":\"2022-11-24T22:42:08+00:00\",\"author\":{\"@id\":\"https:\\\/\\\/idcserbia.org\\\/#\\\/schema\\\/person\\\/9aabc1ee6cfdc5d7234d97fe33b1ff45\"},\"breadcrumb\":{\"@id\":\"https:\\\/\\\/idcserbia.org\\\/en\\\/final-conference-german-support-to-refugees-and-migrants-in-serbia\\\/#breadcrumb\"},\"inLanguage\":\"en-US\",\"potentialAction\":[{\"@type\":\"ReadAction\",\"target\":[\"https:\\\/\\\/idcserbia.org\\\/en\\\/final-conference-german-support-to-refugees-and-migrants-in-serbia\\\/\"]}]},{\"@type\":\"ImageObject\",\"inLanguage\":\"en-US\",\"@id\":\"https:\\\/\\\/idcserbia.org\\\/en\\\/final-conference-german-support-to-refugees-and-migrants-in-serbia\\\/#primaryimage\",\"url\":\"https:\\\/\\\/idcserbia.org\\\/wp-content\\\/uploads\\\/2018\\\/06\\\/DSC_4910.jpg\",\"contentUrl\":\"https:\\\/\\\/idcserbia.org\\\/wp-content\\\/uploads\\\/2018\\\/06\\\/DSC_4910.jpg\",\"width\":1920,\"height\":1280},{\"@type\":\"BreadcrumbList\",\"@id\":\"https:\\\/\\\/idcserbia.org\\\/en\\\/final-conference-german-support-to-refugees-and-migrants-in-serbia\\\/#breadcrumb\",\"itemListElement\":[{\"@type\":\"ListItem\",\"position\":1,\"name\":\"Home\",\"item\":\"https:\\\/\\\/idcserbia.org\\\/en\\\/\"},{\"@type\":\"ListItem\",\"position\":2,\"name\":\"Final conference: German support to refugees and migrants in Serbia\"}]},{\"@type\":\"WebSite\",\"@id\":\"https:\\\/\\\/idcserbia.org\\\/#website\",\"url\":\"https:\\\/\\\/idcserbia.org\\\/\",\"name\":\"IDC Serbia\",\"description\":\"Association of Citizens Initiative for Development and Cooperation\\r\\n\",\"potentialAction\":[{\"@type\":\"SearchAction\",\"target\":{\"@type\":\"EntryPoint\",\"urlTemplate\":\"https:\\\/\\\/idcserbia.org\\\/?s={search_term_string}\"},\"query-input\":{\"@type\":\"PropertyValueSpecification\",\"valueRequired\":true,\"valueName\":\"search_term_string\"}}],\"inLanguage\":\"en-US\"},{\"@type\":\"Person\",\"@id\":\"https:\\\/\\\/idcserbia.org\\\/#\\\/schema\\\/person\\\/9aabc1ee6cfdc5d7234d97fe33b1ff45\",\"name\":\"IDC Serbia\",\"url\":\"https:\\\/\\\/idcserbia.org\\\/en\\\/author\\\/idc-serbia\\\/\"}]}<\/script>\n<!-- \/ Yoast SEO plugin. -->","yoast_head_json":{"title":"Final conference: German support to refugees and migrants in Serbia - IDC Serbia","robots":{"index":"index","follow":"follow","max-snippet":"max-snippet:-1","max-image-preview":"max-image-preview:large","max-video-preview":"max-video-preview:-1"},"canonical":"https:\/\/idcserbia.org\/en\/final-conference-german-support-to-refugees-and-migrants-in-serbia\/","og_locale":"en_US","og_type":"article","og_title":"Final conference: German support to refugees and migrants in Serbia - IDC Serbia","og_description":"Today, IDC&#8217;s three-year long commitment to support and help migrants on the route through Serbia ends. During these three years, apart from the medical assistance that was the main component, IDC was engaged in the provision of humanitarian assistance, the implementation of volunteer activities and activities dedicated to strengthening cohesion in the local community. With [&hellip;]","og_url":"https:\/\/idcserbia.org\/en\/final-conference-german-support-to-refugees-and-migrants-in-serbia\/","og_site_name":"IDC Serbia","article_publisher":"https:\/\/www.facebook.com\/idc.serbia","article_published_time":"2018-06-01T10:22:17+00:00","article_modified_time":"2022-11-24T22:42:08+00:00","og_image":[{"width":1920,"height":1280,"url":"https:\/\/idcserbia.org\/wp-content\/uploads\/2018\/06\/DSC_4910.jpg","type":"image\/jpeg"}],"author":"IDC Serbia","twitter_card":"summary_large_image","twitter_creator":"@IDCSERBIA","twitter_site":"@IDCSERBIA","twitter_misc":{"Written by":"IDC Serbia","Est. reading time":"2 minutes"},"schema":{"@context":"https:\/\/schema.org","@graph":[{"@type":"Article","@id":"https:\/\/idcserbia.org\/en\/final-conference-german-support-to-refugees-and-migrants-in-serbia\/#article","isPartOf":{"@id":"https:\/\/idcserbia.org\/en\/final-conference-german-support-to-refugees-and-migrants-in-serbia\/"},"author":{"name":"IDC Serbia","@id":"https:\/\/idcserbia.org\/#\/schema\/person\/9aabc1ee6cfdc5d7234d97fe33b1ff45"},"headline":"Final conference: German support to refugees and migrants in Serbia","datePublished":"2018-06-01T10:22:17+00:00","dateModified":"2022-11-24T22:42:08+00:00","mainEntityOfPage":{"@id":"https:\/\/idcserbia.org\/en\/final-conference-german-support-to-refugees-and-migrants-in-serbia\/"},"wordCount":321,"image":{"@id":"https:\/\/idcserbia.org\/en\/final-conference-german-support-to-refugees-and-migrants-in-serbia\/#primaryimage"},"thumbnailUrl":"https:\/\/idcserbia.org\/wp-content\/uploads\/2018\/06\/DSC_4910.jpg","articleSection":["Actual"],"inLanguage":"en-US"},{"@type":"WebPage","@id":"https:\/\/idcserbia.org\/en\/final-conference-german-support-to-refugees-and-migrants-in-serbia\/","url":"https:\/\/idcserbia.org\/en\/final-conference-german-support-to-refugees-and-migrants-in-serbia\/","name":"Final conference: German support to refugees and migrants in Serbia - IDC Serbia","isPartOf":{"@id":"https:\/\/idcserbia.org\/#website"},"primaryImageOfPage":{"@id":"https:\/\/idcserbia.org\/en\/final-conference-german-support-to-refugees-and-migrants-in-serbia\/#primaryimage"},"image":{"@id":"https:\/\/idcserbia.org\/en\/final-conference-german-support-to-refugees-and-migrants-in-serbia\/#primaryimage"},"thumbnailUrl":"https:\/\/idcserbia.org\/wp-content\/uploads\/2018\/06\/DSC_4910.jpg","datePublished":"2018-06-01T10:22:17+00:00","dateModified":"2022-11-24T22:42:08+00:00","author":{"@id":"https:\/\/idcserbia.org\/#\/schema\/person\/9aabc1ee6cfdc5d7234d97fe33b1ff45"},"breadcrumb":{"@id":"https:\/\/idcserbia.org\/en\/final-conference-german-support-to-refugees-and-migrants-in-serbia\/#breadcrumb"},"inLanguage":"en-US","potentialAction":[{"@type":"ReadAction","target":["https:\/\/idcserbia.org\/en\/final-conference-german-support-to-refugees-and-migrants-in-serbia\/"]}]},{"@type":"ImageObject","inLanguage":"en-US","@id":"https:\/\/idcserbia.org\/en\/final-conference-german-support-to-refugees-and-migrants-in-serbia\/#primaryimage","url":"https:\/\/idcserbia.org\/wp-content\/uploads\/2018\/06\/DSC_4910.jpg","contentUrl":"https:\/\/idcserbia.org\/wp-content\/uploads\/2018\/06\/DSC_4910.jpg","width":1920,"height":1280},{"@type":"BreadcrumbList","@id":"https:\/\/idcserbia.org\/en\/final-conference-german-support-to-refugees-and-migrants-in-serbia\/#breadcrumb","itemListElement":[{"@type":"ListItem","position":1,"name":"Home","item":"https:\/\/idcserbia.org\/en\/"},{"@type":"ListItem","position":2,"name":"Final conference: German support to refugees and migrants in Serbia"}]},{"@type":"WebSite","@id":"https:\/\/idcserbia.org\/#website","url":"https:\/\/idcserbia.org\/","name":"IDC Serbia","description":"Association of Citizens Initiative for Development and Cooperation\r\n","potentialAction":[{"@type":"SearchAction","target":{"@type":"EntryPoint","urlTemplate":"https:\/\/idcserbia.org\/?s={search_term_string}"},"query-input":{"@type":"PropertyValueSpecification","valueRequired":true,"valueName":"search_term_string"}}],"inLanguage":"en-US"},{"@type":"Person","@id":"https:\/\/idcserbia.org\/#\/schema\/person\/9aabc1ee6cfdc5d7234d97fe33b1ff45","name":"IDC Serbia","url":"https:\/\/idcserbia.org\/en\/author\/idc-serbia\/"}]}},"_links":{"self":[{"href":"https:\/\/idcserbia.org\/en\/wp-json\/wp\/v2\/posts\/3446","targetHints":{"allow":["GET"]}}],"collection":[{"href":"https:\/\/idcserbia.org\/en\/wp-json\/wp\/v2\/posts"}],"about":[{"href":"https:\/\/idcserbia.org\/en\/wp-json\/wp\/v2\/types\/post"}],"author":[{"embeddable":true,"href":"https:\/\/idcserbia.org\/en\/wp-json\/wp\/v2\/users\/2"}],"replies":[{"embeddable":true,"href":"https:\/\/idcserbia.org\/en\/wp-json\/wp\/v2\/comments?post=3446"}],"version-history":[{"count":1,"href":"https:\/\/idcserbia.org\/en\/wp-json\/wp\/v2\/posts\/3446\/revisions"}],"predecessor-version":[{"id":3447,"href":"https:\/\/idcserbia.org\/en\/wp-json\/wp\/v2\/posts\/3446\/revisions\/3447"}],"wp:featuredmedia":[{"embeddable":true,"href":"https:\/\/idcserbia.org\/en\/wp-json\/wp\/v2\/media\/3442"}],"wp:attachment":[{"href":"https:\/\/idcserbia.org\/en\/wp-json\/wp\/v2\/media?parent=3446"}],"wp:term":[{"taxonomy":"category","embeddable":true,"href":"https:\/\/idcserbia.org\/en\/wp-json\/wp\/v2\/categories?post=3446"},{"taxonomy":"post_tag","embeddable":true,"href":"https:\/\/idcserbia.org\/en\/wp-json\/wp\/v2\/tags?post=3446"}],"curies":[{"name":"wp","href":"https:\/\/api.w.org\/{rel}","templated":true}]}}