{"id":3533,"date":"2018-09-12T13:12:02","date_gmt":"2018-09-12T11:12:02","guid":{"rendered":"http:\/\/idcserbia.org\/en\/?p=3533"},"modified":"2022-11-24T23:42:00","modified_gmt":"2022-11-24T22:42:00","slug":"meeting-of-members-of-the-iris-network-in-serbia","status":"publish","type":"post","link":"https:\/\/idcserbia.org\/en\/meeting-of-members-of-the-iris-network-in-serbia\/","title":{"rendered":"Meeting of members of the IRIS network in Serbia"},"content":{"rendered":"<div id=\"s-share-buttons\" class=\"horizontal-w-c-circular s-share-w-c\"><a href=\"http:\/\/www.facebook.com\/sharer.php?u=https:\/\/idcserbia.org\/en\/meeting-of-members-of-the-iris-network-in-serbia\/\" target=\"_blank\" title=\"Share to Facebook\" class=\"s3-facebook hint--top\"><\/a><a href=\"http:\/\/twitter.com\/intent\/tweet?text=Meeting of members of the IRIS network in Serbia&url=https:\/\/idcserbia.org\/en\/meeting-of-members-of-the-iris-network-in-serbia\/\" target=\"_blank\"  title=\"Share to Twitter\" class=\"s3-twitter hint--top\"><\/a><a href=\"http:\/\/www.linkedin.com\/shareArticle?mini=true&url=https:\/\/idcserbia.org\/en\/meeting-of-members-of-the-iris-network-in-serbia\/\" target=\"_blank\" title=\"Share to LinkedIn\" class=\"s3-linkedin hint--top\"><\/a><a href=\"mailto:?Subject=Meeting%20of%20members%20of%20the%20IRIS%20network%20in%20Serbia&Body=Here%20is%20the%20link%20to%20the%20article:%20https:\/\/idcserbia.org\/en\/meeting-of-members-of-the-iris-network-in-serbia\/\" title=\"Email this article\" class=\"s3-email hint--top\"><\/a><\/div><p><span class=\"\" lang=\"en\"><strong><span title=\"IDC i IRIS mre\u017ea organizovali su, 11.09.2018.\">IDC and IRIS network organized<\/span><\/strong><span title=\"u Beogradu, sastanak \u010dlanica IRIS mre\u017ee u Srbiji.\n\n\"><strong> a meeting of members of the IRIS network on <span title=\"IDC i IRIS mre\u017ea organizovali su, 11.09.2018.\">September 11, 2018, <\/span>in Belgrade, Serbia.<\/strong><\/p>\n<p><\/span><span title=\"Na sastanku je \u010dlanicama mre\u017ee predstavljen IDC, kao organizacija koja je preuzela vo\u0111enje IRIS mre\u017ee od decembra 2017. godine i koja \u0107e se u narednom periodu  kroz IRIS mre\u017eu baviti unapre\u0111ivanjem rada \u010dlanica putem finansijske i nefinansijske podr\u0161ke.\n\n\">Within the meeting, members of the network got a chance to hear more about IDC, as the organization that took over the leadership of the <a href=\"http:\/\/iris-see.eu\/\">IRIS network<\/a> since December 2017 and will, in the future period, work with the IRIS network to improve the work of members through financial and non-financial support.<\/p>\n<p><\/span><span title=\"Nove i stare \u010dlanice mre\u017ee imale su prilike da se upoznaju sa aktuelnim ciklusom aktivnosti projekta, sa aktivnostima IDC-a kao i sa aktivnostima kojima se bave same \u010dlanice mre\u017ee.\">New and old network members had the opportunity to get acquainted with the current project cycle, IDC activities, and the activities of the network itself. <\/span><span title=\"Tako su dobili priliku da razmene sopstvena iskustva u pru\u017eanju socijalnih usluga sa kolegama i razviju ideje o potencijalnoj saradnji u budu\u0107nosti kako u okviru IRIS mre\u017ee, tako i na samostalnim projektima.\n\n\">They have thus been given the opportunity to exchange their own experience in providing social services with their colleagues and develop ideas about potential future cooperation both within the IRIS network and on independent projects.<\/p>\n<p><\/span><span title=\"Prisutnima je predstavljen projekat IRIS uMRE\u017dAvanje \u2013 Civilno dru\u0161tvo za za\u0161titu korisnika u sistemu upravljanja migracijama, doga\u0111aji koji predstoje u narednom periodu a to su predstavljanje vodi\u010da koji je namenjen organizacijama koje \u017eele da se upoznaju sa sistemom socijalnih usluga namenjenih migrantima, izbeglicama i tra\u017eiocima azila, socijalna\">The future activities of the network within the <a href=\"http:\/\/idcserbia.org\/en\/projekti\/iris-networking-csos-for-protection-sensitive-migration-management\/\">project I<\/a><\/span><\/span>RIS NETWORKing \u2013 CSOs for protection sensitive migration management were also announced and presented, such as<span id=\"result_box\" class=\"\" lang=\"en\"><span title=\"Prisutnima je predstavljen projekat IRIS uMRE\u017dAvanje \u2013 Civilno dru\u0161tvo za za\u0161titu korisnika u sistemu upravljanja migracijama, doga\u0111aji koji predstoje u narednom periodu a to su predstavljanje vodi\u010da koji je namenjen organizacijama koje \u017eele da se upoznaju sa sistemom socijalnih usluga namenjenih migrantima, izbeglicama i tra\u017eiocima azila, socijalna\"> development of a Guide for organizations that want to get acquainted with the system of social services for migrants, refugees and asylum seekers, <\/span><span title=\"akademija za mlade profesionalce koji su na po\u010detku karijere i grant \u0161ema koja \u0107e biti raspisana krajem godine.\">academy for young professionals who are at the beginning of their career and grant scheme that is to be announced at the end of the year. <\/span><span title=\"Zavr\u0161ni deo sastanka moderirao je \u017darko \u0160underi\u0107, direktor Centra za socijalnu politiku, kako bi kroz diskusiju sa u\u010desnicima do\u0161ao do najboljih primera iz prakse i uporedio iskustva organizacija.\n\n\">The final part of the meeting was moderated by \u017darko \u0160underi\u0107, director of the Center for Social Policy, in order to come up with the best examples from the discussion with the participants and compare the experiences of the organizations.<\/p>\n<p><\/span><span title=\"Projekat IRIS umre\u017eavanje u okviru kog \u0107e biti realizovane najavljene pomenute aktivnosti relizuje IDC u partnerstvu sa ASB SEE (Nema\u010dka), LIR CD (Bosna i Hercegovina), Otvorena Porta \u2013 La Strada (Makedonija), Inicijativa ARSIS (Albanija) i SOS Podgorica (Crna\">IRIS networking project within which the announced mentioned activities will be realized will be realized by IDC in partnership with ASB SEE (Germany), LIR CD (Bosnia and Herzegovina), Open Porta &#8211; La Strada (Macedonia), ARSIS (Albania) initiative and SOS Podgorica <\/span><span title=\"Gora).\n\">Gora).<br \/>\n<\/span><span title=\"Projekat je podr\u017ean kroz Program Evropske komisije za konsolidovanje regionalnih tematskih mre\u017ea organizacija civilnog dru\u0161tva.\">The project is supported through the European Commission Program for the consolidation of regional thematic networks of civil society organizations<\/span><\/span><\/p>\n<p>&nbsp;<\/p>\n<p>The meeting and the announced activities are a part of the project IRIS Networking that is implemented by IDC in partnership with <a href=\"http:\/\/asb-see.org\/\">ASB <\/a>(Germany), <a href=\"http:\/\/www.lircd.org\/\">LIR CD<\/a> (Bosnia and Herzegovina), <a href=\"http:\/\/www.lastrada.org.mk\">Open Gate \u2013 La Strada <\/a>(FRY Macedonia), <a href=\"http:\/\/arsis-al.org\/web\/\">Initiative ARSIS<\/a> (Albania) and <a href=\"http:\/\/sospodgorica.me\/\">SOS Podgorica<\/a> (Montenegro).<\/p>\n<p>&nbsp;<\/p>\n<h4>The Project is supported through the European Commission Programme Consolidating Regional Thematic Networks of Civil Society Organizations.<\/h4>\n<p>&nbsp;<\/p>\n<p>&nbsp;<\/p>\n","protected":false},"excerpt":{"rendered":"<p>IDC and IRIS network organized a meeting of members of the IRIS network on September 11, 2018, in Belgrade, Serbia. Within the meeting, members of the network got a chance to hear more about IDC, as the organization that took over the leadership of the IRIS network since December 2017 and will, in the future [&hellip;]<\/p>\n","protected":false},"author":2,"featured_media":3530,"comment_status":"closed","ping_status":"closed","sticky":false,"template":"","format":"standard","meta":{"footnotes":""},"categories":[163],"tags":[185,190,206,205,181],"class_list":["post-3533","post","type-post","status-publish","format-standard","has-post-thumbnail","hentry","category-aktuelno-en","tag-eu","tag-migrants","tag-migrations","tag-see","tag-socialservices"],"yoast_head":"<!-- This site is optimized with the Yoast SEO plugin v27.4 - https:\/\/yoast.com\/product\/yoast-seo-wordpress\/ -->\n<title>Meeting of members of the IRIS network in Serbia - IDC Serbia<\/title>\n<meta name=\"robots\" content=\"index, follow, max-snippet:-1, max-image-preview:large, max-video-preview:-1\" \/>\n<link rel=\"canonical\" href=\"https:\/\/idcserbia.org\/en\/meeting-of-members-of-the-iris-network-in-serbia\/\" \/>\n<meta property=\"og:locale\" content=\"en_US\" \/>\n<meta property=\"og:type\" content=\"article\" \/>\n<meta property=\"og:title\" content=\"Meeting of members of the IRIS network in Serbia - IDC Serbia\" \/>\n<meta property=\"og:description\" content=\"IDC and IRIS network organized a meeting of members of the IRIS network on September 11, 2018, in Belgrade, Serbia. Within the meeting, members of the network got a chance to hear more about IDC, as the organization that took over the leadership of the IRIS network since December 2017 and will, in the future [&hellip;]\" \/>\n<meta property=\"og:url\" content=\"https:\/\/idcserbia.org\/en\/meeting-of-members-of-the-iris-network-in-serbia\/\" \/>\n<meta property=\"og:site_name\" content=\"IDC Serbia\" \/>\n<meta property=\"article:publisher\" content=\"https:\/\/www.facebook.com\/idc.serbia\" \/>\n<meta property=\"article:published_time\" content=\"2018-09-12T11:12:02+00:00\" \/>\n<meta property=\"article:modified_time\" content=\"2022-11-24T22:42:00+00:00\" \/>\n<meta property=\"og:image\" content=\"https:\/\/idcserbia.org\/wp-content\/uploads\/2018\/09\/DSCN5055-Medium.jpg\" \/>\n\t<meta property=\"og:image:width\" content=\"1024\" \/>\n\t<meta property=\"og:image:height\" content=\"768\" \/>\n\t<meta property=\"og:image:type\" content=\"image\/jpeg\" \/>\n<meta name=\"author\" content=\"IDC Serbia\" \/>\n<meta name=\"twitter:card\" content=\"summary_large_image\" \/>\n<meta name=\"twitter:creator\" content=\"@IDCSERBIA\" \/>\n<meta name=\"twitter:site\" content=\"@IDCSERBIA\" \/>\n<meta name=\"twitter:label1\" content=\"Written by\" \/>\n\t<meta name=\"twitter:data1\" content=\"IDC Serbia\" \/>\n\t<meta name=\"twitter:label2\" content=\"Est. reading time\" \/>\n\t<meta name=\"twitter:data2\" content=\"2 minutes\" \/>\n<script type=\"application\/ld+json\" class=\"yoast-schema-graph\">{\"@context\":\"https:\\\/\\\/schema.org\",\"@graph\":[{\"@type\":\"Article\",\"@id\":\"https:\\\/\\\/idcserbia.org\\\/en\\\/meeting-of-members-of-the-iris-network-in-serbia\\\/#article\",\"isPartOf\":{\"@id\":\"https:\\\/\\\/idcserbia.org\\\/en\\\/meeting-of-members-of-the-iris-network-in-serbia\\\/\"},\"author\":{\"name\":\"IDC Serbia\",\"@id\":\"https:\\\/\\\/idcserbia.org\\\/#\\\/schema\\\/person\\\/9aabc1ee6cfdc5d7234d97fe33b1ff45\"},\"headline\":\"Meeting of members of the IRIS network in Serbia\",\"datePublished\":\"2018-09-12T11:12:02+00:00\",\"dateModified\":\"2022-11-24T22:42:00+00:00\",\"mainEntityOfPage\":{\"@id\":\"https:\\\/\\\/idcserbia.org\\\/en\\\/meeting-of-members-of-the-iris-network-in-serbia\\\/\"},\"wordCount\":376,\"image\":{\"@id\":\"https:\\\/\\\/idcserbia.org\\\/en\\\/meeting-of-members-of-the-iris-network-in-serbia\\\/#primaryimage\"},\"thumbnailUrl\":\"https:\\\/\\\/idcserbia.org\\\/wp-content\\\/uploads\\\/2018\\\/09\\\/DSCN5055-Medium.jpg\",\"keywords\":[\"eu\",\"migrants\",\"migrations\",\"see\",\"socialservices\"],\"articleSection\":[\"Actual\"],\"inLanguage\":\"en-US\"},{\"@type\":\"WebPage\",\"@id\":\"https:\\\/\\\/idcserbia.org\\\/en\\\/meeting-of-members-of-the-iris-network-in-serbia\\\/\",\"url\":\"https:\\\/\\\/idcserbia.org\\\/en\\\/meeting-of-members-of-the-iris-network-in-serbia\\\/\",\"name\":\"Meeting of members of the IRIS network in Serbia - IDC Serbia\",\"isPartOf\":{\"@id\":\"https:\\\/\\\/idcserbia.org\\\/#website\"},\"primaryImageOfPage\":{\"@id\":\"https:\\\/\\\/idcserbia.org\\\/en\\\/meeting-of-members-of-the-iris-network-in-serbia\\\/#primaryimage\"},\"image\":{\"@id\":\"https:\\\/\\\/idcserbia.org\\\/en\\\/meeting-of-members-of-the-iris-network-in-serbia\\\/#primaryimage\"},\"thumbnailUrl\":\"https:\\\/\\\/idcserbia.org\\\/wp-content\\\/uploads\\\/2018\\\/09\\\/DSCN5055-Medium.jpg\",\"datePublished\":\"2018-09-12T11:12:02+00:00\",\"dateModified\":\"2022-11-24T22:42:00+00:00\",\"author\":{\"@id\":\"https:\\\/\\\/idcserbia.org\\\/#\\\/schema\\\/person\\\/9aabc1ee6cfdc5d7234d97fe33b1ff45\"},\"breadcrumb\":{\"@id\":\"https:\\\/\\\/idcserbia.org\\\/en\\\/meeting-of-members-of-the-iris-network-in-serbia\\\/#breadcrumb\"},\"inLanguage\":\"en-US\",\"potentialAction\":[{\"@type\":\"ReadAction\",\"target\":[\"https:\\\/\\\/idcserbia.org\\\/en\\\/meeting-of-members-of-the-iris-network-in-serbia\\\/\"]}]},{\"@type\":\"ImageObject\",\"inLanguage\":\"en-US\",\"@id\":\"https:\\\/\\\/idcserbia.org\\\/en\\\/meeting-of-members-of-the-iris-network-in-serbia\\\/#primaryimage\",\"url\":\"https:\\\/\\\/idcserbia.org\\\/wp-content\\\/uploads\\\/2018\\\/09\\\/DSCN5055-Medium.jpg\",\"contentUrl\":\"https:\\\/\\\/idcserbia.org\\\/wp-content\\\/uploads\\\/2018\\\/09\\\/DSCN5055-Medium.jpg\",\"width\":1024,\"height\":768},{\"@type\":\"BreadcrumbList\",\"@id\":\"https:\\\/\\\/idcserbia.org\\\/en\\\/meeting-of-members-of-the-iris-network-in-serbia\\\/#breadcrumb\",\"itemListElement\":[{\"@type\":\"ListItem\",\"position\":1,\"name\":\"Home\",\"item\":\"https:\\\/\\\/idcserbia.org\\\/en\\\/\"},{\"@type\":\"ListItem\",\"position\":2,\"name\":\"Meeting of members of the IRIS network in Serbia\"}]},{\"@type\":\"WebSite\",\"@id\":\"https:\\\/\\\/idcserbia.org\\\/#website\",\"url\":\"https:\\\/\\\/idcserbia.org\\\/\",\"name\":\"IDC Serbia\",\"description\":\"Association of Citizens Initiative for Development and Cooperation\\r\\n\",\"potentialAction\":[{\"@type\":\"SearchAction\",\"target\":{\"@type\":\"EntryPoint\",\"urlTemplate\":\"https:\\\/\\\/idcserbia.org\\\/?s={search_term_string}\"},\"query-input\":{\"@type\":\"PropertyValueSpecification\",\"valueRequired\":true,\"valueName\":\"search_term_string\"}}],\"inLanguage\":\"en-US\"},{\"@type\":\"Person\",\"@id\":\"https:\\\/\\\/idcserbia.org\\\/#\\\/schema\\\/person\\\/9aabc1ee6cfdc5d7234d97fe33b1ff45\",\"name\":\"IDC Serbia\",\"url\":\"https:\\\/\\\/idcserbia.org\\\/en\\\/author\\\/idc-serbia\\\/\"}]}<\/script>\n<!-- \/ Yoast SEO plugin. -->","yoast_head_json":{"title":"Meeting of members of the IRIS network in Serbia - IDC Serbia","robots":{"index":"index","follow":"follow","max-snippet":"max-snippet:-1","max-image-preview":"max-image-preview:large","max-video-preview":"max-video-preview:-1"},"canonical":"https:\/\/idcserbia.org\/en\/meeting-of-members-of-the-iris-network-in-serbia\/","og_locale":"en_US","og_type":"article","og_title":"Meeting of members of the IRIS network in Serbia - IDC Serbia","og_description":"IDC and IRIS network organized a meeting of members of the IRIS network on September 11, 2018, in Belgrade, Serbia. Within the meeting, members of the network got a chance to hear more about IDC, as the organization that took over the leadership of the IRIS network since December 2017 and will, in the future [&hellip;]","og_url":"https:\/\/idcserbia.org\/en\/meeting-of-members-of-the-iris-network-in-serbia\/","og_site_name":"IDC Serbia","article_publisher":"https:\/\/www.facebook.com\/idc.serbia","article_published_time":"2018-09-12T11:12:02+00:00","article_modified_time":"2022-11-24T22:42:00+00:00","og_image":[{"width":1024,"height":768,"url":"https:\/\/idcserbia.org\/wp-content\/uploads\/2018\/09\/DSCN5055-Medium.jpg","type":"image\/jpeg"}],"author":"IDC Serbia","twitter_card":"summary_large_image","twitter_creator":"@IDCSERBIA","twitter_site":"@IDCSERBIA","twitter_misc":{"Written by":"IDC Serbia","Est. reading time":"2 minutes"},"schema":{"@context":"https:\/\/schema.org","@graph":[{"@type":"Article","@id":"https:\/\/idcserbia.org\/en\/meeting-of-members-of-the-iris-network-in-serbia\/#article","isPartOf":{"@id":"https:\/\/idcserbia.org\/en\/meeting-of-members-of-the-iris-network-in-serbia\/"},"author":{"name":"IDC Serbia","@id":"https:\/\/idcserbia.org\/#\/schema\/person\/9aabc1ee6cfdc5d7234d97fe33b1ff45"},"headline":"Meeting of members of the IRIS network in Serbia","datePublished":"2018-09-12T11:12:02+00:00","dateModified":"2022-11-24T22:42:00+00:00","mainEntityOfPage":{"@id":"https:\/\/idcserbia.org\/en\/meeting-of-members-of-the-iris-network-in-serbia\/"},"wordCount":376,"image":{"@id":"https:\/\/idcserbia.org\/en\/meeting-of-members-of-the-iris-network-in-serbia\/#primaryimage"},"thumbnailUrl":"https:\/\/idcserbia.org\/wp-content\/uploads\/2018\/09\/DSCN5055-Medium.jpg","keywords":["eu","migrants","migrations","see","socialservices"],"articleSection":["Actual"],"inLanguage":"en-US"},{"@type":"WebPage","@id":"https:\/\/idcserbia.org\/en\/meeting-of-members-of-the-iris-network-in-serbia\/","url":"https:\/\/idcserbia.org\/en\/meeting-of-members-of-the-iris-network-in-serbia\/","name":"Meeting of members of the IRIS network in Serbia - IDC Serbia","isPartOf":{"@id":"https:\/\/idcserbia.org\/#website"},"primaryImageOfPage":{"@id":"https:\/\/idcserbia.org\/en\/meeting-of-members-of-the-iris-network-in-serbia\/#primaryimage"},"image":{"@id":"https:\/\/idcserbia.org\/en\/meeting-of-members-of-the-iris-network-in-serbia\/#primaryimage"},"thumbnailUrl":"https:\/\/idcserbia.org\/wp-content\/uploads\/2018\/09\/DSCN5055-Medium.jpg","datePublished":"2018-09-12T11:12:02+00:00","dateModified":"2022-11-24T22:42:00+00:00","author":{"@id":"https:\/\/idcserbia.org\/#\/schema\/person\/9aabc1ee6cfdc5d7234d97fe33b1ff45"},"breadcrumb":{"@id":"https:\/\/idcserbia.org\/en\/meeting-of-members-of-the-iris-network-in-serbia\/#breadcrumb"},"inLanguage":"en-US","potentialAction":[{"@type":"ReadAction","target":["https:\/\/idcserbia.org\/en\/meeting-of-members-of-the-iris-network-in-serbia\/"]}]},{"@type":"ImageObject","inLanguage":"en-US","@id":"https:\/\/idcserbia.org\/en\/meeting-of-members-of-the-iris-network-in-serbia\/#primaryimage","url":"https:\/\/idcserbia.org\/wp-content\/uploads\/2018\/09\/DSCN5055-Medium.jpg","contentUrl":"https:\/\/idcserbia.org\/wp-content\/uploads\/2018\/09\/DSCN5055-Medium.jpg","width":1024,"height":768},{"@type":"BreadcrumbList","@id":"https:\/\/idcserbia.org\/en\/meeting-of-members-of-the-iris-network-in-serbia\/#breadcrumb","itemListElement":[{"@type":"ListItem","position":1,"name":"Home","item":"https:\/\/idcserbia.org\/en\/"},{"@type":"ListItem","position":2,"name":"Meeting of members of the IRIS network in Serbia"}]},{"@type":"WebSite","@id":"https:\/\/idcserbia.org\/#website","url":"https:\/\/idcserbia.org\/","name":"IDC Serbia","description":"Association of Citizens Initiative for Development and Cooperation\r\n","potentialAction":[{"@type":"SearchAction","target":{"@type":"EntryPoint","urlTemplate":"https:\/\/idcserbia.org\/?s={search_term_string}"},"query-input":{"@type":"PropertyValueSpecification","valueRequired":true,"valueName":"search_term_string"}}],"inLanguage":"en-US"},{"@type":"Person","@id":"https:\/\/idcserbia.org\/#\/schema\/person\/9aabc1ee6cfdc5d7234d97fe33b1ff45","name":"IDC Serbia","url":"https:\/\/idcserbia.org\/en\/author\/idc-serbia\/"}]}},"_links":{"self":[{"href":"https:\/\/idcserbia.org\/en\/wp-json\/wp\/v2\/posts\/3533","targetHints":{"allow":["GET"]}}],"collection":[{"href":"https:\/\/idcserbia.org\/en\/wp-json\/wp\/v2\/posts"}],"about":[{"href":"https:\/\/idcserbia.org\/en\/wp-json\/wp\/v2\/types\/post"}],"author":[{"embeddable":true,"href":"https:\/\/idcserbia.org\/en\/wp-json\/wp\/v2\/users\/2"}],"replies":[{"embeddable":true,"href":"https:\/\/idcserbia.org\/en\/wp-json\/wp\/v2\/comments?post=3533"}],"version-history":[{"count":1,"href":"https:\/\/idcserbia.org\/en\/wp-json\/wp\/v2\/posts\/3533\/revisions"}],"predecessor-version":[{"id":3534,"href":"https:\/\/idcserbia.org\/en\/wp-json\/wp\/v2\/posts\/3533\/revisions\/3534"}],"wp:featuredmedia":[{"embeddable":true,"href":"https:\/\/idcserbia.org\/en\/wp-json\/wp\/v2\/media\/3530"}],"wp:attachment":[{"href":"https:\/\/idcserbia.org\/en\/wp-json\/wp\/v2\/media?parent=3533"}],"wp:term":[{"taxonomy":"category","embeddable":true,"href":"https:\/\/idcserbia.org\/en\/wp-json\/wp\/v2\/categories?post=3533"},{"taxonomy":"post_tag","embeddable":true,"href":"https:\/\/idcserbia.org\/en\/wp-json\/wp\/v2\/tags?post=3533"}],"curies":[{"name":"wp","href":"https:\/\/api.w.org\/{rel}","templated":true}]}}