{"id":3578,"date":"2018-10-09T12:17:50","date_gmt":"2018-10-09T10:17:50","guid":{"rendered":"http:\/\/idcserbia.org\/en\/?p=3578"},"modified":"2022-11-24T23:41:56","modified_gmt":"2022-11-24T22:41:56","slug":"20-people-received-grants-to-start-their-own-businesses-within-the-project-novi-pazar-new-jobs","status":"publish","type":"post","link":"https:\/\/idcserbia.org\/en\/20-people-received-grants-to-start-their-own-businesses-within-the-project-novi-pazar-new-jobs\/","title":{"rendered":"20 people received grants to start their own businesses within the project &#8220;Novi Pazar New Jobs&#8221;"},"content":{"rendered":"<div id=\"s-share-buttons\" class=\"horizontal-w-c-circular s-share-w-c\"><a href=\"http:\/\/www.facebook.com\/sharer.php?u=https:\/\/idcserbia.org\/en\/20-people-received-grants-to-start-their-own-businesses-within-the-project-novi-pazar-new-jobs\/\" target=\"_blank\" title=\"Share to Facebook\" class=\"s3-facebook hint--top\"><\/a><a href=\"http:\/\/twitter.com\/intent\/tweet?text=20 people received grants to start their own businesses within the project &#8220;Novi Pazar New Jobs&#8221;&url=https:\/\/idcserbia.org\/en\/20-people-received-grants-to-start-their-own-businesses-within-the-project-novi-pazar-new-jobs\/\" target=\"_blank\"  title=\"Share to Twitter\" class=\"s3-twitter hint--top\"><\/a><a href=\"http:\/\/www.linkedin.com\/shareArticle?mini=true&url=https:\/\/idcserbia.org\/en\/20-people-received-grants-to-start-their-own-businesses-within-the-project-novi-pazar-new-jobs\/\" target=\"_blank\" title=\"Share to LinkedIn\" class=\"s3-linkedin hint--top\"><\/a><a href=\"mailto:?Subject=20%20people%20received%20grants%20to%20start%20their%20own%20businesses%20within%20the%20project%20&#8220;Novi%20Pazar%20New%20Jobs&#8221;&Body=Here%20is%20the%20link%20to%20the%20article:%20https:\/\/idcserbia.org\/en\/20-people-received-grants-to-start-their-own-businesses-within-the-project-novi-pazar-new-jobs\/\" title=\"Email this article\" class=\"s3-email hint--top\"><\/a><\/div><p><span id=\"result_box\" class=\"\" lang=\"en\"><strong><span title=\"U \u010detvrtak, 27. septembra, 2018. godine, potpisani su ugovori izme\u0111u Grada Novog Pazara i 20 novih privrednih subjekata koje su registrovali izabrani korisnici projekta &quot;Novi Pazar - Novi poslovi&quot; u okviru komponente samozapo\u0161ljavanje.\"><span style=\"color: #000000;\">On Thursday, September 27th, 2018, 20 new economic entities registered by the selected beneficiaries within the component self-employment of the project &#8220;Novi Pazar &#8211; Novi poslovi&#8221; signed their contracts with the city of Novi Pazar.<\/span><\/span> <\/strong><span title=\"Sredstva neophodna za pokretanje sopstvenog biznisa dobilo je  20 osoba iz te\u017ee zapo\u0161ljivih kategorija stanovni\u0161tva.\n\n\"><strong>Start up grants\u00a0 were received by 20 persons from the hard-to-employ categories of the population.<\/strong><\/p>\n<p><\/span><span title=\"Nakon \u0161to je u prvoj fazi projekta u 26 firmi zaposleno 30 osoba, potpisivanjem ovih ugovora po\u010dela je implementacija druge faze projekta, odnosno komponente samozapo\u0161ljavanje.\">In the first phase of the project 30 people were employed\u00a0 in 30 companies within employment support component. With the signing of these additional 20 contracts we started the second phase of the project, creating new jobs in Novi Pazar through self-employment component. <\/span><span title=\"Gradona\u010delnik Novog Pazara, Nihat Bi\u0161evac, ukazao je na  zna\u010daj projekta &quot;Novi Pazar \u2013 novi poslovi&quot;, koji je omogu\u0107io zapo\u0161ljavanje nezanemarljivog broja ljudi, u trentku u kom se grad Novi Pazar i Srbija suo\u010davaju sa goru\u0107im problemom nezaposlenosti.\">The Mayor of Novi Pazar, Nihat Bisevac, pointed out the significance of the project &#8220;Novi Pazar &#8211; new jobs&#8221;, which enabled the employment of a significant number of people, in a situation in which the city of Novi Pazar and Serbia are fighting serious unemployment rates. <\/span><span title=\"\u201cZnamo da svaki po\u010detak nimalo nije lak, pogotovo u privatnom biznisu.\">&#8220;We know that no beginning comes easy, especially in a private business. <\/span><span title=\"Nadamo se i sigurni smo da \u0107e oprema koju \u0107e dobiti u okviru projekta olak\u0161ati i pomo\u0107i sam po\u010detak rada njihovih firmi.\">We hope and we are sure that the equipment thet will be provided within the project will facilitate and make the beginning for newly formed companies a little easier. <\/span><span title=\"Siguran sam da \u0107e u budu\u0107nosti te firme za nekoliko godina biti uspe\u0161ne i biti u mogu\u0107nosti da zapo\u0161ljavaju nova lica sa evidencije Nacionalne slu\u017ebe za zapo\u0161ljavanje.\u201d\n\n\">I am sure that these companies will be successful in\u00a0 few years and will be able to hire new persons through National Employment Service&#8221; Bisevac said.<\/p>\n<p><\/span><span title=\"Projekat finansrira Nema\u010dka organizacija za me\u0111unarodnu saradnju GIZ  u okviru projekta ,,INICIJATIVA ZA INKLUZIJU\u201d\u201d.\">The project is financed by the <a href=\"https:\/\/www.giz.de\/en\/html\/index.html\">German Organization for International Cooperation GIZ <\/a>within the project &#8220;INITIATIVE FOR INCLUSION&#8221;. <\/span><span title=\"Projekat Inicijativa za inkluziju su pokrenuli Nema\u010dka organizacija za me\u0111unarodnu saradnju (GIZ) i Stalna konferencija gradova i op\u0161tina, u saradnji sa Ministarstvom za rad, zapo\u0161ljavanje, bora\u010dka i socijalna pitanja, Nacionalnom slu\u017ebom za zapo\u0161ljavanje, Timom za socijalno uklju\u010divanje i smanjenje siroma\u0161tva i Komesarijatom za\">The project Initiative for Inclusion\u00a0 was initiated by the GIZ and the Standing Conference of Towns and Municipalities, in cooperation with the Ministry of Labor, Employment, Veteran and Social Affairs, the National Employment Service, the Social Inclusion and Poverty Reduction Unit of the Government of Serbia and the Commissariat for R<\/span><span title=\"izbeglice i migracije RS, u okviru nema\u010dko-srpske razvojne saradnje.\n\n\">efugees and Migration of RS, within the framework of German-Serbian developmental cooperation.<\/p>\n<p><\/span><span title=\"Projekat &quot;Novi Pazar Novi Poslovi&quot; implementira Grad Novi Pazar, u partnerstvu sa Regionalnom razvojnom agencijom Sand\u017eaka i IDC-om.\">The &#8220;Novi Pazar Novi Poslovi&#8221; project is implemented by the City of Novi Pazar in partnership with the <a href=\"http:\/\/seda.org.rs\/\">Regional Development Agency of Sandzak<\/a> and IDC.<\/span><\/span><\/p>\n","protected":false},"excerpt":{"rendered":"<p>On Thursday, September 27th, 2018, 20 new economic entities registered by the selected beneficiaries within the component self-employment of the project &#8220;Novi Pazar &#8211; Novi poslovi&#8221; signed their contracts with the city of Novi Pazar. Start up grants\u00a0 were received by 20 persons from the hard-to-employ categories of the population. In the first phase of [&hellip;]<\/p>\n","protected":false},"author":2,"featured_media":3575,"comment_status":"closed","ping_status":"closed","sticky":false,"template":"","format":"standard","meta":{"footnotes":""},"categories":[163],"tags":[243,244,242],"class_list":["post-3578","post","type-post","status-publish","format-standard","has-post-thumbnail","hentry","category-aktuelno-en","tag-employment","tag-jobs","tag-selfemployment"],"yoast_head":"<!-- This site is optimized with the Yoast SEO plugin v27.4 - https:\/\/yoast.com\/product\/yoast-seo-wordpress\/ -->\n<title>20 people received grants to start their own businesses within the project &quot;Novi Pazar New Jobs&quot; - IDC Serbia<\/title>\n<meta name=\"robots\" content=\"index, follow, max-snippet:-1, max-image-preview:large, max-video-preview:-1\" \/>\n<link rel=\"canonical\" href=\"https:\/\/idcserbia.org\/en\/20-people-received-grants-to-start-their-own-businesses-within-the-project-novi-pazar-new-jobs\/\" \/>\n<meta property=\"og:locale\" content=\"en_US\" \/>\n<meta property=\"og:type\" content=\"article\" \/>\n<meta property=\"og:title\" content=\"20 people received grants to start their own businesses within the project &quot;Novi Pazar New Jobs&quot; - IDC Serbia\" \/>\n<meta property=\"og:description\" content=\"On Thursday, September 27th, 2018, 20 new economic entities registered by the selected beneficiaries within the component self-employment of the project &#8220;Novi Pazar &#8211; Novi poslovi&#8221; signed their contracts with the city of Novi Pazar. Start up grants\u00a0 were received by 20 persons from the hard-to-employ categories of the population. In the first phase of [&hellip;]\" \/>\n<meta property=\"og:url\" content=\"https:\/\/idcserbia.org\/en\/20-people-received-grants-to-start-their-own-businesses-within-the-project-novi-pazar-new-jobs\/\" \/>\n<meta property=\"og:site_name\" content=\"IDC Serbia\" \/>\n<meta property=\"article:publisher\" content=\"https:\/\/www.facebook.com\/idc.serbia\" \/>\n<meta property=\"article:published_time\" content=\"2018-10-09T10:17:50+00:00\" \/>\n<meta property=\"article:modified_time\" content=\"2022-11-24T22:41:56+00:00\" \/>\n<meta property=\"og:image\" content=\"https:\/\/idcserbia.org\/wp-content\/uploads\/2018\/10\/slika-696x339.jpg\" \/>\n\t<meta property=\"og:image:width\" content=\"696\" \/>\n\t<meta property=\"og:image:height\" content=\"339\" \/>\n\t<meta property=\"og:image:type\" content=\"image\/jpeg\" \/>\n<meta name=\"author\" content=\"IDC Serbia\" \/>\n<meta name=\"twitter:card\" content=\"summary_large_image\" \/>\n<meta name=\"twitter:creator\" content=\"@IDCSERBIA\" \/>\n<meta name=\"twitter:site\" content=\"@IDCSERBIA\" \/>\n<meta name=\"twitter:label1\" content=\"Written by\" \/>\n\t<meta name=\"twitter:data1\" content=\"IDC Serbia\" \/>\n\t<meta name=\"twitter:label2\" content=\"Est. reading time\" \/>\n\t<meta name=\"twitter:data2\" content=\"2 minutes\" \/>\n<script type=\"application\/ld+json\" class=\"yoast-schema-graph\">{\"@context\":\"https:\\\/\\\/schema.org\",\"@graph\":[{\"@type\":\"Article\",\"@id\":\"https:\\\/\\\/idcserbia.org\\\/en\\\/20-people-received-grants-to-start-their-own-businesses-within-the-project-novi-pazar-new-jobs\\\/#article\",\"isPartOf\":{\"@id\":\"https:\\\/\\\/idcserbia.org\\\/en\\\/20-people-received-grants-to-start-their-own-businesses-within-the-project-novi-pazar-new-jobs\\\/\"},\"author\":{\"name\":\"IDC Serbia\",\"@id\":\"https:\\\/\\\/idcserbia.org\\\/#\\\/schema\\\/person\\\/9aabc1ee6cfdc5d7234d97fe33b1ff45\"},\"headline\":\"20 people received grants to start their own businesses within the project &#8220;Novi Pazar New Jobs&#8221;\",\"datePublished\":\"2018-10-09T10:17:50+00:00\",\"dateModified\":\"2022-11-24T22:41:56+00:00\",\"mainEntityOfPage\":{\"@id\":\"https:\\\/\\\/idcserbia.org\\\/en\\\/20-people-received-grants-to-start-their-own-businesses-within-the-project-novi-pazar-new-jobs\\\/\"},\"wordCount\":321,\"image\":{\"@id\":\"https:\\\/\\\/idcserbia.org\\\/en\\\/20-people-received-grants-to-start-their-own-businesses-within-the-project-novi-pazar-new-jobs\\\/#primaryimage\"},\"thumbnailUrl\":\"https:\\\/\\\/idcserbia.org\\\/wp-content\\\/uploads\\\/2018\\\/10\\\/slika-696x339.jpg\",\"keywords\":[\"employment\",\"jobs\",\"selfemployment\"],\"articleSection\":[\"Actual\"],\"inLanguage\":\"en-US\"},{\"@type\":\"WebPage\",\"@id\":\"https:\\\/\\\/idcserbia.org\\\/en\\\/20-people-received-grants-to-start-their-own-businesses-within-the-project-novi-pazar-new-jobs\\\/\",\"url\":\"https:\\\/\\\/idcserbia.org\\\/en\\\/20-people-received-grants-to-start-their-own-businesses-within-the-project-novi-pazar-new-jobs\\\/\",\"name\":\"20 people received grants to start their own businesses within the project \\\"Novi Pazar New Jobs\\\" - IDC Serbia\",\"isPartOf\":{\"@id\":\"https:\\\/\\\/idcserbia.org\\\/#website\"},\"primaryImageOfPage\":{\"@id\":\"https:\\\/\\\/idcserbia.org\\\/en\\\/20-people-received-grants-to-start-their-own-businesses-within-the-project-novi-pazar-new-jobs\\\/#primaryimage\"},\"image\":{\"@id\":\"https:\\\/\\\/idcserbia.org\\\/en\\\/20-people-received-grants-to-start-their-own-businesses-within-the-project-novi-pazar-new-jobs\\\/#primaryimage\"},\"thumbnailUrl\":\"https:\\\/\\\/idcserbia.org\\\/wp-content\\\/uploads\\\/2018\\\/10\\\/slika-696x339.jpg\",\"datePublished\":\"2018-10-09T10:17:50+00:00\",\"dateModified\":\"2022-11-24T22:41:56+00:00\",\"author\":{\"@id\":\"https:\\\/\\\/idcserbia.org\\\/#\\\/schema\\\/person\\\/9aabc1ee6cfdc5d7234d97fe33b1ff45\"},\"breadcrumb\":{\"@id\":\"https:\\\/\\\/idcserbia.org\\\/en\\\/20-people-received-grants-to-start-their-own-businesses-within-the-project-novi-pazar-new-jobs\\\/#breadcrumb\"},\"inLanguage\":\"en-US\",\"potentialAction\":[{\"@type\":\"ReadAction\",\"target\":[\"https:\\\/\\\/idcserbia.org\\\/en\\\/20-people-received-grants-to-start-their-own-businesses-within-the-project-novi-pazar-new-jobs\\\/\"]}]},{\"@type\":\"ImageObject\",\"inLanguage\":\"en-US\",\"@id\":\"https:\\\/\\\/idcserbia.org\\\/en\\\/20-people-received-grants-to-start-their-own-businesses-within-the-project-novi-pazar-new-jobs\\\/#primaryimage\",\"url\":\"https:\\\/\\\/idcserbia.org\\\/wp-content\\\/uploads\\\/2018\\\/10\\\/slika-696x339.jpg\",\"contentUrl\":\"https:\\\/\\\/idcserbia.org\\\/wp-content\\\/uploads\\\/2018\\\/10\\\/slika-696x339.jpg\",\"width\":696,\"height\":339},{\"@type\":\"BreadcrumbList\",\"@id\":\"https:\\\/\\\/idcserbia.org\\\/en\\\/20-people-received-grants-to-start-their-own-businesses-within-the-project-novi-pazar-new-jobs\\\/#breadcrumb\",\"itemListElement\":[{\"@type\":\"ListItem\",\"position\":1,\"name\":\"Home\",\"item\":\"https:\\\/\\\/idcserbia.org\\\/en\\\/\"},{\"@type\":\"ListItem\",\"position\":2,\"name\":\"20 people received grants to start their own businesses within the project &#8220;Novi Pazar New Jobs&#8221;\"}]},{\"@type\":\"WebSite\",\"@id\":\"https:\\\/\\\/idcserbia.org\\\/#website\",\"url\":\"https:\\\/\\\/idcserbia.org\\\/\",\"name\":\"IDC Serbia\",\"description\":\"Association of Citizens Initiative for Development and Cooperation\\r\\n\",\"potentialAction\":[{\"@type\":\"SearchAction\",\"target\":{\"@type\":\"EntryPoint\",\"urlTemplate\":\"https:\\\/\\\/idcserbia.org\\\/?s={search_term_string}\"},\"query-input\":{\"@type\":\"PropertyValueSpecification\",\"valueRequired\":true,\"valueName\":\"search_term_string\"}}],\"inLanguage\":\"en-US\"},{\"@type\":\"Person\",\"@id\":\"https:\\\/\\\/idcserbia.org\\\/#\\\/schema\\\/person\\\/9aabc1ee6cfdc5d7234d97fe33b1ff45\",\"name\":\"IDC Serbia\",\"url\":\"https:\\\/\\\/idcserbia.org\\\/en\\\/author\\\/idc-serbia\\\/\"}]}<\/script>\n<!-- \/ Yoast SEO plugin. -->","yoast_head_json":{"title":"20 people received grants to start their own businesses within the project \"Novi Pazar New Jobs\" - IDC Serbia","robots":{"index":"index","follow":"follow","max-snippet":"max-snippet:-1","max-image-preview":"max-image-preview:large","max-video-preview":"max-video-preview:-1"},"canonical":"https:\/\/idcserbia.org\/en\/20-people-received-grants-to-start-their-own-businesses-within-the-project-novi-pazar-new-jobs\/","og_locale":"en_US","og_type":"article","og_title":"20 people received grants to start their own businesses within the project \"Novi Pazar New Jobs\" - IDC Serbia","og_description":"On Thursday, September 27th, 2018, 20 new economic entities registered by the selected beneficiaries within the component self-employment of the project &#8220;Novi Pazar &#8211; Novi poslovi&#8221; signed their contracts with the city of Novi Pazar. Start up grants\u00a0 were received by 20 persons from the hard-to-employ categories of the population. In the first phase of [&hellip;]","og_url":"https:\/\/idcserbia.org\/en\/20-people-received-grants-to-start-their-own-businesses-within-the-project-novi-pazar-new-jobs\/","og_site_name":"IDC Serbia","article_publisher":"https:\/\/www.facebook.com\/idc.serbia","article_published_time":"2018-10-09T10:17:50+00:00","article_modified_time":"2022-11-24T22:41:56+00:00","og_image":[{"width":696,"height":339,"url":"https:\/\/idcserbia.org\/wp-content\/uploads\/2018\/10\/slika-696x339.jpg","type":"image\/jpeg"}],"author":"IDC Serbia","twitter_card":"summary_large_image","twitter_creator":"@IDCSERBIA","twitter_site":"@IDCSERBIA","twitter_misc":{"Written by":"IDC Serbia","Est. reading time":"2 minutes"},"schema":{"@context":"https:\/\/schema.org","@graph":[{"@type":"Article","@id":"https:\/\/idcserbia.org\/en\/20-people-received-grants-to-start-their-own-businesses-within-the-project-novi-pazar-new-jobs\/#article","isPartOf":{"@id":"https:\/\/idcserbia.org\/en\/20-people-received-grants-to-start-their-own-businesses-within-the-project-novi-pazar-new-jobs\/"},"author":{"name":"IDC Serbia","@id":"https:\/\/idcserbia.org\/#\/schema\/person\/9aabc1ee6cfdc5d7234d97fe33b1ff45"},"headline":"20 people received grants to start their own businesses within the project &#8220;Novi Pazar New Jobs&#8221;","datePublished":"2018-10-09T10:17:50+00:00","dateModified":"2022-11-24T22:41:56+00:00","mainEntityOfPage":{"@id":"https:\/\/idcserbia.org\/en\/20-people-received-grants-to-start-their-own-businesses-within-the-project-novi-pazar-new-jobs\/"},"wordCount":321,"image":{"@id":"https:\/\/idcserbia.org\/en\/20-people-received-grants-to-start-their-own-businesses-within-the-project-novi-pazar-new-jobs\/#primaryimage"},"thumbnailUrl":"https:\/\/idcserbia.org\/wp-content\/uploads\/2018\/10\/slika-696x339.jpg","keywords":["employment","jobs","selfemployment"],"articleSection":["Actual"],"inLanguage":"en-US"},{"@type":"WebPage","@id":"https:\/\/idcserbia.org\/en\/20-people-received-grants-to-start-their-own-businesses-within-the-project-novi-pazar-new-jobs\/","url":"https:\/\/idcserbia.org\/en\/20-people-received-grants-to-start-their-own-businesses-within-the-project-novi-pazar-new-jobs\/","name":"20 people received grants to start their own businesses within the project \"Novi Pazar New Jobs\" - IDC Serbia","isPartOf":{"@id":"https:\/\/idcserbia.org\/#website"},"primaryImageOfPage":{"@id":"https:\/\/idcserbia.org\/en\/20-people-received-grants-to-start-their-own-businesses-within-the-project-novi-pazar-new-jobs\/#primaryimage"},"image":{"@id":"https:\/\/idcserbia.org\/en\/20-people-received-grants-to-start-their-own-businesses-within-the-project-novi-pazar-new-jobs\/#primaryimage"},"thumbnailUrl":"https:\/\/idcserbia.org\/wp-content\/uploads\/2018\/10\/slika-696x339.jpg","datePublished":"2018-10-09T10:17:50+00:00","dateModified":"2022-11-24T22:41:56+00:00","author":{"@id":"https:\/\/idcserbia.org\/#\/schema\/person\/9aabc1ee6cfdc5d7234d97fe33b1ff45"},"breadcrumb":{"@id":"https:\/\/idcserbia.org\/en\/20-people-received-grants-to-start-their-own-businesses-within-the-project-novi-pazar-new-jobs\/#breadcrumb"},"inLanguage":"en-US","potentialAction":[{"@type":"ReadAction","target":["https:\/\/idcserbia.org\/en\/20-people-received-grants-to-start-their-own-businesses-within-the-project-novi-pazar-new-jobs\/"]}]},{"@type":"ImageObject","inLanguage":"en-US","@id":"https:\/\/idcserbia.org\/en\/20-people-received-grants-to-start-their-own-businesses-within-the-project-novi-pazar-new-jobs\/#primaryimage","url":"https:\/\/idcserbia.org\/wp-content\/uploads\/2018\/10\/slika-696x339.jpg","contentUrl":"https:\/\/idcserbia.org\/wp-content\/uploads\/2018\/10\/slika-696x339.jpg","width":696,"height":339},{"@type":"BreadcrumbList","@id":"https:\/\/idcserbia.org\/en\/20-people-received-grants-to-start-their-own-businesses-within-the-project-novi-pazar-new-jobs\/#breadcrumb","itemListElement":[{"@type":"ListItem","position":1,"name":"Home","item":"https:\/\/idcserbia.org\/en\/"},{"@type":"ListItem","position":2,"name":"20 people received grants to start their own businesses within the project &#8220;Novi Pazar New Jobs&#8221;"}]},{"@type":"WebSite","@id":"https:\/\/idcserbia.org\/#website","url":"https:\/\/idcserbia.org\/","name":"IDC Serbia","description":"Association of Citizens Initiative for Development and Cooperation\r\n","potentialAction":[{"@type":"SearchAction","target":{"@type":"EntryPoint","urlTemplate":"https:\/\/idcserbia.org\/?s={search_term_string}"},"query-input":{"@type":"PropertyValueSpecification","valueRequired":true,"valueName":"search_term_string"}}],"inLanguage":"en-US"},{"@type":"Person","@id":"https:\/\/idcserbia.org\/#\/schema\/person\/9aabc1ee6cfdc5d7234d97fe33b1ff45","name":"IDC Serbia","url":"https:\/\/idcserbia.org\/en\/author\/idc-serbia\/"}]}},"_links":{"self":[{"href":"https:\/\/idcserbia.org\/en\/wp-json\/wp\/v2\/posts\/3578","targetHints":{"allow":["GET"]}}],"collection":[{"href":"https:\/\/idcserbia.org\/en\/wp-json\/wp\/v2\/posts"}],"about":[{"href":"https:\/\/idcserbia.org\/en\/wp-json\/wp\/v2\/types\/post"}],"author":[{"embeddable":true,"href":"https:\/\/idcserbia.org\/en\/wp-json\/wp\/v2\/users\/2"}],"replies":[{"embeddable":true,"href":"https:\/\/idcserbia.org\/en\/wp-json\/wp\/v2\/comments?post=3578"}],"version-history":[{"count":1,"href":"https:\/\/idcserbia.org\/en\/wp-json\/wp\/v2\/posts\/3578\/revisions"}],"predecessor-version":[{"id":3579,"href":"https:\/\/idcserbia.org\/en\/wp-json\/wp\/v2\/posts\/3578\/revisions\/3579"}],"wp:featuredmedia":[{"embeddable":true,"href":"https:\/\/idcserbia.org\/en\/wp-json\/wp\/v2\/media\/3575"}],"wp:attachment":[{"href":"https:\/\/idcserbia.org\/en\/wp-json\/wp\/v2\/media?parent=3578"}],"wp:term":[{"taxonomy":"category","embeddable":true,"href":"https:\/\/idcserbia.org\/en\/wp-json\/wp\/v2\/categories?post=3578"},{"taxonomy":"post_tag","embeddable":true,"href":"https:\/\/idcserbia.org\/en\/wp-json\/wp\/v2\/tags?post=3578"}],"curies":[{"name":"wp","href":"https:\/\/api.w.org\/{rel}","templated":true}]}}