{"id":3597,"date":"2018-11-09T09:41:03","date_gmt":"2018-11-09T08:41:03","guid":{"rendered":"http:\/\/idcserbia.org\/en\/?p=3597"},"modified":"2018-11-09T09:52:08","modified_gmt":"2018-11-09T08:52:08","slug":"ministerial-conference-and-declaration-within-social-dimension-initiative","status":"publish","type":"post","link":"https:\/\/idcserbia.org\/en\/ministerial-conference-and-declaration-within-social-dimension-initiative\/","title":{"rendered":"Ministerial conference and declaration within Social Dimension Initiative"},"content":{"rendered":"<div id=\"s-share-buttons\" class=\"horizontal-w-c-circular s-share-w-c\"><a href=\"http:\/\/www.facebook.com\/sharer.php?u=https:\/\/idcserbia.org\/en\/ministerial-conference-and-declaration-within-social-dimension-initiative\/\" target=\"_blank\" title=\"Share to Facebook\" class=\"s3-facebook hint--top\"><\/a><a href=\"http:\/\/twitter.com\/intent\/tweet?text=Ministerial conference and declaration within Social Dimension Initiative&url=https:\/\/idcserbia.org\/en\/ministerial-conference-and-declaration-within-social-dimension-initiative\/\" target=\"_blank\"  title=\"Share to Twitter\" class=\"s3-twitter hint--top\"><\/a><a href=\"http:\/\/www.linkedin.com\/shareArticle?mini=true&url=https:\/\/idcserbia.org\/en\/ministerial-conference-and-declaration-within-social-dimension-initiative\/\" target=\"_blank\" title=\"Share to LinkedIn\" class=\"s3-linkedin hint--top\"><\/a><a href=\"mailto:?Subject=Ministerial%20conference%20and%20declaration%20within%20Social%20Dimension%20Initiative&Body=Here%20is%20the%20link%20to%20the%20article:%20https:\/\/idcserbia.org\/en\/ministerial-conference-and-declaration-within-social-dimension-initiative\/\" title=\"Email this article\" class=\"s3-email hint--top\"><\/a><\/div><p><span id=\"result_box\" class=\"\" lang=\"en\"><span title=\"U \u010detvrtak 6. novembra, u Palati Srbija, odr\u017eana je konferencija Ne ostavljaju\u0107i nikoga iza, u okviru Inicijative za socijalnu dimenziju EU integracija (SDI).\">The ministerial conference Leaving no one behind, was held on Tuesday, 6th of November,\u00a0 in the Palace of Serbia,\u00a0 within the Social Dimension Initiative (SDI). <\/span><span title=\"Konferencija je jedinstven doga\u0111aj koji je po prvi put, posle dugo vremena, okupio sve ministre zadu\u017eene za socijalnu politiku iz \u010ditavog regiona Zapadnog Balkana.\">The conference was a unique event that\u00a0 gathered all ministers in charge of social policy from the Western Balkan region. <\/span><span title=\"U okviru konferencije potpisana je i ministarska deklaracija o zajedni\u010dkom zalaganju za unapre\u0111enje socijalne politike na Zapadnom Balkanu, \">Within the framework of the conference, a Ministerial declaration on joint advocacy for the improvement of social policy in the Western Balkans, was signed by Ministers of Western Balkan 6 countries (Serbia, Montenegro, FYRoM, Kosovo*, Albania and Bosnia and Herzegovina.<\/span><\/span><\/p>\n<p><span id=\"result_box\" class=\"\" lang=\"en\"><span title=\"Zemlje zapadnog Balkana vec\u0301 vi\u0161e od jedne decenije korisnici su fondova pomoc\u0301i EU.\">For more than a decade, the countries of the Western Balkans are beneficiaries of EU funds. <\/span><span title=\"Ipak, region Zapadnog Balkana, i dalje se bori sa socijalnim rizicima povezanim sa siroma\u0161tvom, nejednako\u0161c\u0301u prihoda, nezaposleno\u0161c\u0301u i drugim oblicima socijalne isklju\u010denosti. \">Nevertheless, the Western Balkan region continues to struggle with social risks related to poverty, inequality of income, unemployment and other forms of social exclusion.<\/span><\/span><\/p>\n<p><span id=\"result_box\" class=\"\" lang=\"en\"><span title=\"Ipak, region Zapadnog Balkana, i dalje se bori sa socijalnim rizicima povezanim sa siroma\u0161tvom, nejednako\u0161c\u0301u prihoda, nezaposleno\u0161c\u0301u i drugim oblicima socijalne isklju\u010denosti. \"><img loading=\"lazy\" decoding=\"async\" class=\" wp-image-3593 aligncenter\" src=\"http:\/\/idcserbia.org\/wp-content\/uploads\/2018\/11\/IMG_8864-Medium-300x200.jpg\" alt=\"\" width=\"359\" height=\"239\" srcset=\"https:\/\/idcserbia.org\/wp-content\/uploads\/2018\/11\/IMG_8864-Medium-300x200.jpg 300w, https:\/\/idcserbia.org\/wp-content\/uploads\/2018\/11\/IMG_8864-Medium-768x512.jpg 768w, https:\/\/idcserbia.org\/wp-content\/uploads\/2018\/11\/IMG_8864-Medium-1024x683.jpg 1024w, https:\/\/idcserbia.org\/wp-content\/uploads\/2018\/11\/IMG_8864-Medium-200x133.jpg 200w, https:\/\/idcserbia.org\/wp-content\/uploads\/2018\/11\/IMG_8864-Medium.jpg 1152w\" sizes=\"auto, (max-width: 359px) 100vw, 359px\" \/><\/span><\/span><\/p>\n<p><span id=\"result_box\" class=\"\" lang=\"en\"><span title=\"Ipak, region Zapadnog Balkana, i dalje se bori sa socijalnim rizicima povezanim sa siroma\u0161tvom, nejednako\u0161c\u0301u prihoda, nezaposleno\u0161c\u0301u i drugim oblicima socijalne isklju\u010denosti. \"><br \/>\n<\/span><span title=\"Inicijativa za socijalnu dimenziju zapo\u010dela je u avgustu 2018. godine sa ciljem pobolj\u0161anja socijalnih i politika zapo\u0161ljavanja zemalja Zapadnog Balkana.\">The Social Dimension Initiative began in August 2018 with the aim of improving the social and employment policies of the Western Balkan countries. <\/span><span title=\"Ova regionalna inicijativa je rezultat 25 godina dugog humanitarnog rada ASB-a u ovoj oblasti i identifikacije zajedni\u010dkih potencijala i prepreka za dru\u0161tveni prosperitet i dobrobit gra\u0111ana ovih zemalja na njihovom putu ka \u010dlanstvu u Evropskoj uniji. \">This regional initiative is the result of the 25-year long humanitarian work of the <a href=\"https:\/\/www.asb.de\/\">ASB<\/a> in this area and the identification of common potentials and obstacles to the social prosperity and well-being of the citizens of WB countries on their way of\u00a0 EU integration.<\/span><\/span><\/p>\n<p><span title=\"Ministri koji se bave socijalnom politikom na Zapadnom Balkanu potpisali su deklaraciju kojom se obavezuju da \u0107e &quot;zajedni\u010dki delovati kako bi se kvalitet svakodnevnog \u017eivota gra\u0111ana Zapadnog Balkana pribli\u017eio kvalitetu \u017eivota gra\u0111ana koji \u017eive u zemljama Evropske unije. \">Ministers in charge of social policy in the Western Balkans have signed a declaration pledging to &#8220;work together to bring the quality of everyday life of Western Balkan citizens closer to the quality of life of citizens living in the countries of the European Union.<\/span><\/p>\n<p><span title=\"Osim potpisivanje deklaracije, u okviru SDI bic\u0301e razvijeno do 180 ideja socijalnih projekata koji se mogu finansirati i implementirati u 6 zemalja Zapadnog Balkana. \">Within the SDI will be developed up to 180 ready-to-be-funded social project ideas from 6 WB countries. <\/span><span title=\"Konferenciju je organizovala nema\u010dka nevladina organizacija Arbeiter-Samariter-Bund Deutschland eV (ASB) i Ministarstvo za rad, zapo\u0161ljavanje, bora\u010dka i socijalna pitanja Republike Srbije.\">The conference was organized by the German NGO <a href=\"https:\/\/www.asb.de\/\">Arbeiter-Samariter-Bund Deutschland eV (ASB)<\/a> and the <a href=\"https:\/\/www.minrzs.gov.rs\/\">Ministry of Labor, Employment, Veterans and Social Affairs of the Republic of Serbia<\/a>. <\/span><span title=\"Konferenciji su prisustvovali i predstavnici civilnog dru\u0161tva iz regiona, predstavnici institucija EU i nacionalnih institucija i diplomatskog kora.\">The conference was attended by civil society representatives from the region, representatives of EU institutions and national institutions and diplomatic corps. <\/span><\/p>\n<p><span id=\"result_box\" class=\"\" lang=\"en\"><span title=\"\u010clanice IRIS mre\u017ee imale su priliku da aktivno doprinesu i u\u010dine da se na konferenciji \u010duje i glas civilnog dru\u0161tva. \">In the framework of the conference members of the <a href=\"http:\/\/iris-see.eu\/\">IRIS Network<\/a> actively contributed and made the voice of the civil society be heard. <\/span><\/span><span id=\"result_box\" class=\"\" lang=\"en\"><span title=\"U okviru konferencije prisutni su imali priliku da se upoznaju sa radom IRIS mre\u017ee i zalaganjima njenih \u010dlanica na regionalnom niovu, kao i na lokalu u Srbiji, Bosni i Hercegovini, Crnoj Gori, Albaniji i Makedoniji.\">During the conference, the participants had the opportunity to get acquainted with the work of <strong>IRIS network<\/strong> and the efforts of its members at the regional level, as well as well as on local level in Serbia, Bosnia and Herzegovina, Montenegro, Albania and FYRoM. <\/span><span title=\"U okviru panela EU \u2013 Socijalna perspekitva, na\u0161a programska koordinatorka Jelena An\u0111eli\u0107, obratila se prisutnima i podsetila na efikasnost i fleksibilnost kojima organizacije civilnog dru\u0161tva mogu doprineti da implementacija ove i sli\u010dnih inicijativa budu orijentisane i pru\u017ee odgovor na direktne potrebe krajnjih korisnika.\">Within the panel <em>EU &#8211; Social Perspectives<\/em>, our program coordinator, Jelena An\u0111eli\u0107, addressed the participants and reminded of the efficiency and flexibility that civil society organizations can contribute with to the implementation of this and similar initiatives being oriented and responding to the direct needs of final beneficiaries.<\/span><\/span><\/p>\n<p><img loading=\"lazy\" decoding=\"async\" class=\"alignleft size-medium wp-image-3591\" src=\"http:\/\/idcserbia.org\/wp-content\/uploads\/2018\/11\/IMG_8827-Medium-300x200.jpg\" alt=\"\" width=\"300\" height=\"200\" srcset=\"https:\/\/idcserbia.org\/wp-content\/uploads\/2018\/11\/IMG_8827-Medium-300x200.jpg 300w, https:\/\/idcserbia.org\/wp-content\/uploads\/2018\/11\/IMG_8827-Medium-768x512.jpg 768w, https:\/\/idcserbia.org\/wp-content\/uploads\/2018\/11\/IMG_8827-Medium-1024x683.jpg 1024w, https:\/\/idcserbia.org\/wp-content\/uploads\/2018\/11\/IMG_8827-Medium-200x133.jpg 200w, https:\/\/idcserbia.org\/wp-content\/uploads\/2018\/11\/IMG_8827-Medium.jpg 1152w\" sizes=\"auto, (max-width: 300px) 100vw, 300px\" \/><\/p>\n<p><img loading=\"lazy\" decoding=\"async\" class=\"alignleft size-medium wp-image-3590\" src=\"http:\/\/idcserbia.org\/wp-content\/uploads\/2018\/11\/IMG_8725-Medium-300x200.jpg\" alt=\"\" width=\"300\" height=\"200\" srcset=\"https:\/\/idcserbia.org\/wp-content\/uploads\/2018\/11\/IMG_8725-Medium-300x200.jpg 300w, https:\/\/idcserbia.org\/wp-content\/uploads\/2018\/11\/IMG_8725-Medium-768x512.jpg 768w, https:\/\/idcserbia.org\/wp-content\/uploads\/2018\/11\/IMG_8725-Medium-1024x683.jpg 1024w, https:\/\/idcserbia.org\/wp-content\/uploads\/2018\/11\/IMG_8725-Medium-200x133.jpg 200w, https:\/\/idcserbia.org\/wp-content\/uploads\/2018\/11\/IMG_8725-Medium.jpg 1152w\" sizes=\"auto, (max-width: 300px) 100vw, 300px\" \/><\/p>\n","protected":false},"excerpt":{"rendered":"<p>The ministerial conference Leaving no one behind, was held on Tuesday, 6th of November,\u00a0 in the Palace of Serbia,\u00a0 within the Social Dimension Initiative (SDI). The conference was a unique event that\u00a0 gathered all ministers in charge of social policy from the Western Balkan region. Within the framework of the conference, a Ministerial declaration on [&hellip;]<\/p>\n","protected":false},"author":2,"featured_media":3589,"comment_status":"closed","ping_status":"closed","sticky":false,"template":"","format":"standard","meta":{"footnotes":""},"categories":[163],"tags":[261,257,262,185,260,258,264,265,263,179,256,259],"class_list":["post-3597","post","type-post","status-publish","format-standard","has-post-thumbnail","hentry","category-aktuelno-en","tag-albania","tag-asbsee","tag-bosnia","tag-eu","tag-eu-integrations","tag-iris-network","tag-kosovo","tag-macedonia","tag-montenegro","tag-serbia","tag-social-dimension-initiative","tag-social-services"],"yoast_head":"<!-- This site is optimized with the Yoast SEO plugin v27.4 - https:\/\/yoast.com\/product\/yoast-seo-wordpress\/ -->\n<title>Ministerial conference and declaration within Social Dimension Initiative - IDC Serbia<\/title>\n<meta name=\"robots\" content=\"index, follow, max-snippet:-1, max-image-preview:large, max-video-preview:-1\" \/>\n<link rel=\"canonical\" href=\"https:\/\/idcserbia.org\/en\/ministerial-conference-and-declaration-within-social-dimension-initiative\/\" \/>\n<meta property=\"og:locale\" content=\"en_US\" \/>\n<meta property=\"og:type\" content=\"article\" \/>\n<meta property=\"og:title\" content=\"Ministerial conference and declaration within Social Dimension Initiative - IDC Serbia\" \/>\n<meta property=\"og:description\" content=\"The ministerial conference Leaving no one behind, was held on Tuesday, 6th of November,\u00a0 in the Palace of Serbia,\u00a0 within the Social Dimension Initiative (SDI). The conference was a unique event that\u00a0 gathered all ministers in charge of social policy from the Western Balkan region. Within the framework of the conference, a Ministerial declaration on [&hellip;]\" \/>\n<meta property=\"og:url\" content=\"https:\/\/idcserbia.org\/en\/ministerial-conference-and-declaration-within-social-dimension-initiative\/\" \/>\n<meta property=\"og:site_name\" content=\"IDC Serbia\" \/>\n<meta property=\"article:publisher\" content=\"https:\/\/www.facebook.com\/idc.serbia\" \/>\n<meta property=\"article:published_time\" content=\"2018-11-09T08:41:03+00:00\" \/>\n<meta property=\"article:modified_time\" content=\"2018-11-09T08:52:08+00:00\" \/>\n<meta property=\"og:image\" content=\"https:\/\/idcserbia.org\/wp-content\/uploads\/2018\/11\/IMG_8485-Medium.jpg\" \/>\n\t<meta property=\"og:image:width\" content=\"1152\" \/>\n\t<meta property=\"og:image:height\" content=\"768\" \/>\n\t<meta property=\"og:image:type\" content=\"image\/jpeg\" \/>\n<meta name=\"author\" content=\"IDC Serbia\" \/>\n<meta name=\"twitter:card\" content=\"summary_large_image\" \/>\n<meta name=\"twitter:creator\" content=\"@IDCSERBIA\" \/>\n<meta name=\"twitter:site\" content=\"@IDCSERBIA\" \/>\n<meta name=\"twitter:label1\" content=\"Written by\" \/>\n\t<meta name=\"twitter:data1\" content=\"IDC Serbia\" \/>\n\t<meta name=\"twitter:label2\" content=\"Est. reading time\" \/>\n\t<meta name=\"twitter:data2\" content=\"2 minutes\" \/>\n<script type=\"application\/ld+json\" class=\"yoast-schema-graph\">{\"@context\":\"https:\\\/\\\/schema.org\",\"@graph\":[{\"@type\":\"Article\",\"@id\":\"https:\\\/\\\/idcserbia.org\\\/en\\\/ministerial-conference-and-declaration-within-social-dimension-initiative\\\/#article\",\"isPartOf\":{\"@id\":\"https:\\\/\\\/idcserbia.org\\\/en\\\/ministerial-conference-and-declaration-within-social-dimension-initiative\\\/\"},\"author\":{\"name\":\"IDC Serbia\",\"@id\":\"https:\\\/\\\/idcserbia.org\\\/#\\\/schema\\\/person\\\/9aabc1ee6cfdc5d7234d97fe33b1ff45\"},\"headline\":\"Ministerial conference and declaration within Social Dimension Initiative\",\"datePublished\":\"2018-11-09T08:41:03+00:00\",\"dateModified\":\"2018-11-09T08:52:08+00:00\",\"mainEntityOfPage\":{\"@id\":\"https:\\\/\\\/idcserbia.org\\\/en\\\/ministerial-conference-and-declaration-within-social-dimension-initiative\\\/\"},\"wordCount\":422,\"image\":{\"@id\":\"https:\\\/\\\/idcserbia.org\\\/en\\\/ministerial-conference-and-declaration-within-social-dimension-initiative\\\/#primaryimage\"},\"thumbnailUrl\":\"https:\\\/\\\/idcserbia.org\\\/wp-content\\\/uploads\\\/2018\\\/11\\\/IMG_8485-Medium.jpg\",\"keywords\":[\"albania\",\"asbsee\",\"bosnia\",\"eu\",\"eu integrations\",\"iris network\",\"kosovo\",\"macedonia\",\"montenegro\",\"serbia\",\"social dimension initiative\",\"social services\"],\"articleSection\":[\"Actual\"],\"inLanguage\":\"en-US\"},{\"@type\":\"WebPage\",\"@id\":\"https:\\\/\\\/idcserbia.org\\\/en\\\/ministerial-conference-and-declaration-within-social-dimension-initiative\\\/\",\"url\":\"https:\\\/\\\/idcserbia.org\\\/en\\\/ministerial-conference-and-declaration-within-social-dimension-initiative\\\/\",\"name\":\"Ministerial conference and declaration within Social Dimension Initiative - IDC Serbia\",\"isPartOf\":{\"@id\":\"https:\\\/\\\/idcserbia.org\\\/#website\"},\"primaryImageOfPage\":{\"@id\":\"https:\\\/\\\/idcserbia.org\\\/en\\\/ministerial-conference-and-declaration-within-social-dimension-initiative\\\/#primaryimage\"},\"image\":{\"@id\":\"https:\\\/\\\/idcserbia.org\\\/en\\\/ministerial-conference-and-declaration-within-social-dimension-initiative\\\/#primaryimage\"},\"thumbnailUrl\":\"https:\\\/\\\/idcserbia.org\\\/wp-content\\\/uploads\\\/2018\\\/11\\\/IMG_8485-Medium.jpg\",\"datePublished\":\"2018-11-09T08:41:03+00:00\",\"dateModified\":\"2018-11-09T08:52:08+00:00\",\"author\":{\"@id\":\"https:\\\/\\\/idcserbia.org\\\/#\\\/schema\\\/person\\\/9aabc1ee6cfdc5d7234d97fe33b1ff45\"},\"breadcrumb\":{\"@id\":\"https:\\\/\\\/idcserbia.org\\\/en\\\/ministerial-conference-and-declaration-within-social-dimension-initiative\\\/#breadcrumb\"},\"inLanguage\":\"en-US\",\"potentialAction\":[{\"@type\":\"ReadAction\",\"target\":[\"https:\\\/\\\/idcserbia.org\\\/en\\\/ministerial-conference-and-declaration-within-social-dimension-initiative\\\/\"]}]},{\"@type\":\"ImageObject\",\"inLanguage\":\"en-US\",\"@id\":\"https:\\\/\\\/idcserbia.org\\\/en\\\/ministerial-conference-and-declaration-within-social-dimension-initiative\\\/#primaryimage\",\"url\":\"https:\\\/\\\/idcserbia.org\\\/wp-content\\\/uploads\\\/2018\\\/11\\\/IMG_8485-Medium.jpg\",\"contentUrl\":\"https:\\\/\\\/idcserbia.org\\\/wp-content\\\/uploads\\\/2018\\\/11\\\/IMG_8485-Medium.jpg\",\"width\":1152,\"height\":768},{\"@type\":\"BreadcrumbList\",\"@id\":\"https:\\\/\\\/idcserbia.org\\\/en\\\/ministerial-conference-and-declaration-within-social-dimension-initiative\\\/#breadcrumb\",\"itemListElement\":[{\"@type\":\"ListItem\",\"position\":1,\"name\":\"Home\",\"item\":\"https:\\\/\\\/idcserbia.org\\\/en\\\/\"},{\"@type\":\"ListItem\",\"position\":2,\"name\":\"Ministerial conference and declaration within Social Dimension Initiative\"}]},{\"@type\":\"WebSite\",\"@id\":\"https:\\\/\\\/idcserbia.org\\\/#website\",\"url\":\"https:\\\/\\\/idcserbia.org\\\/\",\"name\":\"IDC Serbia\",\"description\":\"Association of Citizens Initiative for Development and Cooperation\\r\\n\",\"potentialAction\":[{\"@type\":\"SearchAction\",\"target\":{\"@type\":\"EntryPoint\",\"urlTemplate\":\"https:\\\/\\\/idcserbia.org\\\/?s={search_term_string}\"},\"query-input\":{\"@type\":\"PropertyValueSpecification\",\"valueRequired\":true,\"valueName\":\"search_term_string\"}}],\"inLanguage\":\"en-US\"},{\"@type\":\"Person\",\"@id\":\"https:\\\/\\\/idcserbia.org\\\/#\\\/schema\\\/person\\\/9aabc1ee6cfdc5d7234d97fe33b1ff45\",\"name\":\"IDC Serbia\",\"url\":\"https:\\\/\\\/idcserbia.org\\\/en\\\/author\\\/idc-serbia\\\/\"}]}<\/script>\n<!-- \/ Yoast SEO plugin. -->","yoast_head_json":{"title":"Ministerial conference and declaration within Social Dimension Initiative - IDC Serbia","robots":{"index":"index","follow":"follow","max-snippet":"max-snippet:-1","max-image-preview":"max-image-preview:large","max-video-preview":"max-video-preview:-1"},"canonical":"https:\/\/idcserbia.org\/en\/ministerial-conference-and-declaration-within-social-dimension-initiative\/","og_locale":"en_US","og_type":"article","og_title":"Ministerial conference and declaration within Social Dimension Initiative - IDC Serbia","og_description":"The ministerial conference Leaving no one behind, was held on Tuesday, 6th of November,\u00a0 in the Palace of Serbia,\u00a0 within the Social Dimension Initiative (SDI). The conference was a unique event that\u00a0 gathered all ministers in charge of social policy from the Western Balkan region. Within the framework of the conference, a Ministerial declaration on [&hellip;]","og_url":"https:\/\/idcserbia.org\/en\/ministerial-conference-and-declaration-within-social-dimension-initiative\/","og_site_name":"IDC Serbia","article_publisher":"https:\/\/www.facebook.com\/idc.serbia","article_published_time":"2018-11-09T08:41:03+00:00","article_modified_time":"2018-11-09T08:52:08+00:00","og_image":[{"width":1152,"height":768,"url":"https:\/\/idcserbia.org\/wp-content\/uploads\/2018\/11\/IMG_8485-Medium.jpg","type":"image\/jpeg"}],"author":"IDC Serbia","twitter_card":"summary_large_image","twitter_creator":"@IDCSERBIA","twitter_site":"@IDCSERBIA","twitter_misc":{"Written by":"IDC Serbia","Est. reading time":"2 minutes"},"schema":{"@context":"https:\/\/schema.org","@graph":[{"@type":"Article","@id":"https:\/\/idcserbia.org\/en\/ministerial-conference-and-declaration-within-social-dimension-initiative\/#article","isPartOf":{"@id":"https:\/\/idcserbia.org\/en\/ministerial-conference-and-declaration-within-social-dimension-initiative\/"},"author":{"name":"IDC Serbia","@id":"https:\/\/idcserbia.org\/#\/schema\/person\/9aabc1ee6cfdc5d7234d97fe33b1ff45"},"headline":"Ministerial conference and declaration within Social Dimension Initiative","datePublished":"2018-11-09T08:41:03+00:00","dateModified":"2018-11-09T08:52:08+00:00","mainEntityOfPage":{"@id":"https:\/\/idcserbia.org\/en\/ministerial-conference-and-declaration-within-social-dimension-initiative\/"},"wordCount":422,"image":{"@id":"https:\/\/idcserbia.org\/en\/ministerial-conference-and-declaration-within-social-dimension-initiative\/#primaryimage"},"thumbnailUrl":"https:\/\/idcserbia.org\/wp-content\/uploads\/2018\/11\/IMG_8485-Medium.jpg","keywords":["albania","asbsee","bosnia","eu","eu integrations","iris network","kosovo","macedonia","montenegro","serbia","social dimension initiative","social services"],"articleSection":["Actual"],"inLanguage":"en-US"},{"@type":"WebPage","@id":"https:\/\/idcserbia.org\/en\/ministerial-conference-and-declaration-within-social-dimension-initiative\/","url":"https:\/\/idcserbia.org\/en\/ministerial-conference-and-declaration-within-social-dimension-initiative\/","name":"Ministerial conference and declaration within Social Dimension Initiative - IDC Serbia","isPartOf":{"@id":"https:\/\/idcserbia.org\/#website"},"primaryImageOfPage":{"@id":"https:\/\/idcserbia.org\/en\/ministerial-conference-and-declaration-within-social-dimension-initiative\/#primaryimage"},"image":{"@id":"https:\/\/idcserbia.org\/en\/ministerial-conference-and-declaration-within-social-dimension-initiative\/#primaryimage"},"thumbnailUrl":"https:\/\/idcserbia.org\/wp-content\/uploads\/2018\/11\/IMG_8485-Medium.jpg","datePublished":"2018-11-09T08:41:03+00:00","dateModified":"2018-11-09T08:52:08+00:00","author":{"@id":"https:\/\/idcserbia.org\/#\/schema\/person\/9aabc1ee6cfdc5d7234d97fe33b1ff45"},"breadcrumb":{"@id":"https:\/\/idcserbia.org\/en\/ministerial-conference-and-declaration-within-social-dimension-initiative\/#breadcrumb"},"inLanguage":"en-US","potentialAction":[{"@type":"ReadAction","target":["https:\/\/idcserbia.org\/en\/ministerial-conference-and-declaration-within-social-dimension-initiative\/"]}]},{"@type":"ImageObject","inLanguage":"en-US","@id":"https:\/\/idcserbia.org\/en\/ministerial-conference-and-declaration-within-social-dimension-initiative\/#primaryimage","url":"https:\/\/idcserbia.org\/wp-content\/uploads\/2018\/11\/IMG_8485-Medium.jpg","contentUrl":"https:\/\/idcserbia.org\/wp-content\/uploads\/2018\/11\/IMG_8485-Medium.jpg","width":1152,"height":768},{"@type":"BreadcrumbList","@id":"https:\/\/idcserbia.org\/en\/ministerial-conference-and-declaration-within-social-dimension-initiative\/#breadcrumb","itemListElement":[{"@type":"ListItem","position":1,"name":"Home","item":"https:\/\/idcserbia.org\/en\/"},{"@type":"ListItem","position":2,"name":"Ministerial conference and declaration within Social Dimension Initiative"}]},{"@type":"WebSite","@id":"https:\/\/idcserbia.org\/#website","url":"https:\/\/idcserbia.org\/","name":"IDC Serbia","description":"Association of Citizens Initiative for Development and Cooperation\r\n","potentialAction":[{"@type":"SearchAction","target":{"@type":"EntryPoint","urlTemplate":"https:\/\/idcserbia.org\/?s={search_term_string}"},"query-input":{"@type":"PropertyValueSpecification","valueRequired":true,"valueName":"search_term_string"}}],"inLanguage":"en-US"},{"@type":"Person","@id":"https:\/\/idcserbia.org\/#\/schema\/person\/9aabc1ee6cfdc5d7234d97fe33b1ff45","name":"IDC Serbia","url":"https:\/\/idcserbia.org\/en\/author\/idc-serbia\/"}]}},"_links":{"self":[{"href":"https:\/\/idcserbia.org\/en\/wp-json\/wp\/v2\/posts\/3597","targetHints":{"allow":["GET"]}}],"collection":[{"href":"https:\/\/idcserbia.org\/en\/wp-json\/wp\/v2\/posts"}],"about":[{"href":"https:\/\/idcserbia.org\/en\/wp-json\/wp\/v2\/types\/post"}],"author":[{"embeddable":true,"href":"https:\/\/idcserbia.org\/en\/wp-json\/wp\/v2\/users\/2"}],"replies":[{"embeddable":true,"href":"https:\/\/idcserbia.org\/en\/wp-json\/wp\/v2\/comments?post=3597"}],"version-history":[{"count":3,"href":"https:\/\/idcserbia.org\/en\/wp-json\/wp\/v2\/posts\/3597\/revisions"}],"predecessor-version":[{"id":3601,"href":"https:\/\/idcserbia.org\/en\/wp-json\/wp\/v2\/posts\/3597\/revisions\/3601"}],"wp:featuredmedia":[{"embeddable":true,"href":"https:\/\/idcserbia.org\/en\/wp-json\/wp\/v2\/media\/3589"}],"wp:attachment":[{"href":"https:\/\/idcserbia.org\/en\/wp-json\/wp\/v2\/media?parent=3597"}],"wp:term":[{"taxonomy":"category","embeddable":true,"href":"https:\/\/idcserbia.org\/en\/wp-json\/wp\/v2\/categories?post=3597"},{"taxonomy":"post_tag","embeddable":true,"href":"https:\/\/idcserbia.org\/en\/wp-json\/wp\/v2\/tags?post=3597"}],"curies":[{"name":"wp","href":"https:\/\/api.w.org\/{rel}","templated":true}]}}