{"id":3611,"date":"2018-11-15T09:45:19","date_gmt":"2018-11-15T08:45:19","guid":{"rendered":"http:\/\/idcserbia.org\/en\/?p=3611"},"modified":"2022-11-24T23:41:52","modified_gmt":"2022-11-24T22:41:52","slug":"opening-conference-of-the-project-return-as-a-step-forward","status":"publish","type":"post","link":"https:\/\/idcserbia.org\/en\/opening-conference-of-the-project-return-as-a-step-forward\/","title":{"rendered":"Opening conference of the project &#8220;Return as a step forward&#8221;"},"content":{"rendered":"<div id=\"s-share-buttons\" class=\"horizontal-w-c-circular s-share-w-c\"><a href=\"http:\/\/www.facebook.com\/sharer.php?u=https:\/\/idcserbia.org\/en\/opening-conference-of-the-project-return-as-a-step-forward\/\" target=\"_blank\" title=\"Share to Facebook\" class=\"s3-facebook hint--top\"><\/a><a href=\"http:\/\/twitter.com\/intent\/tweet?text=Opening conference of the project &#8220;Return as a step forward&#8221;&url=https:\/\/idcserbia.org\/en\/opening-conference-of-the-project-return-as-a-step-forward\/\" target=\"_blank\"  title=\"Share to Twitter\" class=\"s3-twitter hint--top\"><\/a><a href=\"http:\/\/www.linkedin.com\/shareArticle?mini=true&url=https:\/\/idcserbia.org\/en\/opening-conference-of-the-project-return-as-a-step-forward\/\" target=\"_blank\" title=\"Share to LinkedIn\" class=\"s3-linkedin hint--top\"><\/a><a href=\"mailto:?Subject=Opening%20conference%20of%20the%20project%20&#8220;Return%20as%20a%20step%20forward&#8221;&Body=Here%20is%20the%20link%20to%20the%20article:%20https:\/\/idcserbia.org\/en\/opening-conference-of-the-project-return-as-a-step-forward\/\" title=\"Email this article\" class=\"s3-email hint--top\"><\/a><\/div><p><span id=\"result_box\" class=\"\" lang=\"en\"><span title=\"\u0423 \u0412\u0440\u045a\u0430\u0447\u043a\u043e\u0458 \u0411\u0430\u045a\u0438 \u0458\u0435 13. \u043d\u043e\u0432\u0435\u043c\u0431\u0440\u0430 2018. \u0433\u043e\u0434\u0438\u043d\u0435, \u0443 \u0412\u0435\u043b\u0438\u043a\u043e\u0458 \u0441\u0430\u043b\u0438 \u041e\u043f\u0448\u0442\u0438\u043d\u0441\u043a\u0435 \u0443\u043f\u0440\u0430\u0432\u0435 \u0412\u0440\u045a\u0430\u0447\u043a\u0430 \u0411\u0430\u045a\u0430, \u043e\u0434\u0440\u0436\u0430\u043d\u0430 \u0438\u0437\u0443\u0437\u0435\u0442\u043d\u043e \u043f\u043e\u0441\u0435\u045b\u0435\u043d\u0430 \u043a\u043e\u043d\u0444\u0435\u0440\u0435\u043d\u0446\u0438\u0458\u0430 \u0437\u0430 \u043d\u043e\u0432\u0438\u043d\u0430\u0440\u0435 \u043d\u0430 \u043a\u043e\u0458\u043e\u0458 \u0458\u0435 \u043f\u0440\u0435\u0434\u0441\u0442\u0430\u0432\u0459\u0435\u043d \u043f\u0440\u043e\u0458\u0435\u043a\u0430\u0442 \u201e\u041f\u043e\u0432\u0440\u0430\u0442\u0430\u043a \u043a\u0430\u043e \u043a\u043e\u0440\u0430\u043a \u043d\u0430\u043f\u0440\u0435\u0434\u201c.\n\n\">On November 13th,\u00a0 at the Vrnjacka Banja Municipal Hall, we\u00a0 held an opening conference of the project <a href=\"http:\/\/idcserbia.org\/en\/projekti\/return-as-a-step-forward\/\">Return as a step forward<\/a>. Within the conference, that was attended by numerous interested people, we presented project activities and available support and announced future info sessions.<\/p>\n<p><\/span><span title=\"\u041f\u0440\u043e\u0458\u0435\u043a\u0430\u0442 \u201e\u041f\u043e\u0432\u0440\u0430\u0442\u0430\u043a \u043a\u0430\u043e \u043a\u043e\u0440\u0430\u043a \u043d\u0430\u043f\u0440\u0435\u0434\u201c  \u043a\u043e\u0458\u0438 \u0458\u0435 \u043d\u0430\u043c\u0435\u045a\u0435\u043d \u043f\u0440\u0443\u0436\u0430\u045a\u0443 \u0441\u0432\u0435\u0441\u0442\u0440\u0430\u043d\u0435 \u043f\u043e\u0434\u0440\u0448\u043a\u0435 \u043e\u0434\u0440\u0436\u0438\u0432\u043e\u043c \u043f\u043e\u0432\u0440\u0430\u0442\u043a\u0443 \u043d\u0430 \u041a\u043e\u0441\u043e\u0432\u043e \u0438 \u041c\u0435\u0442\u043e\u0445\u0438\u0458\u0443 \u0437\u0430\u0458\u0435\u0434\u043d\u0438\u0447\u043a\u0438 \u0440\u0435\u0430\u043b\u0438\u0437\u0443\u0458\u0443 \u0418\u0414\u0426 \u2013 \u0418\u043d\u0438\u0446\u0438\u0458\u0430\u0442\u0438\u0432\u0430 \u0437\u0430 \u0440\u0430\u0437\u0432\u043e\u0458 \u0438 \u0441\u0430\u0440\u0430\u0434\u045a\u0443, \u0423\u0434\u0440\u0443\u0436\u0435\u045a\u0435 \u201e\u041f\u0440\u043e\u0430\u043a\u0442\u0438\u0432\u201c \u0438\u0437 \u041d\u0438\u0448\u0430 \u0438 \u041e\u043f\u0448\u0442\u0438\u043d\u0430 \u0412\u0440\u045a\u0430\u0447\u043a\u0430 \u0411\u0430\u045a\u0430.\">The &#8220;Return as a Step Forward&#8221; project is designed to provide a comprehensive support to sustainable return to Kosovo* and is jointly implemented by IDC, <a href=\"http:\/\/www.proaktiv.org.rs\/\">Proaktiv citizens association from Nis<\/a> and the <a href=\"http:\/\/vrnjackabanja.gov.rs\/\">Municipality of Vrnjacka Banja<\/a>. <\/span><span title=\"\u041e\u0432\u0430\u0458 \u041f\u0440\u043e\u0458\u0435\u043a\u0430\u0442 \u0458\u0435 \u0434\u0435\u043e \u0448\u0438\u0440\u0435\u0433 \u043f\u0440\u043e\u0433\u0440\u0430\u043c\u0430 \u201c\u0415\u0423 \u043f\u043e\u0434\u0440\u0448\u043a\u0430 \u043e\u0434\u0440\u0436\u0438\u0432\u0438\u043c \u0440\u0435\u0448\u0435\u045a\u0438\u043c\u0430 \u0437\u0430 \u0438\u043d\u0442\u0435\u0440\u043d\u043e \u0440\u0430\u0441\u0435\u0459\u0435\u043d\u0435 \u0438 \u0440\u0435\u0438\u043d\u0442\u0435\u0433\u0440\u0430\u0446\u0438\u0458\u0443 \u043f\u043e\u0432\u0440\u0430\u0442\u043d\u0438\u043a\u0430&quot; \u0443\u043a\u0443\u043f\u043d\u0435 \u0432\u0440\u0435\u0434\u043d\u043e\u0441\u0442\u0438 5,65 \u043c\u0438\u043b\u0438\u043e\u043d\u0430 \u0435\u0432\u0440\u0430.\n\n\">This project is part of the wider EU support program for sustainable solutions for internally displaced and reintegrated returnees in the total value of 5.65 million euros.<\/p>\n<p><\/span><span title=\"\u0423 \u043e\u043a\u0432\u0438\u0440\u0443 \u043a\u043e\u043d\u0444\u0435\u0440\u0435\u043d\u0446\u0438\u0458\u0435 \u0437\u0430 \u043d\u043e\u0432\u0438\u043d\u0430\u0440\u0435 \u043f\u043e\u0441\u0435\u0431\u0430\u043d \u0430\u043a\u0446\u0435\u043d\u0430\u0442 \u0458\u0435 \u0441\u0442\u0430\u0432\u0459\u0435\u043d \u043d\u0430 \u043f\u0440\u043e\u043c\u043e\u0446\u0438\u0458\u0443 \u0431\u0435\u0441\u043f\u043b\u0430\u0442\u043d\u0435 \u0442\u0435\u043b\u0435\u0444\u043e\u043d\u0441\u043a\u0435 \u043b\u0438\u043d\u0438\u0458\u0435 0800\/100-550 \u043d\u0430\u043c\u0435\u045a\u0435\u043d\u0435 \u0438\u043d\u0444\u043e\u0440\u043c\u0438\u0441\u0430\u045a\u0443 \u043f\u043e\u0442\u0435\u043d\u0446\u0438\u0458\u0430\u043b\u043d\u0438\u0445 \u043f\u043e\u0432\u0440\u0430\u0442\u043d\u0438\u043a\u0430 \u043d\u0430 \u041a\u043e\u0441\u043e\u0432\u043e \u0438 \u041c\u0435\u0442\u043e\u0445\u0438\u0458\u0443.\n\n\"><strong>Within the framework of the press conference, special emphasis was put on the promotion of the free telephone line 0800 \/ 100-550 aimed at informing potential returnees to Kosovo*.<\/strong><\/p>\n<p><\/span><span title=\"\u041f\u043e \u0437\u0430\u0432\u0440\u0448\u0435\u0442\u043a\u0443 \u043a\u043e\u043d\u0444\u0435\u0440\u0435\u043d\u0446\u0438\u0458\u0435 \u0437\u0430 \u043d\u043e\u0432\u0438\u043d\u0430\u0440\u0435 \u043e\u0434\u0440\u0436\u0430\u043d\u0430 \u0458\u0435 \u0438\u043d\u0444\u043e \u0441\u0435\u0441\u0438\u0458\u0430 \u0437\u0430 \u0432\u0438\u0448\u0435 \u043e\u0434 50 \u0438\u043d\u0442\u0435\u0440\u043d\u043e \u0440\u0430\u0441\u0435\u0459\u0435\u043d\u0438\u0445 \u043b\u0438\u0446\u0430 \u043a\u043e\u0458\u0438 \u0441\u0443 \u043a\u0440\u043e\u0437 \u0440\u0430\u0437\u0433\u043e\u0432\u043e\u0440 \u0441\u0430 \u041c\u0438\u043e\u0434\u0440\u0430\u0433\u043e\u043c \u041d\u0435\u0434\u0435\u0459\u043a\u043e\u0432\u0438\u045b\u0435\u043c, \u0438\u0437\u0432\u0440\u0448\u043d\u0438\u043c \u0434\u0438\u0440\u0435\u043a\u0442\u043e\u0440\u043e\u043c \u0418\u043d\u0438\u0446\u0438\u0458\u0430\u0442\u0438\u0432\u0435 \u0437\u0430 \u0440\u0430\u0437\u0432\u043e\u0458 \u0438 \u0441\u0430\u0440\u0430\u0434\u045a\u0443,  \u0410\u043b\u0435\u043a\u0441\u0430\u043d\u0434\u0440\u043e\u043c \u041c\u0438\u0459\u0430\u043a\u043e\u0432\u0438\u045b\u0435\u043c, \u043f\u043e\u0432\u0435\u0440\u0435\u043d\u0438\u043a\u043e\u043c \u0437\u0430 \u0438\u0437\u0431\u0435\u0433\u043b\u0438\u0446\u0435 \u043e\u043f\u0448\u0442\u0438\u043d\u0435 \u0412\u0440\u045a\u0430\u0447\u043a\u0430 \u0411\u0430\u045a\u0430 \u0438 \u0420\u0430\u0434\u043e\u0448\u0435\u043c \u0420\u0435\u043f\u0430\u043d\u043e\u0432\u0438\u045b\u0435\u043c, \u043f\u043e\u0432\u0440\u0430\u0442\u043d\u0438\u043a\u043e\u043c \u043d\u0430 \u041a\u0438\u041c, \u043f\u0440\u0438\u043c\u0435\u0440\u043e\u043c\">After the press conference, an info session was held for more than 50 internally displaced persons who, had and opportunity to get information from our executive director Miodrag Nedeljkovic,\u00a0 Aleksandar Miljakovi\u0107, the Trustee for refugees and migration of the Municipality of Vrnja\u010dka Banja and Rado\u0161 Repanovi\u0107, a returnee to Kosovo*, <\/span><span title=\"\u0434\u043e\u0431\u0440\u0435 \u043b\u0438\u0447\u043d\u0435 \u043f\u0440\u0430\u043a\u0441\u0435 \u0440\u0430\u043d\u0438\u0458\u0438\u0445 \u043f\u0440\u043e\u0458\u0435\u043a\u0430\u0442\u0430 \u043f\u043e\u0432\u0440\u0430\u0442\u043a\u0430 \u0434\u043e\u0431\u0438\u043b\u0438 \u0434\u043e\u0434\u0430\u0442\u043d\u0435 \u0438\u043d\u0444\u043e\u0440\u043c\u0430\u0446\u0438\u0458\u0435 \u043e \u043c\u043e\u0433\u0443\u045b\u043d\u043e\u0441\u0442\u0438\u043c\u0430 \u0434\u0430 \u045a\u0438\u0445\u043e\u0432 \u043f\u043e\u0432\u0440\u0430\u0442\u0430\u043a \u043d\u0430 \u041a\u0438\u041c \u0431\u0443\u0434\u0435 \u043f\u043e\u0434\u0440\u0436\u0430\u043d \u0443 \u043e\u043a\u0432\u0438\u0440\u0443 \u043f\u0440\u043e\u0458\u0435\u043a\u0442\u0430.\n\n\">that got support through our previous return related project. The participants provided the interested people in the audience with all relevant information on the possibilities for their return to Kosovo* and supported available within the project.<\/p>\n<p><\/span><span title=\"\u0423 \u0441\u043a\u043b\u043e\u043f\u0443 \u0440\u0435\u0430\u043b\u0438\u0437\u0430\u0446\u0438\u0458\u0435 \u043f\u043b\u0430\u043d\u0438\u0440\u0430\u043d\u0438\u0445 \u043f\u0440\u043e\u0458\u0435\u043a\u0442\u043d\u0438\u0445 \u0430\u043a\u0442\u0438\u0432\u043d\u043e\u0441\u0442\u0438 \u0443 \u043d\u0430\u0440\u0435\u0434\u043d\u043e\u043c \u043f\u0435\u0440\u0438\u043e\u0434\u0443 \u045b\u0435 \u0431\u0438\u0442\u0438 \u043e\u0434\u0440\u0436\u0430\u043d\u043e \u0458\u043e\u0448 10 \u043f\u0440\u043e\u0458\u0435\u043a\u0442\u043d\u0438\u0445 \u0438\u043d\u0444\u043e \u0441\u0435\u0441\u0438\u0458\u0430 \u0443 \u0433\u0440\u0430\u0434\u043e\u0432\u0438\u043c\u0430 \u0443 \u043a\u043e\u0458\u0438\u043c\u0430 \u0458\u0435 \u0437\u043d\u0430\u0447\u0430\u0458\u043d\u0430 \u043a\u043e\u043d\u0446\u0435\u043d\u0442\u0440\u0430\u0446\u0438\u0458\u0430 \u0418\u0420\u041b \u043f\u043e\u043f\u0443\u043b\u0430\u0446\u0438\u0458\u0435.\">In the future period, as a part of the project activities, another <strong>10 info sessions<\/strong> will be held in cities with significant percentage of the IDP population.<\/span><\/span><\/p>\n","protected":false},"excerpt":{"rendered":"<p>On November 13th,\u00a0 at the Vrnjacka Banja Municipal Hall, we\u00a0 held an opening conference of the project Return as a step forward. Within the conference, that was attended by numerous interested people, we presented project activities and available support and announced future info sessions. The &#8220;Return as a Step Forward&#8221; project is designed to provide [&hellip;]<\/p>\n","protected":false},"author":2,"featured_media":3609,"comment_status":"closed","ping_status":"closed","sticky":false,"template":"","format":"standard","meta":{"footnotes":""},"categories":[163],"tags":[185,282,281,283,264,279,280],"class_list":["post-3611","post","type-post","status-publish","format-standard","has-post-thumbnail","hentry","category-aktuelno-en","tag-eu","tag-eudonation","tag-european-union","tag-idp","tag-kosovo","tag-return","tag-return-as-a-step-forward"],"yoast_head":"<!-- This site is optimized with the Yoast SEO plugin v27.4 - https:\/\/yoast.com\/product\/yoast-seo-wordpress\/ -->\n<title>Opening conference of the project &quot;Return as a step forward&quot; - IDC Serbia<\/title>\n<meta name=\"robots\" content=\"index, follow, max-snippet:-1, max-image-preview:large, max-video-preview:-1\" \/>\n<link rel=\"canonical\" href=\"https:\/\/idcserbia.org\/en\/opening-conference-of-the-project-return-as-a-step-forward\/\" \/>\n<meta property=\"og:locale\" content=\"en_US\" \/>\n<meta property=\"og:type\" content=\"article\" \/>\n<meta property=\"og:title\" content=\"Opening conference of the project &quot;Return as a step forward&quot; - IDC Serbia\" \/>\n<meta property=\"og:description\" content=\"On November 13th,\u00a0 at the Vrnjacka Banja Municipal Hall, we\u00a0 held an opening conference of the project Return as a step forward. Within the conference, that was attended by numerous interested people, we presented project activities and available support and announced future info sessions. The &#8220;Return as a Step Forward&#8221; project is designed to provide [&hellip;]\" \/>\n<meta property=\"og:url\" content=\"https:\/\/idcserbia.org\/en\/opening-conference-of-the-project-return-as-a-step-forward\/\" \/>\n<meta property=\"og:site_name\" content=\"IDC Serbia\" \/>\n<meta property=\"article:publisher\" content=\"https:\/\/www.facebook.com\/idc.serbia\" \/>\n<meta property=\"article:published_time\" content=\"2018-11-15T08:45:19+00:00\" \/>\n<meta property=\"article:modified_time\" content=\"2022-11-24T22:41:52+00:00\" \/>\n<meta property=\"og:image\" content=\"https:\/\/idcserbia.org\/wp-content\/uploads\/2018\/11\/\u043f\u0440\u0435\u0441\u0441-\u0432\u0431-1024x768.jpg\" \/>\n\t<meta property=\"og:image:width\" content=\"1024\" \/>\n\t<meta property=\"og:image:height\" content=\"768\" \/>\n\t<meta property=\"og:image:type\" content=\"image\/jpeg\" \/>\n<meta name=\"author\" content=\"IDC Serbia\" \/>\n<meta name=\"twitter:card\" content=\"summary_large_image\" \/>\n<meta name=\"twitter:creator\" content=\"@IDCSERBIA\" \/>\n<meta name=\"twitter:site\" content=\"@IDCSERBIA\" \/>\n<meta name=\"twitter:label1\" content=\"Written by\" \/>\n\t<meta name=\"twitter:data1\" content=\"IDC Serbia\" \/>\n\t<meta name=\"twitter:label2\" content=\"Est. reading time\" \/>\n\t<meta name=\"twitter:data2\" content=\"1 minute\" \/>\n<script type=\"application\/ld+json\" class=\"yoast-schema-graph\">{\"@context\":\"https:\\\/\\\/schema.org\",\"@graph\":[{\"@type\":\"Article\",\"@id\":\"https:\\\/\\\/idcserbia.org\\\/en\\\/opening-conference-of-the-project-return-as-a-step-forward\\\/#article\",\"isPartOf\":{\"@id\":\"https:\\\/\\\/idcserbia.org\\\/en\\\/opening-conference-of-the-project-return-as-a-step-forward\\\/\"},\"author\":{\"name\":\"IDC Serbia\",\"@id\":\"https:\\\/\\\/idcserbia.org\\\/#\\\/schema\\\/person\\\/9aabc1ee6cfdc5d7234d97fe33b1ff45\"},\"headline\":\"Opening conference of the project &#8220;Return as a step forward&#8221;\",\"datePublished\":\"2018-11-15T08:45:19+00:00\",\"dateModified\":\"2022-11-24T22:41:52+00:00\",\"mainEntityOfPage\":{\"@id\":\"https:\\\/\\\/idcserbia.org\\\/en\\\/opening-conference-of-the-project-return-as-a-step-forward\\\/\"},\"wordCount\":255,\"image\":{\"@id\":\"https:\\\/\\\/idcserbia.org\\\/en\\\/opening-conference-of-the-project-return-as-a-step-forward\\\/#primaryimage\"},\"thumbnailUrl\":\"https:\\\/\\\/idcserbia.org\\\/wp-content\\\/uploads\\\/2018\\\/11\\\/\u043f\u0440\u0435\u0441\u0441-\u0432\u0431.jpg\",\"keywords\":[\"eu\",\"eudonation\",\"european union\",\"idp\",\"kosovo\",\"return\",\"return as a step forward\"],\"articleSection\":[\"Actual\"],\"inLanguage\":\"en-US\"},{\"@type\":\"WebPage\",\"@id\":\"https:\\\/\\\/idcserbia.org\\\/en\\\/opening-conference-of-the-project-return-as-a-step-forward\\\/\",\"url\":\"https:\\\/\\\/idcserbia.org\\\/en\\\/opening-conference-of-the-project-return-as-a-step-forward\\\/\",\"name\":\"Opening conference of the project \\\"Return as a step forward\\\" - IDC Serbia\",\"isPartOf\":{\"@id\":\"https:\\\/\\\/idcserbia.org\\\/#website\"},\"primaryImageOfPage\":{\"@id\":\"https:\\\/\\\/idcserbia.org\\\/en\\\/opening-conference-of-the-project-return-as-a-step-forward\\\/#primaryimage\"},\"image\":{\"@id\":\"https:\\\/\\\/idcserbia.org\\\/en\\\/opening-conference-of-the-project-return-as-a-step-forward\\\/#primaryimage\"},\"thumbnailUrl\":\"https:\\\/\\\/idcserbia.org\\\/wp-content\\\/uploads\\\/2018\\\/11\\\/\u043f\u0440\u0435\u0441\u0441-\u0432\u0431.jpg\",\"datePublished\":\"2018-11-15T08:45:19+00:00\",\"dateModified\":\"2022-11-24T22:41:52+00:00\",\"author\":{\"@id\":\"https:\\\/\\\/idcserbia.org\\\/#\\\/schema\\\/person\\\/9aabc1ee6cfdc5d7234d97fe33b1ff45\"},\"breadcrumb\":{\"@id\":\"https:\\\/\\\/idcserbia.org\\\/en\\\/opening-conference-of-the-project-return-as-a-step-forward\\\/#breadcrumb\"},\"inLanguage\":\"en-US\",\"potentialAction\":[{\"@type\":\"ReadAction\",\"target\":[\"https:\\\/\\\/idcserbia.org\\\/en\\\/opening-conference-of-the-project-return-as-a-step-forward\\\/\"]}]},{\"@type\":\"ImageObject\",\"inLanguage\":\"en-US\",\"@id\":\"https:\\\/\\\/idcserbia.org\\\/en\\\/opening-conference-of-the-project-return-as-a-step-forward\\\/#primaryimage\",\"url\":\"https:\\\/\\\/idcserbia.org\\\/wp-content\\\/uploads\\\/2018\\\/11\\\/\u043f\u0440\u0435\u0441\u0441-\u0432\u0431.jpg\",\"contentUrl\":\"https:\\\/\\\/idcserbia.org\\\/wp-content\\\/uploads\\\/2018\\\/11\\\/\u043f\u0440\u0435\u0441\u0441-\u0432\u0431.jpg\",\"width\":4160,\"height\":3120,\"caption\":\"bty\"},{\"@type\":\"BreadcrumbList\",\"@id\":\"https:\\\/\\\/idcserbia.org\\\/en\\\/opening-conference-of-the-project-return-as-a-step-forward\\\/#breadcrumb\",\"itemListElement\":[{\"@type\":\"ListItem\",\"position\":1,\"name\":\"Home\",\"item\":\"https:\\\/\\\/idcserbia.org\\\/en\\\/\"},{\"@type\":\"ListItem\",\"position\":2,\"name\":\"Opening conference of the project &#8220;Return as a step forward&#8221;\"}]},{\"@type\":\"WebSite\",\"@id\":\"https:\\\/\\\/idcserbia.org\\\/#website\",\"url\":\"https:\\\/\\\/idcserbia.org\\\/\",\"name\":\"IDC Serbia\",\"description\":\"Association of Citizens Initiative for Development and Cooperation\\r\\n\",\"potentialAction\":[{\"@type\":\"SearchAction\",\"target\":{\"@type\":\"EntryPoint\",\"urlTemplate\":\"https:\\\/\\\/idcserbia.org\\\/?s={search_term_string}\"},\"query-input\":{\"@type\":\"PropertyValueSpecification\",\"valueRequired\":true,\"valueName\":\"search_term_string\"}}],\"inLanguage\":\"en-US\"},{\"@type\":\"Person\",\"@id\":\"https:\\\/\\\/idcserbia.org\\\/#\\\/schema\\\/person\\\/9aabc1ee6cfdc5d7234d97fe33b1ff45\",\"name\":\"IDC Serbia\",\"url\":\"https:\\\/\\\/idcserbia.org\\\/en\\\/author\\\/idc-serbia\\\/\"}]}<\/script>\n<!-- \/ Yoast SEO plugin. -->","yoast_head_json":{"title":"Opening conference of the project \"Return as a step forward\" - IDC Serbia","robots":{"index":"index","follow":"follow","max-snippet":"max-snippet:-1","max-image-preview":"max-image-preview:large","max-video-preview":"max-video-preview:-1"},"canonical":"https:\/\/idcserbia.org\/en\/opening-conference-of-the-project-return-as-a-step-forward\/","og_locale":"en_US","og_type":"article","og_title":"Opening conference of the project \"Return as a step forward\" - IDC Serbia","og_description":"On November 13th,\u00a0 at the Vrnjacka Banja Municipal Hall, we\u00a0 held an opening conference of the project Return as a step forward. Within the conference, that was attended by numerous interested people, we presented project activities and available support and announced future info sessions. The &#8220;Return as a Step Forward&#8221; project is designed to provide [&hellip;]","og_url":"https:\/\/idcserbia.org\/en\/opening-conference-of-the-project-return-as-a-step-forward\/","og_site_name":"IDC Serbia","article_publisher":"https:\/\/www.facebook.com\/idc.serbia","article_published_time":"2018-11-15T08:45:19+00:00","article_modified_time":"2022-11-24T22:41:52+00:00","og_image":[{"width":1024,"height":768,"url":"https:\/\/idcserbia.org\/wp-content\/uploads\/2018\/11\/\u043f\u0440\u0435\u0441\u0441-\u0432\u0431-1024x768.jpg","type":"image\/jpeg"}],"author":"IDC Serbia","twitter_card":"summary_large_image","twitter_creator":"@IDCSERBIA","twitter_site":"@IDCSERBIA","twitter_misc":{"Written by":"IDC Serbia","Est. reading time":"1 minute"},"schema":{"@context":"https:\/\/schema.org","@graph":[{"@type":"Article","@id":"https:\/\/idcserbia.org\/en\/opening-conference-of-the-project-return-as-a-step-forward\/#article","isPartOf":{"@id":"https:\/\/idcserbia.org\/en\/opening-conference-of-the-project-return-as-a-step-forward\/"},"author":{"name":"IDC Serbia","@id":"https:\/\/idcserbia.org\/#\/schema\/person\/9aabc1ee6cfdc5d7234d97fe33b1ff45"},"headline":"Opening conference of the project &#8220;Return as a step forward&#8221;","datePublished":"2018-11-15T08:45:19+00:00","dateModified":"2022-11-24T22:41:52+00:00","mainEntityOfPage":{"@id":"https:\/\/idcserbia.org\/en\/opening-conference-of-the-project-return-as-a-step-forward\/"},"wordCount":255,"image":{"@id":"https:\/\/idcserbia.org\/en\/opening-conference-of-the-project-return-as-a-step-forward\/#primaryimage"},"thumbnailUrl":"https:\/\/idcserbia.org\/wp-content\/uploads\/2018\/11\/\u043f\u0440\u0435\u0441\u0441-\u0432\u0431.jpg","keywords":["eu","eudonation","european union","idp","kosovo","return","return as a step forward"],"articleSection":["Actual"],"inLanguage":"en-US"},{"@type":"WebPage","@id":"https:\/\/idcserbia.org\/en\/opening-conference-of-the-project-return-as-a-step-forward\/","url":"https:\/\/idcserbia.org\/en\/opening-conference-of-the-project-return-as-a-step-forward\/","name":"Opening conference of the project \"Return as a step forward\" - IDC Serbia","isPartOf":{"@id":"https:\/\/idcserbia.org\/#website"},"primaryImageOfPage":{"@id":"https:\/\/idcserbia.org\/en\/opening-conference-of-the-project-return-as-a-step-forward\/#primaryimage"},"image":{"@id":"https:\/\/idcserbia.org\/en\/opening-conference-of-the-project-return-as-a-step-forward\/#primaryimage"},"thumbnailUrl":"https:\/\/idcserbia.org\/wp-content\/uploads\/2018\/11\/\u043f\u0440\u0435\u0441\u0441-\u0432\u0431.jpg","datePublished":"2018-11-15T08:45:19+00:00","dateModified":"2022-11-24T22:41:52+00:00","author":{"@id":"https:\/\/idcserbia.org\/#\/schema\/person\/9aabc1ee6cfdc5d7234d97fe33b1ff45"},"breadcrumb":{"@id":"https:\/\/idcserbia.org\/en\/opening-conference-of-the-project-return-as-a-step-forward\/#breadcrumb"},"inLanguage":"en-US","potentialAction":[{"@type":"ReadAction","target":["https:\/\/idcserbia.org\/en\/opening-conference-of-the-project-return-as-a-step-forward\/"]}]},{"@type":"ImageObject","inLanguage":"en-US","@id":"https:\/\/idcserbia.org\/en\/opening-conference-of-the-project-return-as-a-step-forward\/#primaryimage","url":"https:\/\/idcserbia.org\/wp-content\/uploads\/2018\/11\/\u043f\u0440\u0435\u0441\u0441-\u0432\u0431.jpg","contentUrl":"https:\/\/idcserbia.org\/wp-content\/uploads\/2018\/11\/\u043f\u0440\u0435\u0441\u0441-\u0432\u0431.jpg","width":4160,"height":3120,"caption":"bty"},{"@type":"BreadcrumbList","@id":"https:\/\/idcserbia.org\/en\/opening-conference-of-the-project-return-as-a-step-forward\/#breadcrumb","itemListElement":[{"@type":"ListItem","position":1,"name":"Home","item":"https:\/\/idcserbia.org\/en\/"},{"@type":"ListItem","position":2,"name":"Opening conference of the project &#8220;Return as a step forward&#8221;"}]},{"@type":"WebSite","@id":"https:\/\/idcserbia.org\/#website","url":"https:\/\/idcserbia.org\/","name":"IDC Serbia","description":"Association of Citizens Initiative for Development and Cooperation\r\n","potentialAction":[{"@type":"SearchAction","target":{"@type":"EntryPoint","urlTemplate":"https:\/\/idcserbia.org\/?s={search_term_string}"},"query-input":{"@type":"PropertyValueSpecification","valueRequired":true,"valueName":"search_term_string"}}],"inLanguage":"en-US"},{"@type":"Person","@id":"https:\/\/idcserbia.org\/#\/schema\/person\/9aabc1ee6cfdc5d7234d97fe33b1ff45","name":"IDC Serbia","url":"https:\/\/idcserbia.org\/en\/author\/idc-serbia\/"}]}},"_links":{"self":[{"href":"https:\/\/idcserbia.org\/en\/wp-json\/wp\/v2\/posts\/3611","targetHints":{"allow":["GET"]}}],"collection":[{"href":"https:\/\/idcserbia.org\/en\/wp-json\/wp\/v2\/posts"}],"about":[{"href":"https:\/\/idcserbia.org\/en\/wp-json\/wp\/v2\/types\/post"}],"author":[{"embeddable":true,"href":"https:\/\/idcserbia.org\/en\/wp-json\/wp\/v2\/users\/2"}],"replies":[{"embeddable":true,"href":"https:\/\/idcserbia.org\/en\/wp-json\/wp\/v2\/comments?post=3611"}],"version-history":[{"count":1,"href":"https:\/\/idcserbia.org\/en\/wp-json\/wp\/v2\/posts\/3611\/revisions"}],"predecessor-version":[{"id":3612,"href":"https:\/\/idcserbia.org\/en\/wp-json\/wp\/v2\/posts\/3611\/revisions\/3612"}],"wp:featuredmedia":[{"embeddable":true,"href":"https:\/\/idcserbia.org\/en\/wp-json\/wp\/v2\/media\/3609"}],"wp:attachment":[{"href":"https:\/\/idcserbia.org\/en\/wp-json\/wp\/v2\/media?parent=3611"}],"wp:term":[{"taxonomy":"category","embeddable":true,"href":"https:\/\/idcserbia.org\/en\/wp-json\/wp\/v2\/categories?post=3611"},{"taxonomy":"post_tag","embeddable":true,"href":"https:\/\/idcserbia.org\/en\/wp-json\/wp\/v2\/tags?post=3611"}],"curies":[{"name":"wp","href":"https:\/\/api.w.org\/{rel}","templated":true}]}}