{"id":3686,"date":"2018-12-10T13:44:12","date_gmt":"2018-12-10T12:44:12","guid":{"rendered":"http:\/\/idcserbia.org\/en\/?p=3686"},"modified":"2022-11-24T23:41:44","modified_gmt":"2022-11-24T22:41:44","slug":"no-day-without-us","status":"publish","type":"post","link":"https:\/\/idcserbia.org\/en\/no-day-without-us\/","title":{"rendered":"No day without us!"},"content":{"rendered":"<div id=\"s-share-buttons\" class=\"horizontal-w-c-circular s-share-w-c\"><a href=\"http:\/\/www.facebook.com\/sharer.php?u=https:\/\/idcserbia.org\/en\/no-day-without-us\/\" target=\"_blank\" title=\"Share to Facebook\" class=\"s3-facebook hint--top\"><\/a><a href=\"http:\/\/twitter.com\/intent\/tweet?text=No day without us!&url=https:\/\/idcserbia.org\/en\/no-day-without-us\/\" target=\"_blank\"  title=\"Share to Twitter\" class=\"s3-twitter hint--top\"><\/a><a href=\"http:\/\/www.linkedin.com\/shareArticle?mini=true&url=https:\/\/idcserbia.org\/en\/no-day-without-us\/\" target=\"_blank\" title=\"Share to LinkedIn\" class=\"s3-linkedin hint--top\"><\/a><a href=\"mailto:?Subject=No%20day%20without%20us!&Body=Here%20is%20the%20link%20to%20the%20article:%20https:\/\/idcserbia.org\/en\/no-day-without-us\/\" title=\"Email this article\" class=\"s3-email hint--top\"><\/a><\/div><p><strong>ON 10 DECEMBER 2018 CIVIL SOCIETY ORGANISATIONS MOBILISE ACROSS EUROPE FOR A CIVIC PRIDE DAY: NO DAY WITHOUT US!<\/strong><\/p>\n<p>On 10th December 1948, the Universal Declaration of Human rights was adopted.<\/p>\n<p>Everyday our democratic, independent civil society organizations and movements work, provide assistance and care or services for millions of people, advocate, mobilise people and protest, contributing to make the Universal Declaration of Human Rights promise a reality.<\/p>\n<p>All over Europe, we act to make those rights effective for all, and we are proud of it!<\/p>\n<p>Our daily activities oppose any discriminatory attempts to exclude from their rights people because of their identity, gender or sexual orientation, socio-economic status, nationality&#8230; Our actions are concrete tools to repair the social damages of our economy that puts private interest before the common good.<\/p>\n<p>Every day our organizations contribute to bring about more democracy, equality and solidarity for all &#8211; while in Europe these values are in danger and illiberalism, inequality, poverty, insecurity, social division are on the rise.<\/p>\n<p>We denounce that in the EU today we, civic activists and human rights defenders, are under pressure.In many EU countries, civic space and fundamental freedoms are restricted<\/p>\n<p>Civic organizations and movements promoting and defending human rights are facing smear campaigns. Solidarity and humanitarian care for migrants and asylum seekers is being criminalized. Organizations and activists are facing intimidation through legislation and court action by illiberal governments or multinationals\u2026<\/p>\n<p>When our critical role is disregarded, denied or threatened, the whole democratic space is shrinking.<\/p>\n<p>On December 10th, more than 100 independent and democratic civil society organizations and platforms across 27 countries mobilise for a civic pride day.<\/p>\n<p>In big cities as in small communities, at their usual place of work, or gathered in public spaces, we spread across over 200 local initiatives, reaching more than 100 000 people through on line and off line activities.<\/p>\n<p>We take pride in the work we do and we claim there cannot be one day without our actions for the common good and rights for all.<\/p>\n<p>On this day, it is our way to show the added value our civic organizations and movements bring to society. And we commit ourselves to resist together against any attacks to the civic space.<\/p>\n<p>We call national and European institutions and political leaders, to comply with the Universal Declaration of Human Rights. We demand recognition and support for our activities in defence of rights and democracy for all.<\/p>\n<p>The future of Europe will be about democracy, equality, solidarity, inclusiveness, or will not be at all.<\/p>\n<p><img loading=\"lazy\" decoding=\"async\" class=\"size-medium wp-image-3664 aligncenter\" src=\"http:\/\/idcserbia.org\/wp-content\/uploads\/2018\/12\/DSCN5118-Medium-300x225.jpg\" alt=\"\" width=\"300\" height=\"225\" srcset=\"https:\/\/idcserbia.org\/wp-content\/uploads\/2018\/12\/DSCN5118-Medium-300x225.jpg 300w, https:\/\/idcserbia.org\/wp-content\/uploads\/2018\/12\/DSCN5118-Medium-768x576.jpg 768w, https:\/\/idcserbia.org\/wp-content\/uploads\/2018\/12\/DSCN5118-Medium.jpg 1024w, https:\/\/idcserbia.org\/wp-content\/uploads\/2018\/12\/DSCN5118-Medium-200x150.jpg 200w\" sizes=\"auto, (max-width: 300px) 100vw, 300px\" \/><\/p>\n<p>The Initiative for Development and Cooperation (IDC) as a member of the European Civic Forum joined the MEGA campaign together with its numerous partners whom it worked with in the previous period. In addition to IDC, <a href=\"https:\/\/asb-see.org\/\">Arbeiter Samariter Bund<\/a> (ASB), <a href=\"http:\/\/www.emins.org\/\">European Movement in Serbia<\/a> (EminS), <a href=\"https:\/\/www.housingcenter.org.rs\/\">Hausing Centar<\/a>, <a href=\"https:\/\/www.facebook.com\/nasa.kuca\/\">Our House<\/a> (Nasa Ku\u0107a), <a href=\"http:\/\/www.proaktiv.org.rs\/\">Proaktiv<\/a>, <a href=\"http:\/\/www.a11initiative.org\/\">Initiative A11<\/a>, <a href=\"http:\/\/www.centaronline.org\/sr\/\">Center for Democracy Foundation<\/a>, <a href=\"https:\/\/psychosocialinnovation.net\/\">Psychosocial Innovation Network<\/a> (PIN) <a href=\"http:\/\/www.nvosigmaplus.org.rs\/\">Sigma Plus<\/a> and <a href=\"http:\/\/www.merhamet-sandzak.org\/\">The Muslim Humanitarian Society Merhamet Sandzak<\/a>. In order to highlight the importance of civil society organizations, we highlight only a part of what would not be possible or achieved without the work of these organizations. Below you can read only part of the contributions of these organizations:<\/p>\n<ul>\n<li>In order to provide support to migrants and refugees in the form of medical assistance, <strong>5 medical teams<\/strong> were hired into <strong>4 reception\/transit centers<\/strong> that provided <strong>20,806 medical interventions<\/strong>, as well as <strong>768 volunteer actions<\/strong>;<\/li>\n<li><strong>The social enterprise Agro Iris<\/strong>, recognized by the quality of its products, but also by significant contribution to the economic and social rights <strong>of 22 farmers and their families<\/strong> that do not have stable sources of income;<\/li>\n<li>donation of <strong>67 motor beds and special mattresses<\/strong> and <strong>26 special cabinets with a tray, 3 sterilization machines for medical equipment, towel dryer and hydraulic bathtubs<\/strong> (total value of <strong>250,000 Swiss francs<\/strong>) by the Swiss municipality Zollikon for equipping the gerontology center and the hospital in Sombor.<\/li>\n<li>As a result of providing permanent housing solutions to internally displaced persons, <strong>reconstruction of 724 houses <\/strong>was supported, <strong>65 families<\/strong> received <strong>new montage houses with furniture<\/strong>, while <strong>332<\/strong> families received <strong>furniture and electronic appliances<\/strong>, and <strong>358<\/strong> people received <strong>grants to help small businesses and agricultural households<\/strong>.<\/li>\n<li><strong>Social Dimension Initiative<\/strong> is the result of identifying common potentials and obstacles to the social prosperity and welfare of the citizens of the Western Balkan countries on their way to the membership in the European Union. <strong>180 projects with a social dimension<\/strong> from 6 Western Balkan countries will be funded through this initiative.<\/li>\n<li><strong>The transit\/reception center for refugees in Dimitrovgrad<\/strong> built during 2016\/2017, was a haven for several hundred migrants, out of which more than half were children. The capacity of the Center is <strong>120 beds<\/strong>, as well as <strong>3 large bedrooms<\/strong>, a registration and administration <strong>office<\/strong>, <strong>a medical block<\/strong> with isolation, a dining room, sanitary blocks and a <strong>space for children<\/strong>.<\/li>\n<li>Through the <strong>&#8220;Black on White&#8221; Initiative<\/strong> &#8211; a sustainable internet platform <a href=\"www.crnonabelo.com\">www.crnonabelo.com<\/a>, citizens are informed about their rights and the ways to protect them, are provided with free legal advice and are linked with law enforcement institutions and involves them in the exchange of experience. The Initiative has over <strong>200,000 reviews<\/strong> and <strong>an online community of about 20,000 members<\/strong>.<\/li>\n<li><strong>4 seminars<\/strong> for <strong>over 60 representatives of civil society organizations<\/strong> with a major focus on young people, old and women, as members of vulnerable groups in the labor market.\u00b7<\/li>\n<li>In the framework of the Rule of Law and Democratic Institutions Program, we conducted a campaign <strong><em>Justice before the policy<\/em><\/strong> aimed at better informing of the citizens on the importance of amending the Constitution of the Republic of Serbia. During the campaign, we animated the citizens and informed them about constitutional amendments through <strong>outdoor and online campaigns.<\/strong><\/li>\n<li>During 2017, <strong>1321 refugees, migrants and asylum seekers<\/strong> received <strong>comprehensive psychological support<\/strong> through interventions focused on mental health, psychological assessment, psychosocial support, and advocacy.<\/li>\n<li><strong>548 children and 50 adults<\/strong> received some form of psychosocial support. Psychosocial support to refugee children was provided at six locations \/ towns in the territory of Serbia. This type of assistance included individual and group psychological counseling, as well as participation in psychological, IT and English cafe workshops.<\/li>\n<li><strong>41 individual sessions <\/strong>of psychological support; <strong>55 group sessions<\/strong> of psychological support; <strong>13 psycho-educational workshops<\/strong> for children and adult refugees in Belgrade. <strong>37 assistants<\/strong> received continuous support within support groups and individual counseling. <strong>41 professionals<\/strong> who works in direct contact with refugees has gone through one of three conducted trainings in Belgrade and Novi Sad, in order to get to know the psychological difficulties that refugees face and ways of improving their own mental health.<\/li>\n<li><strong>15 young people<\/strong> <strong>with disabilities<\/strong> go through educational training, work training and engagement, while annually through our programs, <strong>between 10 and 20 young people<\/strong> pass through our programs. This number has a tendency to grow. For this purpose, <strong>we deduce about 8,500 euros per year from our operating revenues.<\/strong><\/li>\n<li>Production of cardboard packaging, alternative cultivation of herbs, salad and vegetables in water (hydroponics), we have developed a catering service on the order, as well as a service for preparing and distributing cooked dishes to the home addresses of the purchaser (Kitchen on wheels). Annually we <strong>distribute about 4,500 meals<\/strong>. Also, since 2014, we launched the so-called sweet line of craftsmanship of chicken delicacy and Choco raspberry with basil. <strong>People with disabilities are working in all these activities.<\/strong><\/li>\n<li><strong>Parents and caregivers of disabled persons<\/strong> receive advice and actively participate in many panels, conferences, seminars and working groups where we <strong>advocate concrete measures to improve the position<\/strong> of persons with disabilities and <strong>better protection of their human rights<\/strong>.<\/li>\n<li><strong>4000 citizens gave their assessment of public services<\/strong> that were used throughout Serbia, based on which we made suggestions for improving the system of public services that we have sent to the competent ministries.<\/li>\n<li><strong>1510 best students<\/strong> of our universities participated in the Travel to Europe program for three weeks traveling and acquainting European countries. <strong>130 high school students from 5 different cities of Serbia<\/strong> have attended the European Union on the European Union, European values \u200b\u200band opportunities for young people in the past two years. <strong>160 women at the beginning of their career<\/strong> passed our mentoring program and various lectures on professional and personal improvement.<\/li>\n<li><strong>720 civil society organizations and experts<\/strong> have gathered in the National Convention on the European Union that follows, analyzes the process of European integration and makes recommendations for reforms in Serbia&#8217;s accession negotiations with the EU. <strong>50 journalists and editors from Belgrade and local media<\/strong> held training on economic issues, environmental protection, food safety and energy from negotiation chapters. <strong>10 local civil society organizations, libraries and local media<\/strong> received financial support for the implementation of their projects and information campaigns.<\/li>\n<li>The total number of <strong>internally displaced persons<\/strong> provided with <strong>legal assistance is 539<\/strong>. <strong>366 counseling\/information provided related to access to the right to social protection<\/strong> and <strong>82 counseling related to the right to housing and 142 advising \/ information related to access to other rights<\/strong>. <strong>26 settlements<\/strong> inhabited by internally displaced persons in 18 municipalities or cities were <strong>visited<\/strong>.<\/li>\n<li><strong>32 procedures have been initiated<\/strong> which, in addition to legal aid for exercising rights in individual cases, should have an impact on a larger group of vulnerable persons (as they try to modify or test the practice of the competent authorities or provide a more favorable interpretation of the law).<\/li>\n<li>Due to the continuous monitoring of the treatment and operation of state institutions with socially vulnerable groups, <strong>a number of different procedures, initiatives and complaints on<\/strong> <strong>the work of the competent authorities have been initiated<\/strong> to achieve the full accessibility of economic and social rights of these groups without discrimination.<\/li>\n<li>Egages in the <strong>promotion of equal opportunities and gender equality<\/strong> of citizens of Serbia in exercising their rights, actively participates in the creation and implementation of local sustainable development strategies, encourages vulnerable groups of citizens to participate in local development programs.<\/li>\n<li><strong>Assistance and empowerment of local stakeholders<\/strong> in the municipalities where reception centers are located. Through joint activities involving the migrant and domicile population, donations were provided for <strong>equipping 2 elementary schools<\/strong> in Bela Palanka and Pirot, <strong>equipping of the Chess Club and sports center<\/strong> in Pirot, as well as the <strong>repair of the Children&#8217;s court<\/strong> in Divljana resort.<\/li>\n<li><strong>Humanitarian aid<\/strong> <strong>distribution<\/strong> (clothes, footwear, food, medicine) in 16 towns in Sand\u017eak and wider. <strong>3 national cuisines<\/strong> were opened in Novi Pazar (1995-2005), Tutin and Priboj (1999-2005), where daily meals were given to 1500 persons from socially vulnerable categories of the population.<\/li>\n<li>Around 6000 displaced persons from Kosovo have been provided with <strong>food, accommodation and medicine assistance<\/strong>, as well as <strong>assistance for return to Kosovo<\/strong> when conditions have been created. <strong>25 houses<\/strong> of solid materials for <strong>displaced Roma from Kosovo<\/strong> were built. In partnership with the town of Novi Pazar, <strong>9 housing units for displaced Roma from Kosovo<\/strong> were built, and a project was implemented where <strong>33 Roma homes were attached to the city water supply network.<\/strong><\/li>\n<li>In the period from 2008 to 2010, <strong>1440 sheep<\/strong> were donated to Pe\u0161tera, <strong>200 goats<\/strong> and <strong>15 greenhouses<\/strong> in the suburbs of Novi Pazar. Organizing <strong>free courses for computer work<\/strong> (2007-2010) <strong>for 440 young people<\/strong> and those requiring retraining. Organizing <strong>free English courses<\/strong> (2009-2010) for <strong>80 people<\/strong>.<\/li>\n<li>Through the <strong><em>My MP<\/em><\/strong> <strong><em>platform<\/em><\/strong>, we have enabled the mechanism of direct communication between citizens and elected representatives in the National Assembly. Also, they participated in the formation of the <strong><em>EKONET<\/em><\/strong> platform and started monitoring the work of local utility companies from the perspective of citizens.<\/li>\n<li><strong>In 5 local communities<\/strong> (Prokuplje, Blace, Nis, Aleksinac and Svrljig) we work on the topic of <strong>youth employment<\/strong> from the corner and direct participation of young people.<\/li>\n<li>We have enabled and supported <strong>40 young entrepreneurs<\/strong> to launch their ideas through innovative businesses in creative industries through the Creative Space Workspace. In 2018, we organized more than <strong>80 free events<\/strong>, where <strong>over 5,000 young people<\/strong> took part\u00b7<\/li>\n<li><strong>We have enabled the 773 most vulnerable households<\/strong> &#8211; <strong>about 5,500 most vulnerable citizens in Serbia<\/strong> to improve housing conditions by <strong>building 373 housing units<\/strong> for social service users. We built <strong>58 montage houses<\/strong> for refugees and families affected by floods and <strong>reconstructed 342 residential buildings<\/strong> after floods in May 2014.<\/li>\n<li><strong>We have built a preschool institution<\/strong> for Roma children in Bujanovac and <strong>2 pavilions<\/strong> for accommodation of migrants in the center of &#8220;\u0160ikara&#8221; in Sombor. We completely reconstructed the facilities of the <strong>Accommodation center for migrants DP SVETLOST in Bujanovac, Special Hospital for Lung Diseases in Ja\u0161a Tomi\u0107, National Cuisine in \u0160abac and the Amadeus of Switzerland in Belgrade<\/strong>. We have improved the conditions for accommodation in <strong>27 collective centers<\/strong> for the accommodation of refugees and internally displaced persons after the wars in the former Yugoslavia.<\/li>\n<\/ul>\n<p>This is only a small part of the results achieved by the aforementioned organizations. Imagine what our society would look like and what kind of living would our fellow citizens have if it was not their work and contribution. It is therefore important that you support us in the everyday struggle for securing human rights for everyone so that there is <strong>No day without us<\/strong>!<\/p>\n<p>&nbsp;<\/p>\n<p>#NoDayWithoutUs<\/p>\n<p>#NiDanaBezNas<\/p>\n<p>#StandUp4HumanRights<\/p>\n<p>#civicspace<\/p>\n","protected":false},"excerpt":{"rendered":"<p>ON 10 DECEMBER 2018 CIVIL SOCIETY ORGANISATIONS MOBILISE ACROSS EUROPE FOR A CIVIC PRIDE DAY: NO DAY WITHOUT US! On 10th December 1948, the Universal Declaration of Human rights was adopted. Everyday our democratic, independent civil society organizations and movements work, provide assistance and care or services for millions of people, advocate, mobilise people and [&hellip;]<\/p>\n","protected":false},"author":2,"featured_media":3663,"comment_status":"closed","ping_status":"closed","sticky":false,"template":"","format":"standard","meta":{"footnotes":""},"categories":[163],"tags":[],"class_list":["post-3686","post","type-post","status-publish","format-standard","has-post-thumbnail","hentry","category-aktuelno-en"],"yoast_head":"<!-- This site is optimized with the Yoast SEO plugin v27.4 - https:\/\/yoast.com\/product\/yoast-seo-wordpress\/ -->\n<title>No day without us! - IDC Serbia<\/title>\n<meta name=\"robots\" content=\"index, follow, max-snippet:-1, max-image-preview:large, max-video-preview:-1\" \/>\n<link rel=\"canonical\" href=\"https:\/\/idcserbia.org\/en\/no-day-without-us\/\" \/>\n<meta property=\"og:locale\" content=\"en_US\" \/>\n<meta property=\"og:type\" content=\"article\" \/>\n<meta property=\"og:title\" content=\"No day without us! - IDC Serbia\" \/>\n<meta property=\"og:description\" content=\"ON 10 DECEMBER 2018 CIVIL SOCIETY ORGANISATIONS MOBILISE ACROSS EUROPE FOR A CIVIC PRIDE DAY: NO DAY WITHOUT US! On 10th December 1948, the Universal Declaration of Human rights was adopted. Everyday our democratic, independent civil society organizations and movements work, provide assistance and care or services for millions of people, advocate, mobilise people and [&hellip;]\" \/>\n<meta property=\"og:url\" content=\"https:\/\/idcserbia.org\/en\/no-day-without-us\/\" \/>\n<meta property=\"og:site_name\" content=\"IDC Serbia\" \/>\n<meta property=\"article:publisher\" content=\"https:\/\/www.facebook.com\/idc.serbia\" \/>\n<meta property=\"article:published_time\" content=\"2018-12-10T12:44:12+00:00\" \/>\n<meta property=\"article:modified_time\" content=\"2022-11-24T22:41:44+00:00\" \/>\n<meta property=\"og:image\" content=\"https:\/\/idcserbia.org\/wp-content\/uploads\/2018\/12\/DSCN5135-Medium.jpg\" \/>\n\t<meta property=\"og:image:width\" content=\"1024\" \/>\n\t<meta property=\"og:image:height\" content=\"768\" \/>\n\t<meta property=\"og:image:type\" content=\"image\/jpeg\" \/>\n<meta name=\"author\" content=\"IDC Serbia\" \/>\n<meta name=\"twitter:card\" content=\"summary_large_image\" \/>\n<meta name=\"twitter:creator\" content=\"@IDCSERBIA\" \/>\n<meta name=\"twitter:site\" content=\"@IDCSERBIA\" \/>\n<meta name=\"twitter:label1\" content=\"Written by\" \/>\n\t<meta name=\"twitter:data1\" content=\"IDC Serbia\" \/>\n\t<meta name=\"twitter:label2\" content=\"Est. reading time\" \/>\n\t<meta name=\"twitter:data2\" content=\"11 minutes\" \/>\n<script type=\"application\/ld+json\" class=\"yoast-schema-graph\">{\"@context\":\"https:\\\/\\\/schema.org\",\"@graph\":[{\"@type\":\"Article\",\"@id\":\"https:\\\/\\\/idcserbia.org\\\/en\\\/no-day-without-us\\\/#article\",\"isPartOf\":{\"@id\":\"https:\\\/\\\/idcserbia.org\\\/en\\\/no-day-without-us\\\/\"},\"author\":{\"name\":\"IDC Serbia\",\"@id\":\"https:\\\/\\\/idcserbia.org\\\/#\\\/schema\\\/person\\\/9aabc1ee6cfdc5d7234d97fe33b1ff45\"},\"headline\":\"No day without us!\",\"datePublished\":\"2018-12-10T12:44:12+00:00\",\"dateModified\":\"2022-11-24T22:41:44+00:00\",\"mainEntityOfPage\":{\"@id\":\"https:\\\/\\\/idcserbia.org\\\/en\\\/no-day-without-us\\\/\"},\"wordCount\":2122,\"image\":{\"@id\":\"https:\\\/\\\/idcserbia.org\\\/en\\\/no-day-without-us\\\/#primaryimage\"},\"thumbnailUrl\":\"https:\\\/\\\/idcserbia.org\\\/wp-content\\\/uploads\\\/2018\\\/12\\\/DSCN5135-Medium.jpg\",\"articleSection\":[\"Actual\"],\"inLanguage\":\"en-US\"},{\"@type\":\"WebPage\",\"@id\":\"https:\\\/\\\/idcserbia.org\\\/en\\\/no-day-without-us\\\/\",\"url\":\"https:\\\/\\\/idcserbia.org\\\/en\\\/no-day-without-us\\\/\",\"name\":\"No day without us! - IDC Serbia\",\"isPartOf\":{\"@id\":\"https:\\\/\\\/idcserbia.org\\\/#website\"},\"primaryImageOfPage\":{\"@id\":\"https:\\\/\\\/idcserbia.org\\\/en\\\/no-day-without-us\\\/#primaryimage\"},\"image\":{\"@id\":\"https:\\\/\\\/idcserbia.org\\\/en\\\/no-day-without-us\\\/#primaryimage\"},\"thumbnailUrl\":\"https:\\\/\\\/idcserbia.org\\\/wp-content\\\/uploads\\\/2018\\\/12\\\/DSCN5135-Medium.jpg\",\"datePublished\":\"2018-12-10T12:44:12+00:00\",\"dateModified\":\"2022-11-24T22:41:44+00:00\",\"author\":{\"@id\":\"https:\\\/\\\/idcserbia.org\\\/#\\\/schema\\\/person\\\/9aabc1ee6cfdc5d7234d97fe33b1ff45\"},\"breadcrumb\":{\"@id\":\"https:\\\/\\\/idcserbia.org\\\/en\\\/no-day-without-us\\\/#breadcrumb\"},\"inLanguage\":\"en-US\",\"potentialAction\":[{\"@type\":\"ReadAction\",\"target\":[\"https:\\\/\\\/idcserbia.org\\\/en\\\/no-day-without-us\\\/\"]}]},{\"@type\":\"ImageObject\",\"inLanguage\":\"en-US\",\"@id\":\"https:\\\/\\\/idcserbia.org\\\/en\\\/no-day-without-us\\\/#primaryimage\",\"url\":\"https:\\\/\\\/idcserbia.org\\\/wp-content\\\/uploads\\\/2018\\\/12\\\/DSCN5135-Medium.jpg\",\"contentUrl\":\"https:\\\/\\\/idcserbia.org\\\/wp-content\\\/uploads\\\/2018\\\/12\\\/DSCN5135-Medium.jpg\",\"width\":1024,\"height\":768},{\"@type\":\"BreadcrumbList\",\"@id\":\"https:\\\/\\\/idcserbia.org\\\/en\\\/no-day-without-us\\\/#breadcrumb\",\"itemListElement\":[{\"@type\":\"ListItem\",\"position\":1,\"name\":\"Home\",\"item\":\"https:\\\/\\\/idcserbia.org\\\/en\\\/\"},{\"@type\":\"ListItem\",\"position\":2,\"name\":\"No day without us!\"}]},{\"@type\":\"WebSite\",\"@id\":\"https:\\\/\\\/idcserbia.org\\\/#website\",\"url\":\"https:\\\/\\\/idcserbia.org\\\/\",\"name\":\"IDC Serbia\",\"description\":\"Association of Citizens Initiative for Development and Cooperation\\r\\n\",\"potentialAction\":[{\"@type\":\"SearchAction\",\"target\":{\"@type\":\"EntryPoint\",\"urlTemplate\":\"https:\\\/\\\/idcserbia.org\\\/?s={search_term_string}\"},\"query-input\":{\"@type\":\"PropertyValueSpecification\",\"valueRequired\":true,\"valueName\":\"search_term_string\"}}],\"inLanguage\":\"en-US\"},{\"@type\":\"Person\",\"@id\":\"https:\\\/\\\/idcserbia.org\\\/#\\\/schema\\\/person\\\/9aabc1ee6cfdc5d7234d97fe33b1ff45\",\"name\":\"IDC Serbia\",\"url\":\"https:\\\/\\\/idcserbia.org\\\/en\\\/author\\\/idc-serbia\\\/\"}]}<\/script>\n<!-- \/ Yoast SEO plugin. -->","yoast_head_json":{"title":"No day without us! - IDC Serbia","robots":{"index":"index","follow":"follow","max-snippet":"max-snippet:-1","max-image-preview":"max-image-preview:large","max-video-preview":"max-video-preview:-1"},"canonical":"https:\/\/idcserbia.org\/en\/no-day-without-us\/","og_locale":"en_US","og_type":"article","og_title":"No day without us! - IDC Serbia","og_description":"ON 10 DECEMBER 2018 CIVIL SOCIETY ORGANISATIONS MOBILISE ACROSS EUROPE FOR A CIVIC PRIDE DAY: NO DAY WITHOUT US! On 10th December 1948, the Universal Declaration of Human rights was adopted. Everyday our democratic, independent civil society organizations and movements work, provide assistance and care or services for millions of people, advocate, mobilise people and [&hellip;]","og_url":"https:\/\/idcserbia.org\/en\/no-day-without-us\/","og_site_name":"IDC Serbia","article_publisher":"https:\/\/www.facebook.com\/idc.serbia","article_published_time":"2018-12-10T12:44:12+00:00","article_modified_time":"2022-11-24T22:41:44+00:00","og_image":[{"width":1024,"height":768,"url":"https:\/\/idcserbia.org\/wp-content\/uploads\/2018\/12\/DSCN5135-Medium.jpg","type":"image\/jpeg"}],"author":"IDC Serbia","twitter_card":"summary_large_image","twitter_creator":"@IDCSERBIA","twitter_site":"@IDCSERBIA","twitter_misc":{"Written by":"IDC Serbia","Est. reading time":"11 minutes"},"schema":{"@context":"https:\/\/schema.org","@graph":[{"@type":"Article","@id":"https:\/\/idcserbia.org\/en\/no-day-without-us\/#article","isPartOf":{"@id":"https:\/\/idcserbia.org\/en\/no-day-without-us\/"},"author":{"name":"IDC Serbia","@id":"https:\/\/idcserbia.org\/#\/schema\/person\/9aabc1ee6cfdc5d7234d97fe33b1ff45"},"headline":"No day without us!","datePublished":"2018-12-10T12:44:12+00:00","dateModified":"2022-11-24T22:41:44+00:00","mainEntityOfPage":{"@id":"https:\/\/idcserbia.org\/en\/no-day-without-us\/"},"wordCount":2122,"image":{"@id":"https:\/\/idcserbia.org\/en\/no-day-without-us\/#primaryimage"},"thumbnailUrl":"https:\/\/idcserbia.org\/wp-content\/uploads\/2018\/12\/DSCN5135-Medium.jpg","articleSection":["Actual"],"inLanguage":"en-US"},{"@type":"WebPage","@id":"https:\/\/idcserbia.org\/en\/no-day-without-us\/","url":"https:\/\/idcserbia.org\/en\/no-day-without-us\/","name":"No day without us! - IDC Serbia","isPartOf":{"@id":"https:\/\/idcserbia.org\/#website"},"primaryImageOfPage":{"@id":"https:\/\/idcserbia.org\/en\/no-day-without-us\/#primaryimage"},"image":{"@id":"https:\/\/idcserbia.org\/en\/no-day-without-us\/#primaryimage"},"thumbnailUrl":"https:\/\/idcserbia.org\/wp-content\/uploads\/2018\/12\/DSCN5135-Medium.jpg","datePublished":"2018-12-10T12:44:12+00:00","dateModified":"2022-11-24T22:41:44+00:00","author":{"@id":"https:\/\/idcserbia.org\/#\/schema\/person\/9aabc1ee6cfdc5d7234d97fe33b1ff45"},"breadcrumb":{"@id":"https:\/\/idcserbia.org\/en\/no-day-without-us\/#breadcrumb"},"inLanguage":"en-US","potentialAction":[{"@type":"ReadAction","target":["https:\/\/idcserbia.org\/en\/no-day-without-us\/"]}]},{"@type":"ImageObject","inLanguage":"en-US","@id":"https:\/\/idcserbia.org\/en\/no-day-without-us\/#primaryimage","url":"https:\/\/idcserbia.org\/wp-content\/uploads\/2018\/12\/DSCN5135-Medium.jpg","contentUrl":"https:\/\/idcserbia.org\/wp-content\/uploads\/2018\/12\/DSCN5135-Medium.jpg","width":1024,"height":768},{"@type":"BreadcrumbList","@id":"https:\/\/idcserbia.org\/en\/no-day-without-us\/#breadcrumb","itemListElement":[{"@type":"ListItem","position":1,"name":"Home","item":"https:\/\/idcserbia.org\/en\/"},{"@type":"ListItem","position":2,"name":"No day without us!"}]},{"@type":"WebSite","@id":"https:\/\/idcserbia.org\/#website","url":"https:\/\/idcserbia.org\/","name":"IDC Serbia","description":"Association of Citizens Initiative for Development and Cooperation\r\n","potentialAction":[{"@type":"SearchAction","target":{"@type":"EntryPoint","urlTemplate":"https:\/\/idcserbia.org\/?s={search_term_string}"},"query-input":{"@type":"PropertyValueSpecification","valueRequired":true,"valueName":"search_term_string"}}],"inLanguage":"en-US"},{"@type":"Person","@id":"https:\/\/idcserbia.org\/#\/schema\/person\/9aabc1ee6cfdc5d7234d97fe33b1ff45","name":"IDC Serbia","url":"https:\/\/idcserbia.org\/en\/author\/idc-serbia\/"}]}},"_links":{"self":[{"href":"https:\/\/idcserbia.org\/en\/wp-json\/wp\/v2\/posts\/3686","targetHints":{"allow":["GET"]}}],"collection":[{"href":"https:\/\/idcserbia.org\/en\/wp-json\/wp\/v2\/posts"}],"about":[{"href":"https:\/\/idcserbia.org\/en\/wp-json\/wp\/v2\/types\/post"}],"author":[{"embeddable":true,"href":"https:\/\/idcserbia.org\/en\/wp-json\/wp\/v2\/users\/2"}],"replies":[{"embeddable":true,"href":"https:\/\/idcserbia.org\/en\/wp-json\/wp\/v2\/comments?post=3686"}],"version-history":[{"count":1,"href":"https:\/\/idcserbia.org\/en\/wp-json\/wp\/v2\/posts\/3686\/revisions"}],"predecessor-version":[{"id":3687,"href":"https:\/\/idcserbia.org\/en\/wp-json\/wp\/v2\/posts\/3686\/revisions\/3687"}],"wp:featuredmedia":[{"embeddable":true,"href":"https:\/\/idcserbia.org\/en\/wp-json\/wp\/v2\/media\/3663"}],"wp:attachment":[{"href":"https:\/\/idcserbia.org\/en\/wp-json\/wp\/v2\/media?parent=3686"}],"wp:term":[{"taxonomy":"category","embeddable":true,"href":"https:\/\/idcserbia.org\/en\/wp-json\/wp\/v2\/categories?post=3686"},{"taxonomy":"post_tag","embeddable":true,"href":"https:\/\/idcserbia.org\/en\/wp-json\/wp\/v2\/tags?post=3686"}],"curies":[{"name":"wp","href":"https:\/\/api.w.org\/{rel}","templated":true}]}}