{"id":3876,"date":"2019-04-20T09:26:47","date_gmt":"2019-04-20T07:26:47","guid":{"rendered":"http:\/\/idcserbia.org\/en\/?p=3876"},"modified":"2022-11-24T23:40:51","modified_gmt":"2022-11-24T22:40:51","slug":"idc-and-local-communities-plant-for-the-community-of-lucani-and-school-of-journalism-for-children-and-youth-in-cacak","status":"publish","type":"post","link":"https:\/\/idcserbia.org\/en\/idc-and-local-communities-plant-for-the-community-of-lucani-and-school-of-journalism-for-children-and-youth-in-cacak\/","title":{"rendered":"IDC AND LOCAL COMMUNITIES: Plant for the Community of Lucani and School of Journalism for Children and Youth in Cacak"},"content":{"rendered":"<div id=\"s-share-buttons\" class=\"horizontal-w-c-circular s-share-w-c\"><a href=\"http:\/\/www.facebook.com\/sharer.php?u=https:\/\/idcserbia.org\/en\/idc-and-local-communities-plant-for-the-community-of-lucani-and-school-of-journalism-for-children-and-youth-in-cacak\/\" target=\"_blank\" title=\"Share to Facebook\" class=\"s3-facebook hint--top\"><\/a><a href=\"http:\/\/twitter.com\/intent\/tweet?text=IDC AND LOCAL COMMUNITIES: Plant for the Community of Lucani and School of Journalism for Children and Youth in Cacak&url=https:\/\/idcserbia.org\/en\/idc-and-local-communities-plant-for-the-community-of-lucani-and-school-of-journalism-for-children-and-youth-in-cacak\/\" target=\"_blank\"  title=\"Share to Twitter\" class=\"s3-twitter hint--top\"><\/a><a href=\"http:\/\/www.linkedin.com\/shareArticle?mini=true&url=https:\/\/idcserbia.org\/en\/idc-and-local-communities-plant-for-the-community-of-lucani-and-school-of-journalism-for-children-and-youth-in-cacak\/\" target=\"_blank\" title=\"Share to LinkedIn\" class=\"s3-linkedin hint--top\"><\/a><a href=\"mailto:?Subject=IDC%20AND%20LOCAL%20COMMUNITIES:%20Plant%20for%20the%20Community%20of%20Lucani%20and%20School%20of%20Journalism%20for%20Children%20and%20Youth%20in%20Cacak&Body=Here%20is%20the%20link%20to%20the%20article:%20https:\/\/idcserbia.org\/en\/idc-and-local-communities-plant-for-the-community-of-lucani-and-school-of-journalism-for-children-and-youth-in-cacak\/\" title=\"Email this article\" class=\"s3-email hint--top\"><\/a><\/div><div class=\"text-wrap tlid-copy-target\">\n<p class=\"result-shield-container tlid-copy-target\" tabindex=\"0\"><span class=\"tlid-translation translation\" lang=\"en\">On Wednesday, April 17, IDC hosted Mr Nebojsa Racic, a representative of the Municipality of Zollikon, donor two IDC projects, the project <a href=\"http:\/\/idcserbia.org\/en\/projekti\/school-of-journalism-for-children-and-youth\/\">School of Journalism for Children and Youth<\/a> and the project <a href=\"http:\/\/idcserbia.org\/en\/projekti\/plant-for-community-lucani\/\">Plant for the Community of Lucani<\/a>.<\/p>\n<p>A partnership agreement on the implementation of the projec<em>t Plant for Community of Lucani<\/em> was signed with the municipality of Lu\u010dani, and the implementation will begin in May. Within this project we will provide continuation of support for the households that were supported\u00a0in the framework of the last year&#8217;s project with establishing raspberry plantations. Successful and sustainable plantations will be equipped with anti- hail nets. Within the project, a certain number of new beneficiaries will be supported through provision of seedlings of raspberries, blueberries or strawberries and accompanying equipment for establishing new fields. In addition to the funds provided by the\u00a0Municipality of Zollikon\u00a0 in the amount of 15.000 CHF for the continuation of this cooperation and the Municipality of Lu\u010dani has appointed the same amount from its funds.<br \/>\n<img loading=\"lazy\" decoding=\"async\" class=\"size-medium wp-image-3870 aligncenter\" src=\"http:\/\/idcserbia.org\/wp-content\/uploads\/2019\/04\/IMG_3811-300x225.jpg\" alt=\"\" width=\"300\" height=\"225\" srcset=\"https:\/\/idcserbia.org\/wp-content\/uploads\/2019\/04\/IMG_3811-300x225.jpg 300w, https:\/\/idcserbia.org\/wp-content\/uploads\/2019\/04\/IMG_3811-768x576.jpg 768w, https:\/\/idcserbia.org\/wp-content\/uploads\/2019\/04\/IMG_3811-1024x768.jpg 1024w, https:\/\/idcserbia.org\/wp-content\/uploads\/2019\/04\/IMG_3811-200x150.jpg 200w, https:\/\/idcserbia.org\/wp-content\/uploads\/2019\/04\/IMG_3811.jpg 1280w\" sizes=\"auto, (max-width: 300px) 100vw, 300px\" \/><br \/>\nIn \u010ca\u010dak, at the new premises of the City library Vladislav Petkovi\u0107 Dis, a presentation of the project School of Journalism for Children and Youth was held. Workshop participants had the opportunity to apply their knowledge through the realization of an interview with the representative of the municipality of Zolikon and IDC Executive Director Miodrag Nedeljkovic. The realization of the project was supported by the City of Cacak, with whose representatives we had the opportunity to meet after the event in the library.<br \/>\n<img loading=\"lazy\" decoding=\"async\" class=\"size-medium wp-image-3872 aligncenter\" src=\"http:\/\/idcserbia.org\/wp-content\/uploads\/2019\/04\/IMG_3787-300x225.jpg\" alt=\"\" width=\"300\" height=\"225\" srcset=\"https:\/\/idcserbia.org\/wp-content\/uploads\/2019\/04\/IMG_3787-300x225.jpg 300w, https:\/\/idcserbia.org\/wp-content\/uploads\/2019\/04\/IMG_3787-768x576.jpg 768w, https:\/\/idcserbia.org\/wp-content\/uploads\/2019\/04\/IMG_3787-1024x768.jpg 1024w, https:\/\/idcserbia.org\/wp-content\/uploads\/2019\/04\/IMG_3787-200x150.jpg 200w, https:\/\/idcserbia.org\/wp-content\/uploads\/2019\/04\/IMG_3787.jpg 1280w\" sizes=\"auto, (max-width: 300px) 100vw, 300px\" \/><br \/>\nThe continuation of the support of the municipality of Zolikon is based on the success and significance of the results of the last year&#8217;s project, and it is our task to once again justify given trust.<\/span><\/p>\n<\/div>\n<div class=\"tlid-result-transliteration-container result-transliteration-container transliteration-container\">\n<div class=\"tlid-transliteration-content transliteration-content full\"><\/div>\n<\/div>\n","protected":false},"excerpt":{"rendered":"<p>On Wednesday, April 17, IDC hosted Mr Nebojsa Racic, a representative of the Municipality of Zollikon, donor two IDC projects, the project School of Journalism for Children and Youth and the project Plant for the Community of Lucani. A partnership agreement on the implementation of the project Plant for Community of Lucani was signed with [&hellip;]<\/p>\n","protected":false},"author":2,"featured_media":3874,"comment_status":"closed","ping_status":"closed","sticky":false,"template":"","format":"standard","meta":{"footnotes":""},"categories":[163],"tags":[293,398],"class_list":["post-3876","post","type-post","status-publish","format-standard","has-post-thumbnail","hentry","category-aktuelno-en","tag-agriculture","tag-journalism"],"yoast_head":"<!-- This site is optimized with the Yoast SEO plugin v27.4 - https:\/\/yoast.com\/product\/yoast-seo-wordpress\/ -->\n<title>IDC AND LOCAL COMMUNITIES: Plant for the Community of Lucani and School of Journalism for Children and Youth in Cacak - IDC Serbia<\/title>\n<meta name=\"robots\" content=\"index, follow, max-snippet:-1, max-image-preview:large, max-video-preview:-1\" \/>\n<link rel=\"canonical\" href=\"https:\/\/idcserbia.org\/en\/idc-and-local-communities-plant-for-the-community-of-lucani-and-school-of-journalism-for-children-and-youth-in-cacak\/\" \/>\n<meta property=\"og:locale\" content=\"en_US\" \/>\n<meta property=\"og:type\" content=\"article\" \/>\n<meta property=\"og:title\" content=\"IDC AND LOCAL COMMUNITIES: Plant for the Community of Lucani and School of Journalism for Children and Youth in Cacak - IDC Serbia\" \/>\n<meta property=\"og:description\" content=\"On Wednesday, April 17, IDC hosted Mr Nebojsa Racic, a representative of the Municipality of Zollikon, donor two IDC projects, the project School of Journalism for Children and Youth and the project Plant for the Community of Lucani. A partnership agreement on the implementation of the project Plant for Community of Lucani was signed with [&hellip;]\" \/>\n<meta property=\"og:url\" content=\"https:\/\/idcserbia.org\/en\/idc-and-local-communities-plant-for-the-community-of-lucani-and-school-of-journalism-for-children-and-youth-in-cacak\/\" \/>\n<meta property=\"og:site_name\" content=\"IDC Serbia\" \/>\n<meta property=\"article:publisher\" content=\"https:\/\/www.facebook.com\/idc.serbia\" \/>\n<meta property=\"article:published_time\" content=\"2019-04-20T07:26:47+00:00\" \/>\n<meta property=\"article:modified_time\" content=\"2022-11-24T22:40:51+00:00\" \/>\n<meta property=\"og:image\" content=\"https:\/\/idcserbia.org\/wp-content\/uploads\/2019\/04\/IMG_3785.jpg\" \/>\n\t<meta property=\"og:image:width\" content=\"640\" \/>\n\t<meta property=\"og:image:height\" content=\"480\" \/>\n\t<meta property=\"og:image:type\" content=\"image\/jpeg\" \/>\n<meta name=\"author\" content=\"IDC Serbia\" \/>\n<meta name=\"twitter:card\" content=\"summary_large_image\" \/>\n<meta name=\"twitter:creator\" content=\"@IDCSERBIA\" \/>\n<meta name=\"twitter:site\" content=\"@IDCSERBIA\" \/>\n<meta name=\"twitter:label1\" content=\"Written by\" \/>\n\t<meta name=\"twitter:data1\" content=\"IDC Serbia\" \/>\n\t<meta name=\"twitter:label2\" content=\"Est. reading time\" \/>\n\t<meta name=\"twitter:data2\" content=\"1 minute\" \/>\n<script type=\"application\/ld+json\" class=\"yoast-schema-graph\">{\"@context\":\"https:\\\/\\\/schema.org\",\"@graph\":[{\"@type\":\"Article\",\"@id\":\"https:\\\/\\\/idcserbia.org\\\/en\\\/idc-and-local-communities-plant-for-the-community-of-lucani-and-school-of-journalism-for-children-and-youth-in-cacak\\\/#article\",\"isPartOf\":{\"@id\":\"https:\\\/\\\/idcserbia.org\\\/en\\\/idc-and-local-communities-plant-for-the-community-of-lucani-and-school-of-journalism-for-children-and-youth-in-cacak\\\/\"},\"author\":{\"name\":\"IDC Serbia\",\"@id\":\"https:\\\/\\\/idcserbia.org\\\/#\\\/schema\\\/person\\\/9aabc1ee6cfdc5d7234d97fe33b1ff45\"},\"headline\":\"IDC AND LOCAL COMMUNITIES: Plant for the Community of Lucani and School of Journalism for Children and Youth in Cacak\",\"datePublished\":\"2019-04-20T07:26:47+00:00\",\"dateModified\":\"2022-11-24T22:40:51+00:00\",\"mainEntityOfPage\":{\"@id\":\"https:\\\/\\\/idcserbia.org\\\/en\\\/idc-and-local-communities-plant-for-the-community-of-lucani-and-school-of-journalism-for-children-and-youth-in-cacak\\\/\"},\"wordCount\":308,\"image\":{\"@id\":\"https:\\\/\\\/idcserbia.org\\\/en\\\/idc-and-local-communities-plant-for-the-community-of-lucani-and-school-of-journalism-for-children-and-youth-in-cacak\\\/#primaryimage\"},\"thumbnailUrl\":\"https:\\\/\\\/idcserbia.org\\\/wp-content\\\/uploads\\\/2019\\\/04\\\/IMG_3785.jpg\",\"keywords\":[\"agriculture\",\"journalism\"],\"articleSection\":[\"Actual\"],\"inLanguage\":\"en-US\"},{\"@type\":\"WebPage\",\"@id\":\"https:\\\/\\\/idcserbia.org\\\/en\\\/idc-and-local-communities-plant-for-the-community-of-lucani-and-school-of-journalism-for-children-and-youth-in-cacak\\\/\",\"url\":\"https:\\\/\\\/idcserbia.org\\\/en\\\/idc-and-local-communities-plant-for-the-community-of-lucani-and-school-of-journalism-for-children-and-youth-in-cacak\\\/\",\"name\":\"IDC AND LOCAL COMMUNITIES: Plant for the Community of Lucani and School of Journalism for Children and Youth in Cacak - IDC Serbia\",\"isPartOf\":{\"@id\":\"https:\\\/\\\/idcserbia.org\\\/#website\"},\"primaryImageOfPage\":{\"@id\":\"https:\\\/\\\/idcserbia.org\\\/en\\\/idc-and-local-communities-plant-for-the-community-of-lucani-and-school-of-journalism-for-children-and-youth-in-cacak\\\/#primaryimage\"},\"image\":{\"@id\":\"https:\\\/\\\/idcserbia.org\\\/en\\\/idc-and-local-communities-plant-for-the-community-of-lucani-and-school-of-journalism-for-children-and-youth-in-cacak\\\/#primaryimage\"},\"thumbnailUrl\":\"https:\\\/\\\/idcserbia.org\\\/wp-content\\\/uploads\\\/2019\\\/04\\\/IMG_3785.jpg\",\"datePublished\":\"2019-04-20T07:26:47+00:00\",\"dateModified\":\"2022-11-24T22:40:51+00:00\",\"author\":{\"@id\":\"https:\\\/\\\/idcserbia.org\\\/#\\\/schema\\\/person\\\/9aabc1ee6cfdc5d7234d97fe33b1ff45\"},\"breadcrumb\":{\"@id\":\"https:\\\/\\\/idcserbia.org\\\/en\\\/idc-and-local-communities-plant-for-the-community-of-lucani-and-school-of-journalism-for-children-and-youth-in-cacak\\\/#breadcrumb\"},\"inLanguage\":\"en-US\",\"potentialAction\":[{\"@type\":\"ReadAction\",\"target\":[\"https:\\\/\\\/idcserbia.org\\\/en\\\/idc-and-local-communities-plant-for-the-community-of-lucani-and-school-of-journalism-for-children-and-youth-in-cacak\\\/\"]}]},{\"@type\":\"ImageObject\",\"inLanguage\":\"en-US\",\"@id\":\"https:\\\/\\\/idcserbia.org\\\/en\\\/idc-and-local-communities-plant-for-the-community-of-lucani-and-school-of-journalism-for-children-and-youth-in-cacak\\\/#primaryimage\",\"url\":\"https:\\\/\\\/idcserbia.org\\\/wp-content\\\/uploads\\\/2019\\\/04\\\/IMG_3785.jpg\",\"contentUrl\":\"https:\\\/\\\/idcserbia.org\\\/wp-content\\\/uploads\\\/2019\\\/04\\\/IMG_3785.jpg\",\"width\":640,\"height\":480},{\"@type\":\"BreadcrumbList\",\"@id\":\"https:\\\/\\\/idcserbia.org\\\/en\\\/idc-and-local-communities-plant-for-the-community-of-lucani-and-school-of-journalism-for-children-and-youth-in-cacak\\\/#breadcrumb\",\"itemListElement\":[{\"@type\":\"ListItem\",\"position\":1,\"name\":\"Home\",\"item\":\"https:\\\/\\\/idcserbia.org\\\/en\\\/\"},{\"@type\":\"ListItem\",\"position\":2,\"name\":\"IDC AND LOCAL COMMUNITIES: Plant for the Community of Lucani and School of Journalism for Children and Youth in Cacak\"}]},{\"@type\":\"WebSite\",\"@id\":\"https:\\\/\\\/idcserbia.org\\\/#website\",\"url\":\"https:\\\/\\\/idcserbia.org\\\/\",\"name\":\"IDC Serbia\",\"description\":\"Association of Citizens Initiative for Development and Cooperation\\r\\n\",\"potentialAction\":[{\"@type\":\"SearchAction\",\"target\":{\"@type\":\"EntryPoint\",\"urlTemplate\":\"https:\\\/\\\/idcserbia.org\\\/?s={search_term_string}\"},\"query-input\":{\"@type\":\"PropertyValueSpecification\",\"valueRequired\":true,\"valueName\":\"search_term_string\"}}],\"inLanguage\":\"en-US\"},{\"@type\":\"Person\",\"@id\":\"https:\\\/\\\/idcserbia.org\\\/#\\\/schema\\\/person\\\/9aabc1ee6cfdc5d7234d97fe33b1ff45\",\"name\":\"IDC Serbia\",\"url\":\"https:\\\/\\\/idcserbia.org\\\/en\\\/author\\\/idc-serbia\\\/\"}]}<\/script>\n<!-- \/ Yoast SEO plugin. -->","yoast_head_json":{"title":"IDC AND LOCAL COMMUNITIES: Plant for the Community of Lucani and School of Journalism for Children and Youth in Cacak - IDC Serbia","robots":{"index":"index","follow":"follow","max-snippet":"max-snippet:-1","max-image-preview":"max-image-preview:large","max-video-preview":"max-video-preview:-1"},"canonical":"https:\/\/idcserbia.org\/en\/idc-and-local-communities-plant-for-the-community-of-lucani-and-school-of-journalism-for-children-and-youth-in-cacak\/","og_locale":"en_US","og_type":"article","og_title":"IDC AND LOCAL COMMUNITIES: Plant for the Community of Lucani and School of Journalism for Children and Youth in Cacak - IDC Serbia","og_description":"On Wednesday, April 17, IDC hosted Mr Nebojsa Racic, a representative of the Municipality of Zollikon, donor two IDC projects, the project School of Journalism for Children and Youth and the project Plant for the Community of Lucani. A partnership agreement on the implementation of the project Plant for Community of Lucani was signed with [&hellip;]","og_url":"https:\/\/idcserbia.org\/en\/idc-and-local-communities-plant-for-the-community-of-lucani-and-school-of-journalism-for-children-and-youth-in-cacak\/","og_site_name":"IDC Serbia","article_publisher":"https:\/\/www.facebook.com\/idc.serbia","article_published_time":"2019-04-20T07:26:47+00:00","article_modified_time":"2022-11-24T22:40:51+00:00","og_image":[{"width":640,"height":480,"url":"https:\/\/idcserbia.org\/wp-content\/uploads\/2019\/04\/IMG_3785.jpg","type":"image\/jpeg"}],"author":"IDC Serbia","twitter_card":"summary_large_image","twitter_creator":"@IDCSERBIA","twitter_site":"@IDCSERBIA","twitter_misc":{"Written by":"IDC Serbia","Est. reading time":"1 minute"},"schema":{"@context":"https:\/\/schema.org","@graph":[{"@type":"Article","@id":"https:\/\/idcserbia.org\/en\/idc-and-local-communities-plant-for-the-community-of-lucani-and-school-of-journalism-for-children-and-youth-in-cacak\/#article","isPartOf":{"@id":"https:\/\/idcserbia.org\/en\/idc-and-local-communities-plant-for-the-community-of-lucani-and-school-of-journalism-for-children-and-youth-in-cacak\/"},"author":{"name":"IDC Serbia","@id":"https:\/\/idcserbia.org\/#\/schema\/person\/9aabc1ee6cfdc5d7234d97fe33b1ff45"},"headline":"IDC AND LOCAL COMMUNITIES: Plant for the Community of Lucani and School of Journalism for Children and Youth in Cacak","datePublished":"2019-04-20T07:26:47+00:00","dateModified":"2022-11-24T22:40:51+00:00","mainEntityOfPage":{"@id":"https:\/\/idcserbia.org\/en\/idc-and-local-communities-plant-for-the-community-of-lucani-and-school-of-journalism-for-children-and-youth-in-cacak\/"},"wordCount":308,"image":{"@id":"https:\/\/idcserbia.org\/en\/idc-and-local-communities-plant-for-the-community-of-lucani-and-school-of-journalism-for-children-and-youth-in-cacak\/#primaryimage"},"thumbnailUrl":"https:\/\/idcserbia.org\/wp-content\/uploads\/2019\/04\/IMG_3785.jpg","keywords":["agriculture","journalism"],"articleSection":["Actual"],"inLanguage":"en-US"},{"@type":"WebPage","@id":"https:\/\/idcserbia.org\/en\/idc-and-local-communities-plant-for-the-community-of-lucani-and-school-of-journalism-for-children-and-youth-in-cacak\/","url":"https:\/\/idcserbia.org\/en\/idc-and-local-communities-plant-for-the-community-of-lucani-and-school-of-journalism-for-children-and-youth-in-cacak\/","name":"IDC AND LOCAL COMMUNITIES: Plant for the Community of Lucani and School of Journalism for Children and Youth in Cacak - IDC Serbia","isPartOf":{"@id":"https:\/\/idcserbia.org\/#website"},"primaryImageOfPage":{"@id":"https:\/\/idcserbia.org\/en\/idc-and-local-communities-plant-for-the-community-of-lucani-and-school-of-journalism-for-children-and-youth-in-cacak\/#primaryimage"},"image":{"@id":"https:\/\/idcserbia.org\/en\/idc-and-local-communities-plant-for-the-community-of-lucani-and-school-of-journalism-for-children-and-youth-in-cacak\/#primaryimage"},"thumbnailUrl":"https:\/\/idcserbia.org\/wp-content\/uploads\/2019\/04\/IMG_3785.jpg","datePublished":"2019-04-20T07:26:47+00:00","dateModified":"2022-11-24T22:40:51+00:00","author":{"@id":"https:\/\/idcserbia.org\/#\/schema\/person\/9aabc1ee6cfdc5d7234d97fe33b1ff45"},"breadcrumb":{"@id":"https:\/\/idcserbia.org\/en\/idc-and-local-communities-plant-for-the-community-of-lucani-and-school-of-journalism-for-children-and-youth-in-cacak\/#breadcrumb"},"inLanguage":"en-US","potentialAction":[{"@type":"ReadAction","target":["https:\/\/idcserbia.org\/en\/idc-and-local-communities-plant-for-the-community-of-lucani-and-school-of-journalism-for-children-and-youth-in-cacak\/"]}]},{"@type":"ImageObject","inLanguage":"en-US","@id":"https:\/\/idcserbia.org\/en\/idc-and-local-communities-plant-for-the-community-of-lucani-and-school-of-journalism-for-children-and-youth-in-cacak\/#primaryimage","url":"https:\/\/idcserbia.org\/wp-content\/uploads\/2019\/04\/IMG_3785.jpg","contentUrl":"https:\/\/idcserbia.org\/wp-content\/uploads\/2019\/04\/IMG_3785.jpg","width":640,"height":480},{"@type":"BreadcrumbList","@id":"https:\/\/idcserbia.org\/en\/idc-and-local-communities-plant-for-the-community-of-lucani-and-school-of-journalism-for-children-and-youth-in-cacak\/#breadcrumb","itemListElement":[{"@type":"ListItem","position":1,"name":"Home","item":"https:\/\/idcserbia.org\/en\/"},{"@type":"ListItem","position":2,"name":"IDC AND LOCAL COMMUNITIES: Plant for the Community of Lucani and School of Journalism for Children and Youth in Cacak"}]},{"@type":"WebSite","@id":"https:\/\/idcserbia.org\/#website","url":"https:\/\/idcserbia.org\/","name":"IDC Serbia","description":"Association of Citizens Initiative for Development and Cooperation\r\n","potentialAction":[{"@type":"SearchAction","target":{"@type":"EntryPoint","urlTemplate":"https:\/\/idcserbia.org\/?s={search_term_string}"},"query-input":{"@type":"PropertyValueSpecification","valueRequired":true,"valueName":"search_term_string"}}],"inLanguage":"en-US"},{"@type":"Person","@id":"https:\/\/idcserbia.org\/#\/schema\/person\/9aabc1ee6cfdc5d7234d97fe33b1ff45","name":"IDC Serbia","url":"https:\/\/idcserbia.org\/en\/author\/idc-serbia\/"}]}},"_links":{"self":[{"href":"https:\/\/idcserbia.org\/en\/wp-json\/wp\/v2\/posts\/3876","targetHints":{"allow":["GET"]}}],"collection":[{"href":"https:\/\/idcserbia.org\/en\/wp-json\/wp\/v2\/posts"}],"about":[{"href":"https:\/\/idcserbia.org\/en\/wp-json\/wp\/v2\/types\/post"}],"author":[{"embeddable":true,"href":"https:\/\/idcserbia.org\/en\/wp-json\/wp\/v2\/users\/2"}],"replies":[{"embeddable":true,"href":"https:\/\/idcserbia.org\/en\/wp-json\/wp\/v2\/comments?post=3876"}],"version-history":[{"count":1,"href":"https:\/\/idcserbia.org\/en\/wp-json\/wp\/v2\/posts\/3876\/revisions"}],"predecessor-version":[{"id":3877,"href":"https:\/\/idcserbia.org\/en\/wp-json\/wp\/v2\/posts\/3876\/revisions\/3877"}],"wp:featuredmedia":[{"embeddable":true,"href":"https:\/\/idcserbia.org\/en\/wp-json\/wp\/v2\/media\/3874"}],"wp:attachment":[{"href":"https:\/\/idcserbia.org\/en\/wp-json\/wp\/v2\/media?parent=3876"}],"wp:term":[{"taxonomy":"category","embeddable":true,"href":"https:\/\/idcserbia.org\/en\/wp-json\/wp\/v2\/categories?post=3876"},{"taxonomy":"post_tag","embeddable":true,"href":"https:\/\/idcserbia.org\/en\/wp-json\/wp\/v2\/tags?post=3876"}],"curies":[{"name":"wp","href":"https:\/\/api.w.org\/{rel}","templated":true}]}}