{"id":3909,"date":"2019-06-30T13:56:16","date_gmt":"2019-06-30T11:56:16","guid":{"rendered":"http:\/\/idcserbia.org\/en\/?p=3909"},"modified":"2022-11-24T23:40:45","modified_gmt":"2022-11-24T22:40:45","slug":"3909","status":"publish","type":"post","link":"https:\/\/idcserbia.org\/en\/3909\/","title":{"rendered":"Anti-heil nets for 8 families of Draga\u010devo villages and continuation of the cooperation with the Municipality of Lu\u010dani"},"content":{"rendered":"<div id=\"s-share-buttons\" class=\"horizontal-w-c-circular s-share-w-c\"><a href=\"http:\/\/www.facebook.com\/sharer.php?u=https:\/\/idcserbia.org\/en\/3909\/\" target=\"_blank\" title=\"Share to Facebook\" class=\"s3-facebook hint--top\"><\/a><a href=\"http:\/\/twitter.com\/intent\/tweet?text=Anti-heil nets for 8 families of Draga\u010devo villages and continuation of the cooperation with the Municipality of Lu\u010dani&url=https:\/\/idcserbia.org\/en\/3909\/\" target=\"_blank\"  title=\"Share to Twitter\" class=\"s3-twitter hint--top\"><\/a><a href=\"http:\/\/www.linkedin.com\/shareArticle?mini=true&url=https:\/\/idcserbia.org\/en\/3909\/\" target=\"_blank\" title=\"Share to LinkedIn\" class=\"s3-linkedin hint--top\"><\/a><a href=\"mailto:?Subject=Anti-heil%20nets%20for%208%20families%20of%20Draga\u010devo%20villages%20and%20continuation%20of%20the%20cooperation%20with%20the%20Municipality%20of%20Lu\u010dani&Body=Here%20is%20the%20link%20to%20the%20article:%20https:\/\/idcserbia.org\/en\/3909\/\" title=\"Email this article\" class=\"s3-email hint--top\"><\/a><\/div><div class=\"gb_Vd\">\n<div class=\"gb_nc gb_lc gb_sc\">\n<div class=\"gb_tc\" role=\"menu\">\n<p class=\"gb_vc\"><span class=\"tlid-translation translation\" lang=\"en\">On Friday, June 28, 8 families from the municipality of Lu\u010dani received anti-heil nets and additional equipment for their installation within the project Plant for a community implemented by IDC and the Municipality of Lu\u010dani. The project aims to socio-economicly empower\u00a0 the families living in rural areas of the municipality of Lucani and the funds are provided by the <a href=\"https:\/\/www.zollikon.ch\/\">municipality of Zolikon from Zurich<\/a> and the <a href=\"https:\/\/www.lucani.rs\/index.php\/sr\/\">municipality of Lu\u010dani<\/a>.<\/span><\/p>\n<p><img loading=\"lazy\" decoding=\"async\" class=\"size-medium wp-image-3906 aligncenter\" src=\"http:\/\/idcserbia.org\/wp-content\/uploads\/2019\/06\/IMG_6396-300x225.jpg\" alt=\"\" width=\"300\" height=\"225\" srcset=\"https:\/\/idcserbia.org\/wp-content\/uploads\/2019\/06\/IMG_6396-300x225.jpg 300w, https:\/\/idcserbia.org\/wp-content\/uploads\/2019\/06\/IMG_6396-200x150.jpg 200w, https:\/\/idcserbia.org\/wp-content\/uploads\/2019\/06\/IMG_6396.jpg 640w\" sizes=\"auto, (max-width: 300px) 100vw, 300px\" \/><\/p>\n<p class=\"gb_vc\"><span class=\"tlid-translation translation\" lang=\"en\">Last year, 15 families were provided with raspberry seedlings for raising their own 20-acre plantations, as well as with irrigation systems, pumps and other equipment, and this year the most successful of them were provided with anti-heil nets.<\/span><\/p>\n<p class=\"gb_vc\"><span class=\"tlid-translation translation\" lang=\"en\">Public call for new beneficiaries will be opened soon, and this year, apart from raspberry seedlings, interested parties will be able to compete for blueberry or strawberry seedlings as well.<br \/>\n<\/span><\/p>\n<p><img loading=\"lazy\" decoding=\"async\" class=\"size-medium wp-image-3904 aligncenter\" src=\"http:\/\/idcserbia.org\/wp-content\/uploads\/2019\/06\/IMG_6382-300x225.jpg\" alt=\"\" width=\"300\" height=\"225\" srcset=\"https:\/\/idcserbia.org\/wp-content\/uploads\/2019\/06\/IMG_6382-300x225.jpg 300w, https:\/\/idcserbia.org\/wp-content\/uploads\/2019\/06\/IMG_6382-200x150.jpg 200w, https:\/\/idcserbia.org\/wp-content\/uploads\/2019\/06\/IMG_6382.jpg 640w\" sizes=\"auto, (max-width: 300px) 100vw, 300px\" \/><\/p>\n<p class=\"gb_vc\"><span class=\"tlid-translation translation\" lang=\"en\">IDC the Municipality of Lu\u010dani are continuing their cooperation through this project, as well as through other initiatives, innovative for this municipality and region. In addition to the project Plant for community, the Municipality and IDC in cooperation with the <a href=\"https:\/\/www.mis.org.rs\/\">Young Researchers of Serbia<\/a>, will also organize an international volunteer camp\u00a0 in the village of Tijane. Young volunteers from all over the world will spend two weeks in this village where they will work on arranging the area of \u200b\u200belementary school, getting to know the daily life of the village and its inhabitants and the natural beauty of our country<\/span><span class=\"tlid-translation translation\" lang=\"en\">.<\/span><\/p>\n<p class=\"gb_vc\"><span class=\"tlid-translation translation\" lang=\"en\">The municipality of Lu\u010dani is also a part of the project Social dimension of EU integration, which is implemented by the German humanitarian organization <a href=\"https:\/\/asb-see.org\/\">ASB<\/a>. Within the framework of this project, the municipality was supported by the IDC through mentoring in the process of preparation of three project proposals, after the employees in the Municipality and the local Center for Social Work had training on writing projects in the field of social protection and social development. These three projects are a part of 45 project proposals that IDC developed together with 15 municipalities in Serbia selected by the Ministry of Labor, Employment, Veterans&#8217; and Social Affairs of the Republic of Serbia. The project Social dimension of EU integration is a regional initiative, and as a result municipalities throughout the Western Balkans, will have 200 project applications developed and ready to be funded. With this application they will be able to compete for the resources of the European Union and other donors, in order to create better living conditions for their fellow citizens.<\/span><\/p>\n<\/div>\n<\/div>\n<\/div>\n","protected":false},"excerpt":{"rendered":"<p>On Friday, June 28, 8 families from the municipality of Lu\u010dani received anti-heil nets and additional equipment for their installation within the project Plant for a community implemented by IDC and the Municipality of Lu\u010dani. The project aims to socio-economicly empower\u00a0 the families living in rural areas of the municipality of Lucani and the funds [&hellip;]<\/p>\n","protected":false},"author":2,"featured_media":3903,"comment_status":"closed","ping_status":"closed","sticky":false,"template":"","format":"standard","meta":{"footnotes":""},"categories":[163],"tags":[293,416,146,415,414],"class_list":["post-3909","post","type-post","status-publish","format-standard","has-post-thumbnail","hentry","category-aktuelno-en","tag-agriculture","tag-camp","tag-rural","tag-rural-development","tag-social-development"],"yoast_head":"<!-- This site is optimized with the Yoast SEO plugin v27.4 - https:\/\/yoast.com\/product\/yoast-seo-wordpress\/ -->\n<title>Anti-heil nets for 8 families of Draga\u010devo villages and continuation of the cooperation with the Municipality of Lu\u010dani - IDC Serbia<\/title>\n<meta name=\"robots\" content=\"index, follow, max-snippet:-1, max-image-preview:large, max-video-preview:-1\" \/>\n<link rel=\"canonical\" href=\"https:\/\/idcserbia.org\/en\/3909\/\" \/>\n<meta property=\"og:locale\" content=\"en_US\" \/>\n<meta property=\"og:type\" content=\"article\" \/>\n<meta property=\"og:title\" content=\"Anti-heil nets for 8 families of Draga\u010devo villages and continuation of the cooperation with the Municipality of Lu\u010dani - IDC Serbia\" \/>\n<meta property=\"og:description\" content=\"On Friday, June 28, 8 families from the municipality of Lu\u010dani received anti-heil nets and additional equipment for their installation within the project Plant for a community implemented by IDC and the Municipality of Lu\u010dani. The project aims to socio-economicly empower\u00a0 the families living in rural areas of the municipality of Lucani and the funds [&hellip;]\" \/>\n<meta property=\"og:url\" content=\"https:\/\/idcserbia.org\/en\/3909\/\" \/>\n<meta property=\"og:site_name\" content=\"IDC Serbia\" \/>\n<meta property=\"article:publisher\" content=\"https:\/\/www.facebook.com\/idc.serbia\" \/>\n<meta property=\"article:published_time\" content=\"2019-06-30T11:56:16+00:00\" \/>\n<meta property=\"article:modified_time\" content=\"2022-11-24T22:40:45+00:00\" \/>\n<meta property=\"og:image\" content=\"https:\/\/idcserbia.org\/wp-content\/uploads\/2019\/06\/IMG_6377.jpg\" \/>\n\t<meta property=\"og:image:width\" content=\"640\" \/>\n\t<meta property=\"og:image:height\" content=\"480\" \/>\n\t<meta property=\"og:image:type\" content=\"image\/jpeg\" \/>\n<meta name=\"author\" content=\"IDC Serbia\" \/>\n<meta name=\"twitter:card\" content=\"summary_large_image\" \/>\n<meta name=\"twitter:creator\" content=\"@IDCSERBIA\" \/>\n<meta name=\"twitter:site\" content=\"@IDCSERBIA\" \/>\n<meta name=\"twitter:label1\" content=\"Written by\" \/>\n\t<meta name=\"twitter:data1\" content=\"IDC Serbia\" \/>\n\t<meta name=\"twitter:label2\" content=\"Est. reading time\" \/>\n\t<meta name=\"twitter:data2\" content=\"2 minutes\" \/>\n<script type=\"application\/ld+json\" class=\"yoast-schema-graph\">{\"@context\":\"https:\\\/\\\/schema.org\",\"@graph\":[{\"@type\":\"Article\",\"@id\":\"https:\\\/\\\/idcserbia.org\\\/en\\\/3909\\\/#article\",\"isPartOf\":{\"@id\":\"https:\\\/\\\/idcserbia.org\\\/en\\\/3909\\\/\"},\"author\":{\"name\":\"IDC Serbia\",\"@id\":\"https:\\\/\\\/idcserbia.org\\\/#\\\/schema\\\/person\\\/9aabc1ee6cfdc5d7234d97fe33b1ff45\"},\"headline\":\"Anti-heil nets for 8 families of Draga\u010devo villages and continuation of the cooperation with the Municipality of Lu\u010dani\",\"datePublished\":\"2019-06-30T11:56:16+00:00\",\"dateModified\":\"2022-11-24T22:40:45+00:00\",\"mainEntityOfPage\":{\"@id\":\"https:\\\/\\\/idcserbia.org\\\/en\\\/3909\\\/\"},\"wordCount\":427,\"image\":{\"@id\":\"https:\\\/\\\/idcserbia.org\\\/en\\\/3909\\\/#primaryimage\"},\"thumbnailUrl\":\"https:\\\/\\\/idcserbia.org\\\/wp-content\\\/uploads\\\/2019\\\/06\\\/IMG_6377.jpg\",\"keywords\":[\"agriculture\",\"camp\",\"rural\",\"rural development\",\"social development\"],\"articleSection\":[\"Actual\"],\"inLanguage\":\"en-US\"},{\"@type\":\"WebPage\",\"@id\":\"https:\\\/\\\/idcserbia.org\\\/en\\\/3909\\\/\",\"url\":\"https:\\\/\\\/idcserbia.org\\\/en\\\/3909\\\/\",\"name\":\"Anti-heil nets for 8 families of Draga\u010devo villages and continuation of the cooperation with the Municipality of Lu\u010dani - IDC Serbia\",\"isPartOf\":{\"@id\":\"https:\\\/\\\/idcserbia.org\\\/#website\"},\"primaryImageOfPage\":{\"@id\":\"https:\\\/\\\/idcserbia.org\\\/en\\\/3909\\\/#primaryimage\"},\"image\":{\"@id\":\"https:\\\/\\\/idcserbia.org\\\/en\\\/3909\\\/#primaryimage\"},\"thumbnailUrl\":\"https:\\\/\\\/idcserbia.org\\\/wp-content\\\/uploads\\\/2019\\\/06\\\/IMG_6377.jpg\",\"datePublished\":\"2019-06-30T11:56:16+00:00\",\"dateModified\":\"2022-11-24T22:40:45+00:00\",\"author\":{\"@id\":\"https:\\\/\\\/idcserbia.org\\\/#\\\/schema\\\/person\\\/9aabc1ee6cfdc5d7234d97fe33b1ff45\"},\"breadcrumb\":{\"@id\":\"https:\\\/\\\/idcserbia.org\\\/en\\\/3909\\\/#breadcrumb\"},\"inLanguage\":\"en-US\",\"potentialAction\":[{\"@type\":\"ReadAction\",\"target\":[\"https:\\\/\\\/idcserbia.org\\\/en\\\/3909\\\/\"]}]},{\"@type\":\"ImageObject\",\"inLanguage\":\"en-US\",\"@id\":\"https:\\\/\\\/idcserbia.org\\\/en\\\/3909\\\/#primaryimage\",\"url\":\"https:\\\/\\\/idcserbia.org\\\/wp-content\\\/uploads\\\/2019\\\/06\\\/IMG_6377.jpg\",\"contentUrl\":\"https:\\\/\\\/idcserbia.org\\\/wp-content\\\/uploads\\\/2019\\\/06\\\/IMG_6377.jpg\",\"width\":640,\"height\":480},{\"@type\":\"BreadcrumbList\",\"@id\":\"https:\\\/\\\/idcserbia.org\\\/en\\\/3909\\\/#breadcrumb\",\"itemListElement\":[{\"@type\":\"ListItem\",\"position\":1,\"name\":\"Home\",\"item\":\"https:\\\/\\\/idcserbia.org\\\/en\\\/\"},{\"@type\":\"ListItem\",\"position\":2,\"name\":\"Anti-heil nets for 8 families of Draga\u010devo villages and continuation of the cooperation with the Municipality of Lu\u010dani\"}]},{\"@type\":\"WebSite\",\"@id\":\"https:\\\/\\\/idcserbia.org\\\/#website\",\"url\":\"https:\\\/\\\/idcserbia.org\\\/\",\"name\":\"IDC Serbia\",\"description\":\"Association of Citizens Initiative for Development and Cooperation\\r\\n\",\"potentialAction\":[{\"@type\":\"SearchAction\",\"target\":{\"@type\":\"EntryPoint\",\"urlTemplate\":\"https:\\\/\\\/idcserbia.org\\\/?s={search_term_string}\"},\"query-input\":{\"@type\":\"PropertyValueSpecification\",\"valueRequired\":true,\"valueName\":\"search_term_string\"}}],\"inLanguage\":\"en-US\"},{\"@type\":\"Person\",\"@id\":\"https:\\\/\\\/idcserbia.org\\\/#\\\/schema\\\/person\\\/9aabc1ee6cfdc5d7234d97fe33b1ff45\",\"name\":\"IDC Serbia\",\"url\":\"https:\\\/\\\/idcserbia.org\\\/en\\\/author\\\/idc-serbia\\\/\"}]}<\/script>\n<!-- \/ Yoast SEO plugin. -->","yoast_head_json":{"title":"Anti-heil nets for 8 families of Draga\u010devo villages and continuation of the cooperation with the Municipality of Lu\u010dani - IDC Serbia","robots":{"index":"index","follow":"follow","max-snippet":"max-snippet:-1","max-image-preview":"max-image-preview:large","max-video-preview":"max-video-preview:-1"},"canonical":"https:\/\/idcserbia.org\/en\/3909\/","og_locale":"en_US","og_type":"article","og_title":"Anti-heil nets for 8 families of Draga\u010devo villages and continuation of the cooperation with the Municipality of Lu\u010dani - IDC Serbia","og_description":"On Friday, June 28, 8 families from the municipality of Lu\u010dani received anti-heil nets and additional equipment for their installation within the project Plant for a community implemented by IDC and the Municipality of Lu\u010dani. The project aims to socio-economicly empower\u00a0 the families living in rural areas of the municipality of Lucani and the funds [&hellip;]","og_url":"https:\/\/idcserbia.org\/en\/3909\/","og_site_name":"IDC Serbia","article_publisher":"https:\/\/www.facebook.com\/idc.serbia","article_published_time":"2019-06-30T11:56:16+00:00","article_modified_time":"2022-11-24T22:40:45+00:00","og_image":[{"width":640,"height":480,"url":"https:\/\/idcserbia.org\/wp-content\/uploads\/2019\/06\/IMG_6377.jpg","type":"image\/jpeg"}],"author":"IDC Serbia","twitter_card":"summary_large_image","twitter_creator":"@IDCSERBIA","twitter_site":"@IDCSERBIA","twitter_misc":{"Written by":"IDC Serbia","Est. reading time":"2 minutes"},"schema":{"@context":"https:\/\/schema.org","@graph":[{"@type":"Article","@id":"https:\/\/idcserbia.org\/en\/3909\/#article","isPartOf":{"@id":"https:\/\/idcserbia.org\/en\/3909\/"},"author":{"name":"IDC Serbia","@id":"https:\/\/idcserbia.org\/#\/schema\/person\/9aabc1ee6cfdc5d7234d97fe33b1ff45"},"headline":"Anti-heil nets for 8 families of Draga\u010devo villages and continuation of the cooperation with the Municipality of Lu\u010dani","datePublished":"2019-06-30T11:56:16+00:00","dateModified":"2022-11-24T22:40:45+00:00","mainEntityOfPage":{"@id":"https:\/\/idcserbia.org\/en\/3909\/"},"wordCount":427,"image":{"@id":"https:\/\/idcserbia.org\/en\/3909\/#primaryimage"},"thumbnailUrl":"https:\/\/idcserbia.org\/wp-content\/uploads\/2019\/06\/IMG_6377.jpg","keywords":["agriculture","camp","rural","rural development","social development"],"articleSection":["Actual"],"inLanguage":"en-US"},{"@type":"WebPage","@id":"https:\/\/idcserbia.org\/en\/3909\/","url":"https:\/\/idcserbia.org\/en\/3909\/","name":"Anti-heil nets for 8 families of Draga\u010devo villages and continuation of the cooperation with the Municipality of Lu\u010dani - IDC Serbia","isPartOf":{"@id":"https:\/\/idcserbia.org\/#website"},"primaryImageOfPage":{"@id":"https:\/\/idcserbia.org\/en\/3909\/#primaryimage"},"image":{"@id":"https:\/\/idcserbia.org\/en\/3909\/#primaryimage"},"thumbnailUrl":"https:\/\/idcserbia.org\/wp-content\/uploads\/2019\/06\/IMG_6377.jpg","datePublished":"2019-06-30T11:56:16+00:00","dateModified":"2022-11-24T22:40:45+00:00","author":{"@id":"https:\/\/idcserbia.org\/#\/schema\/person\/9aabc1ee6cfdc5d7234d97fe33b1ff45"},"breadcrumb":{"@id":"https:\/\/idcserbia.org\/en\/3909\/#breadcrumb"},"inLanguage":"en-US","potentialAction":[{"@type":"ReadAction","target":["https:\/\/idcserbia.org\/en\/3909\/"]}]},{"@type":"ImageObject","inLanguage":"en-US","@id":"https:\/\/idcserbia.org\/en\/3909\/#primaryimage","url":"https:\/\/idcserbia.org\/wp-content\/uploads\/2019\/06\/IMG_6377.jpg","contentUrl":"https:\/\/idcserbia.org\/wp-content\/uploads\/2019\/06\/IMG_6377.jpg","width":640,"height":480},{"@type":"BreadcrumbList","@id":"https:\/\/idcserbia.org\/en\/3909\/#breadcrumb","itemListElement":[{"@type":"ListItem","position":1,"name":"Home","item":"https:\/\/idcserbia.org\/en\/"},{"@type":"ListItem","position":2,"name":"Anti-heil nets for 8 families of Draga\u010devo villages and continuation of the cooperation with the Municipality of Lu\u010dani"}]},{"@type":"WebSite","@id":"https:\/\/idcserbia.org\/#website","url":"https:\/\/idcserbia.org\/","name":"IDC Serbia","description":"Association of Citizens Initiative for Development and Cooperation\r\n","potentialAction":[{"@type":"SearchAction","target":{"@type":"EntryPoint","urlTemplate":"https:\/\/idcserbia.org\/?s={search_term_string}"},"query-input":{"@type":"PropertyValueSpecification","valueRequired":true,"valueName":"search_term_string"}}],"inLanguage":"en-US"},{"@type":"Person","@id":"https:\/\/idcserbia.org\/#\/schema\/person\/9aabc1ee6cfdc5d7234d97fe33b1ff45","name":"IDC Serbia","url":"https:\/\/idcserbia.org\/en\/author\/idc-serbia\/"}]}},"_links":{"self":[{"href":"https:\/\/idcserbia.org\/en\/wp-json\/wp\/v2\/posts\/3909","targetHints":{"allow":["GET"]}}],"collection":[{"href":"https:\/\/idcserbia.org\/en\/wp-json\/wp\/v2\/posts"}],"about":[{"href":"https:\/\/idcserbia.org\/en\/wp-json\/wp\/v2\/types\/post"}],"author":[{"embeddable":true,"href":"https:\/\/idcserbia.org\/en\/wp-json\/wp\/v2\/users\/2"}],"replies":[{"embeddable":true,"href":"https:\/\/idcserbia.org\/en\/wp-json\/wp\/v2\/comments?post=3909"}],"version-history":[{"count":2,"href":"https:\/\/idcserbia.org\/en\/wp-json\/wp\/v2\/posts\/3909\/revisions"}],"predecessor-version":[{"id":3911,"href":"https:\/\/idcserbia.org\/en\/wp-json\/wp\/v2\/posts\/3909\/revisions\/3911"}],"wp:featuredmedia":[{"embeddable":true,"href":"https:\/\/idcserbia.org\/en\/wp-json\/wp\/v2\/media\/3903"}],"wp:attachment":[{"href":"https:\/\/idcserbia.org\/en\/wp-json\/wp\/v2\/media?parent=3909"}],"wp:term":[{"taxonomy":"category","embeddable":true,"href":"https:\/\/idcserbia.org\/en\/wp-json\/wp\/v2\/categories?post=3909"},{"taxonomy":"post_tag","embeddable":true,"href":"https:\/\/idcserbia.org\/en\/wp-json\/wp\/v2\/tags?post=3909"}],"curies":[{"name":"wp","href":"https:\/\/api.w.org\/{rel}","templated":true}]}}