{"id":3958,"date":"2019-09-19T14:13:33","date_gmt":"2019-09-19T12:13:33","guid":{"rendered":"http:\/\/idcserbia.org\/en\/?p=3958"},"modified":"2019-09-19T15:12:21","modified_gmt":"2019-09-19T13:12:21","slug":"idc-hosts-6th-national-conference-leaving-no-one-behind-in-the-process-of-eu-integration-under-social-dimension-initiative-project","status":"publish","type":"post","link":"https:\/\/idcserbia.org\/en\/idc-hosts-6th-national-conference-leaving-no-one-behind-in-the-process-of-eu-integration-under-social-dimension-initiative-project\/","title":{"rendered":"National conference \u201cLeaving no one behind in the process of EU integration\u201d under Social Dimension Initiative project"},"content":{"rendered":"<div id=\"s-share-buttons\" class=\"horizontal-w-c-circular s-share-w-c\"><a href=\"http:\/\/www.facebook.com\/sharer.php?u=https:\/\/idcserbia.org\/en\/idc-hosts-6th-national-conference-leaving-no-one-behind-in-the-process-of-eu-integration-under-social-dimension-initiative-project\/\" target=\"_blank\" title=\"Share to Facebook\" class=\"s3-facebook hint--top\"><\/a><a href=\"http:\/\/twitter.com\/intent\/tweet?text=National conference \u201cLeaving no one behind in the process of EU integration\u201d under Social Dimension Initiative project&url=https:\/\/idcserbia.org\/en\/idc-hosts-6th-national-conference-leaving-no-one-behind-in-the-process-of-eu-integration-under-social-dimension-initiative-project\/\" target=\"_blank\"  title=\"Share to Twitter\" class=\"s3-twitter hint--top\"><\/a><a href=\"http:\/\/www.linkedin.com\/shareArticle?mini=true&url=https:\/\/idcserbia.org\/en\/idc-hosts-6th-national-conference-leaving-no-one-behind-in-the-process-of-eu-integration-under-social-dimension-initiative-project\/\" target=\"_blank\" title=\"Share to LinkedIn\" class=\"s3-linkedin hint--top\"><\/a><a href=\"mailto:?Subject=National%20conference%20\u201cLeaving%20no%20one%20behind%20in%20the%20process%20of%20EU%20integration\u201d%20under%20Social%20Dimension%20Initiative%20project&Body=Here%20is%20the%20link%20to%20the%20article:%20https:\/\/idcserbia.org\/en\/idc-hosts-6th-national-conference-leaving-no-one-behind-in-the-process-of-eu-integration-under-social-dimension-initiative-project\/\" title=\"Email this article\" class=\"s3-email hint--top\"><\/a><\/div><p>On Tuesday, September 17<sup>th<\/sup> 2019 in Belgrade, the\u00a0National Conference\u00a0<em>\u201cLeaving no one behind in the process of EU integration\u201d <\/em>was held in Zira hotel. The event was organized by\u00a0Arbeiter Samariter Bund SEE in\u00a0cooperation with\u00a0 IDC as local partner,\u00a0and in partnership with The Ministry of Labor, Employment, Veteran and Social Affairs of the Republic of Serbia.<\/p>\n<p>The Conference is organized within\u00a0<a href=\"https:\/\/asb-see.org\/leaving-no-one-behind-in-the-process-of-eu-enlargement-to-the-western-balkans\/\"><strong>Social Dimension Initiative (SDI),<\/strong><\/a>\u00a0launched in 2018 as joint endeavor of the ASB and local civil society organizations from the Western Balkans\u00a0 and supported by a group of distinguished members of the European Parliament. The aim of the project is to enhance dialogue between the civil sector, citizens and political representatives on the necessity for the stronger social dimension of the EU integration for Western Balkan countries.<\/p>\n<p>The conference was attended by representatives of most prominent stakeholders on this issue in the Republic of Serbia. Opening remarks were given by minister of Labour, Employment, Veteran and Social Affairs of the Republic of Serbia Mr. Zoran \u0110or\u0111evi\u0107, Mrs. Jadranka Joksimovic, Minister of European Integration, Mr. Sem Fabrizi, Head of the Delegation of the European Union in the Republic of Serbia, Mr.\u00a0 Thomas Schieb, Ambassador of the Federal Republic of Germany in Serbia.\u00a0 Mr.\u00a0 Knut Fleckenstein, Federal Board Chairperson ASB e.V. Deutschland assigned the support of the ASB Deutschland for the implementation of this project and pointed out the importance of SDI for the WB EU integrations process and in general and Mr. Elmir Bojadzic spoke in front of ASB SEE as coordinator of the Action.<\/p>\n<p><img loading=\"lazy\" decoding=\"async\" class=\" wp-image-3966 aligncenter\" src=\"http:\/\/idcserbia.org\/wp-content\/uploads\/2019\/09\/70211672_2394851030590997_4938263808217972736_n-300x103.jpg\" alt=\"\" width=\"303\" height=\"104\" srcset=\"https:\/\/idcserbia.org\/wp-content\/uploads\/2019\/09\/70211672_2394851030590997_4938263808217972736_n-300x103.jpg 300w, https:\/\/idcserbia.org\/wp-content\/uploads\/2019\/09\/70211672_2394851030590997_4938263808217972736_n-768x262.jpg 768w, https:\/\/idcserbia.org\/wp-content\/uploads\/2019\/09\/70211672_2394851030590997_4938263808217972736_n-200x68.jpg 200w, https:\/\/idcserbia.org\/wp-content\/uploads\/2019\/09\/70211672_2394851030590997_4938263808217972736_n.jpg 960w\" sizes=\"auto, (max-width: 303px) 100vw, 303px\" \/><\/p>\n<p>Within first panel o<span class=\"tlid-translation translation\" lang=\"en\"><span class=\"\" title=\"\">ur program manager Jelena\u00a0 Andjelic and project manager Igor Kojcic presented the results of our work within the project Social Dimension Initiative!<\/span> <span class=\"\" title=\"\">Through mentoring support together with 15 municipalities, selected by the Ministry of Labor, Employment, Veterans&#8217; and Social Affairs, we have developed 45 project proposals in the field of social development and protection.<\/span> <span title=\"\">These projects will be part of a regional portfolio of 200 projects developed by local partners gathered around ASB South East Europe and the municipalities across the region.<\/span> <span title=\"\">In addition to projects developed by local governments, we also presented Serbia&#8217;s socio-economic perspective in the context of EU integrations and the main socio-economic problems we face at local and national level.<\/span><\/span><\/p>\n<p><img loading=\"lazy\" decoding=\"async\" class=\"size-medium wp-image-3960 aligncenter\" src=\"http:\/\/idcserbia.org\/wp-content\/uploads\/2019\/09\/70701250_2394976417245125_4974369674130096128_n-300x199.jpg\" alt=\"\" width=\"300\" height=\"199\" srcset=\"https:\/\/idcserbia.org\/wp-content\/uploads\/2019\/09\/70701250_2394976417245125_4974369674130096128_n-300x199.jpg 300w, https:\/\/idcserbia.org\/wp-content\/uploads\/2019\/09\/70701250_2394976417245125_4974369674130096128_n-768x510.jpg 768w, https:\/\/idcserbia.org\/wp-content\/uploads\/2019\/09\/70701250_2394976417245125_4974369674130096128_n-200x133.jpg 200w, https:\/\/idcserbia.org\/wp-content\/uploads\/2019\/09\/70701250_2394976417245125_4974369674130096128_n.jpg 960w\" sizes=\"auto, (max-width: 300px) 100vw, 300px\" \/><\/p>\n<p>Second panel gathered speakers who represent the main international actors investing in social cohesion in Serbia in previous couple of decades. Representatives of Delegation of the European Union in the RS, UNOPS, GIZ and Standing committee of towns and municipalities presented briefly their current<span class=\"tlid-translation translation\" lang=\"en\"><span class=\"\" title=\"\"> strategic orientations and current resources and action plans.<\/span><\/span><\/p>\n<p><img loading=\"lazy\" decoding=\"async\" class=\"size-medium wp-image-3965 aligncenter\" src=\"http:\/\/idcserbia.org\/wp-content\/uploads\/2019\/09\/69949187_2395033447239422_3024457730086666240_n-1-300x124.jpg\" alt=\"\" width=\"300\" height=\"124\" srcset=\"https:\/\/idcserbia.org\/wp-content\/uploads\/2019\/09\/69949187_2395033447239422_3024457730086666240_n-1-300x124.jpg 300w, https:\/\/idcserbia.org\/wp-content\/uploads\/2019\/09\/69949187_2395033447239422_3024457730086666240_n-1-768x318.jpg 768w, https:\/\/idcserbia.org\/wp-content\/uploads\/2019\/09\/69949187_2395033447239422_3024457730086666240_n-1-200x83.jpg 200w, https:\/\/idcserbia.org\/wp-content\/uploads\/2019\/09\/69949187_2395033447239422_3024457730086666240_n-1.jpg 960w\" sizes=\"auto, (max-width: 300px) 100vw, 300px\" \/><\/p>\n<p>IRIS Network had the opportunity to present their work within the <span class=\"tlid-translation translation\" lang=\"en\"><span class=\"alt-edited\" title=\"\">specially allocated stand for promotional and educational materials. <\/span><\/span><\/p>\n<p><img loading=\"lazy\" decoding=\"async\" class=\"size-medium wp-image-3971 aligncenter\" src=\"http:\/\/idcserbia.org\/wp-content\/uploads\/2019\/09\/70240848_2533835199970600_5375432693733392384_n-300x225.jpg\" alt=\"\" width=\"300\" height=\"225\" srcset=\"https:\/\/idcserbia.org\/wp-content\/uploads\/2019\/09\/70240848_2533835199970600_5375432693733392384_n-300x225.jpg 300w, https:\/\/idcserbia.org\/wp-content\/uploads\/2019\/09\/70240848_2533835199970600_5375432693733392384_n-200x150.jpg 200w, https:\/\/idcserbia.org\/wp-content\/uploads\/2019\/09\/70240848_2533835199970600_5375432693733392384_n.jpg 480w\" sizes=\"auto, (max-width: 300px) 100vw, 300px\" \/><\/p>\n<p>&nbsp;<\/p>\n","protected":false},"excerpt":{"rendered":"<p>On Tuesday, September 17th 2019 in Belgrade, the\u00a0National Conference\u00a0\u201cLeaving no one behind in the process of EU integration\u201d was held in Zira hotel. The event was organized by\u00a0Arbeiter Samariter Bund SEE in\u00a0cooperation with\u00a0 IDC as local partner,\u00a0and in partnership with The Ministry of Labor, Employment, Veteran and Social Affairs of the Republic of Serbia. The [&hellip;]<\/p>\n","protected":false},"author":2,"featured_media":3959,"comment_status":"closed","ping_status":"closed","sticky":false,"template":"","format":"standard","meta":{"footnotes":""},"categories":[163],"tags":[185,414,256],"class_list":["post-3958","post","type-post","status-publish","format-standard","has-post-thumbnail","hentry","category-aktuelno-en","tag-eu","tag-social-development","tag-social-dimension-initiative"],"yoast_head":"<!-- This site is optimized with the Yoast SEO plugin v27.4 - https:\/\/yoast.com\/product\/yoast-seo-wordpress\/ -->\n<title>National conference \u201cLeaving no one behind in the process of EU integration\u201d under Social Dimension Initiative project - IDC Serbia<\/title>\n<meta name=\"robots\" content=\"index, follow, max-snippet:-1, max-image-preview:large, max-video-preview:-1\" \/>\n<link rel=\"canonical\" href=\"https:\/\/idcserbia.org\/en\/idc-hosts-6th-national-conference-leaving-no-one-behind-in-the-process-of-eu-integration-under-social-dimension-initiative-project\/\" \/>\n<meta property=\"og:locale\" content=\"en_US\" \/>\n<meta property=\"og:type\" content=\"article\" \/>\n<meta property=\"og:title\" content=\"National conference \u201cLeaving no one behind in the process of EU integration\u201d under Social Dimension Initiative project - IDC Serbia\" \/>\n<meta property=\"og:description\" content=\"On Tuesday, September 17th 2019 in Belgrade, the\u00a0National Conference\u00a0\u201cLeaving no one behind in the process of EU integration\u201d was held in Zira hotel. The event was organized by\u00a0Arbeiter Samariter Bund SEE in\u00a0cooperation with\u00a0 IDC as local partner,\u00a0and in partnership with The Ministry of Labor, Employment, Veteran and Social Affairs of the Republic of Serbia. The [&hellip;]\" \/>\n<meta property=\"og:url\" content=\"https:\/\/idcserbia.org\/en\/idc-hosts-6th-national-conference-leaving-no-one-behind-in-the-process-of-eu-integration-under-social-dimension-initiative-project\/\" \/>\n<meta property=\"og:site_name\" content=\"IDC Serbia\" \/>\n<meta property=\"article:publisher\" content=\"https:\/\/www.facebook.com\/idc.serbia\" \/>\n<meta property=\"article:published_time\" content=\"2019-09-19T12:13:33+00:00\" \/>\n<meta property=\"article:modified_time\" content=\"2019-09-19T13:12:21+00:00\" \/>\n<meta property=\"og:image\" content=\"https:\/\/idcserbia.org\/wp-content\/uploads\/2019\/09\/70215718_2395019930574107_9145678694105219072_n.jpg\" \/>\n\t<meta property=\"og:image:width\" content=\"960\" \/>\n\t<meta property=\"og:image:height\" content=\"640\" \/>\n\t<meta property=\"og:image:type\" content=\"image\/jpeg\" \/>\n<meta name=\"author\" content=\"IDC Serbia\" \/>\n<meta name=\"twitter:card\" content=\"summary_large_image\" \/>\n<meta name=\"twitter:creator\" content=\"@IDCSERBIA\" \/>\n<meta name=\"twitter:site\" content=\"@IDCSERBIA\" \/>\n<meta name=\"twitter:label1\" content=\"Written by\" \/>\n\t<meta name=\"twitter:data1\" content=\"IDC Serbia\" \/>\n\t<meta name=\"twitter:label2\" content=\"Est. reading time\" \/>\n\t<meta name=\"twitter:data2\" content=\"2 minutes\" \/>\n<script type=\"application\/ld+json\" class=\"yoast-schema-graph\">{\"@context\":\"https:\\\/\\\/schema.org\",\"@graph\":[{\"@type\":\"Article\",\"@id\":\"https:\\\/\\\/idcserbia.org\\\/en\\\/idc-hosts-6th-national-conference-leaving-no-one-behind-in-the-process-of-eu-integration-under-social-dimension-initiative-project\\\/#article\",\"isPartOf\":{\"@id\":\"https:\\\/\\\/idcserbia.org\\\/en\\\/idc-hosts-6th-national-conference-leaving-no-one-behind-in-the-process-of-eu-integration-under-social-dimension-initiative-project\\\/\"},\"author\":{\"name\":\"IDC Serbia\",\"@id\":\"https:\\\/\\\/idcserbia.org\\\/#\\\/schema\\\/person\\\/9aabc1ee6cfdc5d7234d97fe33b1ff45\"},\"headline\":\"National conference \u201cLeaving no one behind in the process of EU integration\u201d under Social Dimension Initiative project\",\"datePublished\":\"2019-09-19T12:13:33+00:00\",\"dateModified\":\"2019-09-19T13:12:21+00:00\",\"mainEntityOfPage\":{\"@id\":\"https:\\\/\\\/idcserbia.org\\\/en\\\/idc-hosts-6th-national-conference-leaving-no-one-behind-in-the-process-of-eu-integration-under-social-dimension-initiative-project\\\/\"},\"wordCount\":462,\"image\":{\"@id\":\"https:\\\/\\\/idcserbia.org\\\/en\\\/idc-hosts-6th-national-conference-leaving-no-one-behind-in-the-process-of-eu-integration-under-social-dimension-initiative-project\\\/#primaryimage\"},\"thumbnailUrl\":\"https:\\\/\\\/idcserbia.org\\\/wp-content\\\/uploads\\\/2019\\\/09\\\/70215718_2395019930574107_9145678694105219072_n.jpg\",\"keywords\":[\"eu\",\"social development\",\"social dimension initiative\"],\"articleSection\":[\"Actual\"],\"inLanguage\":\"en-US\"},{\"@type\":\"WebPage\",\"@id\":\"https:\\\/\\\/idcserbia.org\\\/en\\\/idc-hosts-6th-national-conference-leaving-no-one-behind-in-the-process-of-eu-integration-under-social-dimension-initiative-project\\\/\",\"url\":\"https:\\\/\\\/idcserbia.org\\\/en\\\/idc-hosts-6th-national-conference-leaving-no-one-behind-in-the-process-of-eu-integration-under-social-dimension-initiative-project\\\/\",\"name\":\"National conference \u201cLeaving no one behind in the process of EU integration\u201d under Social Dimension Initiative project - IDC Serbia\",\"isPartOf\":{\"@id\":\"https:\\\/\\\/idcserbia.org\\\/#website\"},\"primaryImageOfPage\":{\"@id\":\"https:\\\/\\\/idcserbia.org\\\/en\\\/idc-hosts-6th-national-conference-leaving-no-one-behind-in-the-process-of-eu-integration-under-social-dimension-initiative-project\\\/#primaryimage\"},\"image\":{\"@id\":\"https:\\\/\\\/idcserbia.org\\\/en\\\/idc-hosts-6th-national-conference-leaving-no-one-behind-in-the-process-of-eu-integration-under-social-dimension-initiative-project\\\/#primaryimage\"},\"thumbnailUrl\":\"https:\\\/\\\/idcserbia.org\\\/wp-content\\\/uploads\\\/2019\\\/09\\\/70215718_2395019930574107_9145678694105219072_n.jpg\",\"datePublished\":\"2019-09-19T12:13:33+00:00\",\"dateModified\":\"2019-09-19T13:12:21+00:00\",\"author\":{\"@id\":\"https:\\\/\\\/idcserbia.org\\\/#\\\/schema\\\/person\\\/9aabc1ee6cfdc5d7234d97fe33b1ff45\"},\"breadcrumb\":{\"@id\":\"https:\\\/\\\/idcserbia.org\\\/en\\\/idc-hosts-6th-national-conference-leaving-no-one-behind-in-the-process-of-eu-integration-under-social-dimension-initiative-project\\\/#breadcrumb\"},\"inLanguage\":\"en-US\",\"potentialAction\":[{\"@type\":\"ReadAction\",\"target\":[\"https:\\\/\\\/idcserbia.org\\\/en\\\/idc-hosts-6th-national-conference-leaving-no-one-behind-in-the-process-of-eu-integration-under-social-dimension-initiative-project\\\/\"]}]},{\"@type\":\"ImageObject\",\"inLanguage\":\"en-US\",\"@id\":\"https:\\\/\\\/idcserbia.org\\\/en\\\/idc-hosts-6th-national-conference-leaving-no-one-behind-in-the-process-of-eu-integration-under-social-dimension-initiative-project\\\/#primaryimage\",\"url\":\"https:\\\/\\\/idcserbia.org\\\/wp-content\\\/uploads\\\/2019\\\/09\\\/70215718_2395019930574107_9145678694105219072_n.jpg\",\"contentUrl\":\"https:\\\/\\\/idcserbia.org\\\/wp-content\\\/uploads\\\/2019\\\/09\\\/70215718_2395019930574107_9145678694105219072_n.jpg\",\"width\":960,\"height\":640},{\"@type\":\"BreadcrumbList\",\"@id\":\"https:\\\/\\\/idcserbia.org\\\/en\\\/idc-hosts-6th-national-conference-leaving-no-one-behind-in-the-process-of-eu-integration-under-social-dimension-initiative-project\\\/#breadcrumb\",\"itemListElement\":[{\"@type\":\"ListItem\",\"position\":1,\"name\":\"Home\",\"item\":\"https:\\\/\\\/idcserbia.org\\\/en\\\/\"},{\"@type\":\"ListItem\",\"position\":2,\"name\":\"National conference \u201cLeaving no one behind in the process of EU integration\u201d under Social Dimension Initiative project\"}]},{\"@type\":\"WebSite\",\"@id\":\"https:\\\/\\\/idcserbia.org\\\/#website\",\"url\":\"https:\\\/\\\/idcserbia.org\\\/\",\"name\":\"IDC Serbia\",\"description\":\"Association of Citizens Initiative for Development and Cooperation\\r\\n\",\"potentialAction\":[{\"@type\":\"SearchAction\",\"target\":{\"@type\":\"EntryPoint\",\"urlTemplate\":\"https:\\\/\\\/idcserbia.org\\\/?s={search_term_string}\"},\"query-input\":{\"@type\":\"PropertyValueSpecification\",\"valueRequired\":true,\"valueName\":\"search_term_string\"}}],\"inLanguage\":\"en-US\"},{\"@type\":\"Person\",\"@id\":\"https:\\\/\\\/idcserbia.org\\\/#\\\/schema\\\/person\\\/9aabc1ee6cfdc5d7234d97fe33b1ff45\",\"name\":\"IDC Serbia\",\"url\":\"https:\\\/\\\/idcserbia.org\\\/en\\\/author\\\/idc-serbia\\\/\"}]}<\/script>\n<!-- \/ Yoast SEO plugin. -->","yoast_head_json":{"title":"National conference \u201cLeaving no one behind in the process of EU integration\u201d under Social Dimension Initiative project - IDC Serbia","robots":{"index":"index","follow":"follow","max-snippet":"max-snippet:-1","max-image-preview":"max-image-preview:large","max-video-preview":"max-video-preview:-1"},"canonical":"https:\/\/idcserbia.org\/en\/idc-hosts-6th-national-conference-leaving-no-one-behind-in-the-process-of-eu-integration-under-social-dimension-initiative-project\/","og_locale":"en_US","og_type":"article","og_title":"National conference \u201cLeaving no one behind in the process of EU integration\u201d under Social Dimension Initiative project - IDC Serbia","og_description":"On Tuesday, September 17th 2019 in Belgrade, the\u00a0National Conference\u00a0\u201cLeaving no one behind in the process of EU integration\u201d was held in Zira hotel. The event was organized by\u00a0Arbeiter Samariter Bund SEE in\u00a0cooperation with\u00a0 IDC as local partner,\u00a0and in partnership with The Ministry of Labor, Employment, Veteran and Social Affairs of the Republic of Serbia. The [&hellip;]","og_url":"https:\/\/idcserbia.org\/en\/idc-hosts-6th-national-conference-leaving-no-one-behind-in-the-process-of-eu-integration-under-social-dimension-initiative-project\/","og_site_name":"IDC Serbia","article_publisher":"https:\/\/www.facebook.com\/idc.serbia","article_published_time":"2019-09-19T12:13:33+00:00","article_modified_time":"2019-09-19T13:12:21+00:00","og_image":[{"width":960,"height":640,"url":"https:\/\/idcserbia.org\/wp-content\/uploads\/2019\/09\/70215718_2395019930574107_9145678694105219072_n.jpg","type":"image\/jpeg"}],"author":"IDC Serbia","twitter_card":"summary_large_image","twitter_creator":"@IDCSERBIA","twitter_site":"@IDCSERBIA","twitter_misc":{"Written by":"IDC Serbia","Est. reading time":"2 minutes"},"schema":{"@context":"https:\/\/schema.org","@graph":[{"@type":"Article","@id":"https:\/\/idcserbia.org\/en\/idc-hosts-6th-national-conference-leaving-no-one-behind-in-the-process-of-eu-integration-under-social-dimension-initiative-project\/#article","isPartOf":{"@id":"https:\/\/idcserbia.org\/en\/idc-hosts-6th-national-conference-leaving-no-one-behind-in-the-process-of-eu-integration-under-social-dimension-initiative-project\/"},"author":{"name":"IDC Serbia","@id":"https:\/\/idcserbia.org\/#\/schema\/person\/9aabc1ee6cfdc5d7234d97fe33b1ff45"},"headline":"National conference \u201cLeaving no one behind in the process of EU integration\u201d under Social Dimension Initiative project","datePublished":"2019-09-19T12:13:33+00:00","dateModified":"2019-09-19T13:12:21+00:00","mainEntityOfPage":{"@id":"https:\/\/idcserbia.org\/en\/idc-hosts-6th-national-conference-leaving-no-one-behind-in-the-process-of-eu-integration-under-social-dimension-initiative-project\/"},"wordCount":462,"image":{"@id":"https:\/\/idcserbia.org\/en\/idc-hosts-6th-national-conference-leaving-no-one-behind-in-the-process-of-eu-integration-under-social-dimension-initiative-project\/#primaryimage"},"thumbnailUrl":"https:\/\/idcserbia.org\/wp-content\/uploads\/2019\/09\/70215718_2395019930574107_9145678694105219072_n.jpg","keywords":["eu","social development","social dimension initiative"],"articleSection":["Actual"],"inLanguage":"en-US"},{"@type":"WebPage","@id":"https:\/\/idcserbia.org\/en\/idc-hosts-6th-national-conference-leaving-no-one-behind-in-the-process-of-eu-integration-under-social-dimension-initiative-project\/","url":"https:\/\/idcserbia.org\/en\/idc-hosts-6th-national-conference-leaving-no-one-behind-in-the-process-of-eu-integration-under-social-dimension-initiative-project\/","name":"National conference \u201cLeaving no one behind in the process of EU integration\u201d under Social Dimension Initiative project - IDC Serbia","isPartOf":{"@id":"https:\/\/idcserbia.org\/#website"},"primaryImageOfPage":{"@id":"https:\/\/idcserbia.org\/en\/idc-hosts-6th-national-conference-leaving-no-one-behind-in-the-process-of-eu-integration-under-social-dimension-initiative-project\/#primaryimage"},"image":{"@id":"https:\/\/idcserbia.org\/en\/idc-hosts-6th-national-conference-leaving-no-one-behind-in-the-process-of-eu-integration-under-social-dimension-initiative-project\/#primaryimage"},"thumbnailUrl":"https:\/\/idcserbia.org\/wp-content\/uploads\/2019\/09\/70215718_2395019930574107_9145678694105219072_n.jpg","datePublished":"2019-09-19T12:13:33+00:00","dateModified":"2019-09-19T13:12:21+00:00","author":{"@id":"https:\/\/idcserbia.org\/#\/schema\/person\/9aabc1ee6cfdc5d7234d97fe33b1ff45"},"breadcrumb":{"@id":"https:\/\/idcserbia.org\/en\/idc-hosts-6th-national-conference-leaving-no-one-behind-in-the-process-of-eu-integration-under-social-dimension-initiative-project\/#breadcrumb"},"inLanguage":"en-US","potentialAction":[{"@type":"ReadAction","target":["https:\/\/idcserbia.org\/en\/idc-hosts-6th-national-conference-leaving-no-one-behind-in-the-process-of-eu-integration-under-social-dimension-initiative-project\/"]}]},{"@type":"ImageObject","inLanguage":"en-US","@id":"https:\/\/idcserbia.org\/en\/idc-hosts-6th-national-conference-leaving-no-one-behind-in-the-process-of-eu-integration-under-social-dimension-initiative-project\/#primaryimage","url":"https:\/\/idcserbia.org\/wp-content\/uploads\/2019\/09\/70215718_2395019930574107_9145678694105219072_n.jpg","contentUrl":"https:\/\/idcserbia.org\/wp-content\/uploads\/2019\/09\/70215718_2395019930574107_9145678694105219072_n.jpg","width":960,"height":640},{"@type":"BreadcrumbList","@id":"https:\/\/idcserbia.org\/en\/idc-hosts-6th-national-conference-leaving-no-one-behind-in-the-process-of-eu-integration-under-social-dimension-initiative-project\/#breadcrumb","itemListElement":[{"@type":"ListItem","position":1,"name":"Home","item":"https:\/\/idcserbia.org\/en\/"},{"@type":"ListItem","position":2,"name":"National conference \u201cLeaving no one behind in the process of EU integration\u201d under Social Dimension Initiative project"}]},{"@type":"WebSite","@id":"https:\/\/idcserbia.org\/#website","url":"https:\/\/idcserbia.org\/","name":"IDC Serbia","description":"Association of Citizens Initiative for Development and Cooperation\r\n","potentialAction":[{"@type":"SearchAction","target":{"@type":"EntryPoint","urlTemplate":"https:\/\/idcserbia.org\/?s={search_term_string}"},"query-input":{"@type":"PropertyValueSpecification","valueRequired":true,"valueName":"search_term_string"}}],"inLanguage":"en-US"},{"@type":"Person","@id":"https:\/\/idcserbia.org\/#\/schema\/person\/9aabc1ee6cfdc5d7234d97fe33b1ff45","name":"IDC Serbia","url":"https:\/\/idcserbia.org\/en\/author\/idc-serbia\/"}]}},"_links":{"self":[{"href":"https:\/\/idcserbia.org\/en\/wp-json\/wp\/v2\/posts\/3958","targetHints":{"allow":["GET"]}}],"collection":[{"href":"https:\/\/idcserbia.org\/en\/wp-json\/wp\/v2\/posts"}],"about":[{"href":"https:\/\/idcserbia.org\/en\/wp-json\/wp\/v2\/types\/post"}],"author":[{"embeddable":true,"href":"https:\/\/idcserbia.org\/en\/wp-json\/wp\/v2\/users\/2"}],"replies":[{"embeddable":true,"href":"https:\/\/idcserbia.org\/en\/wp-json\/wp\/v2\/comments?post=3958"}],"version-history":[{"count":4,"href":"https:\/\/idcserbia.org\/en\/wp-json\/wp\/v2\/posts\/3958\/revisions"}],"predecessor-version":[{"id":3973,"href":"https:\/\/idcserbia.org\/en\/wp-json\/wp\/v2\/posts\/3958\/revisions\/3973"}],"wp:featuredmedia":[{"embeddable":true,"href":"https:\/\/idcserbia.org\/en\/wp-json\/wp\/v2\/media\/3959"}],"wp:attachment":[{"href":"https:\/\/idcserbia.org\/en\/wp-json\/wp\/v2\/media?parent=3958"}],"wp:term":[{"taxonomy":"category","embeddable":true,"href":"https:\/\/idcserbia.org\/en\/wp-json\/wp\/v2\/categories?post=3958"},{"taxonomy":"post_tag","embeddable":true,"href":"https:\/\/idcserbia.org\/en\/wp-json\/wp\/v2\/tags?post=3958"}],"curies":[{"name":"wp","href":"https:\/\/api.w.org\/{rel}","templated":true}]}}