{"id":6000,"date":"2022-02-13T22:05:45","date_gmt":"2022-02-13T21:05:45","guid":{"rendered":"https:\/\/idcserbia.org\/en\/?p=6000"},"modified":"2022-11-24T23:38:54","modified_gmt":"2022-11-24T22:38:54","slug":"humanitarian-weekend-a-story-about-strong-women","status":"publish","type":"post","link":"https:\/\/idcserbia.org\/en\/humanitarian-weekend-a-story-about-strong-women\/","title":{"rendered":"Humanitarian weekend: a story about strong women"},"content":{"rendered":"<div id=\"s-share-buttons\" class=\"horizontal-w-c-circular s-share-w-c\"><a href=\"http:\/\/www.facebook.com\/sharer.php?u=https:\/\/idcserbia.org\/en\/humanitarian-weekend-a-story-about-strong-women\/\" target=\"_blank\" title=\"Share to Facebook\" class=\"s3-facebook hint--top\"><\/a><a href=\"http:\/\/twitter.com\/intent\/tweet?text=Humanitarian weekend: a story about strong women&url=https:\/\/idcserbia.org\/en\/humanitarian-weekend-a-story-about-strong-women\/\" target=\"_blank\"  title=\"Share to Twitter\" class=\"s3-twitter hint--top\"><\/a><a href=\"http:\/\/www.linkedin.com\/shareArticle?mini=true&url=https:\/\/idcserbia.org\/en\/humanitarian-weekend-a-story-about-strong-women\/\" target=\"_blank\" title=\"Share to LinkedIn\" class=\"s3-linkedin hint--top\"><\/a><a href=\"mailto:?Subject=Humanitarian%20weekend:%20a%20story%20about%20strong%20women&Body=Here%20is%20the%20link%20to%20the%20article:%20https:\/\/idcserbia.org\/en\/humanitarian-weekend-a-story-about-strong-women\/\" title=\"Email this article\" class=\"s3-email hint--top\"><\/a><\/div><p>&nbsp;<\/p>\n<p>IDC recently had the opportunity to be part of a human and inspiring humanitarian action in Cacak. Our friend Katarina Mati\u0107, from \u010ca\u010dak, who has been living and working in New York for a long time, contacted us so that we could organize an action together in which she would donate clothes, furniture, appliances and other things to a socially endangered family.<\/p>\n<p>The motive behind this action was not overambitious in the beginning, it all started with a simple holiday cleaning of an apartment. Separating things that she no longer uses, but which are in good condition, Katarina wanted to do something good for herself, but also for others. When we made a list of things that Katarina would like to donate, we contacted the Center for Social Welfare in Cacak, with which we cooperate, and they referred us to a family that is most in need of the things we have prepared.<\/p>\n<p><a href=\"https:\/\/idcserbia.org\/humanitarni-vikend-prica-o-snaznim-zenama\/katarina2\/\" rel=\"attachment wp-att-5994\"><img loading=\"lazy\" decoding=\"async\" class=\"size-medium wp-image-5994 aligncenter\" src=\"https:\/\/idcserbia.org\/wp-content\/uploads\/2022\/02\/katarina2-300x225.jpg\" alt=\"\" width=\"300\" height=\"225\" srcset=\"https:\/\/idcserbia.org\/wp-content\/uploads\/2022\/02\/katarina2-300x225.jpg 300w, https:\/\/idcserbia.org\/wp-content\/uploads\/2022\/02\/katarina2-200x150.jpg 200w, https:\/\/idcserbia.org\/wp-content\/uploads\/2022\/02\/katarina2.jpg 700w\" sizes=\"auto, (max-width: 300px) 100vw, 300px\" \/><\/a><\/p>\n<p>This was a family of a single mother N.N. who has two daughters aged 7 and 10. The three of them live in an informal settlement near the City Hospital in \u010ca\u010dak in very bad conditions. N.N. is unemployed because of her daughter&#8217;s health issues and does not manage to balance work and family care. N.N. relies on the help of her neighbours and close friends, who have temporarily lent her furniture and household appliances.<\/p>\n<p><a href=\"https:\/\/idcserbia.org\/humanitarni-vikend-prica-o-snaznim-zenama\/katarina1\/\" rel=\"attachment wp-att-5995\"><img loading=\"lazy\" decoding=\"async\" class=\"size-medium wp-image-5995 aligncenter\" src=\"https:\/\/idcserbia.org\/wp-content\/uploads\/2022\/02\/katarina1-267x300.jpg\" alt=\"\" width=\"267\" height=\"300\" srcset=\"https:\/\/idcserbia.org\/wp-content\/uploads\/2022\/02\/katarina1-267x300.jpg 267w, https:\/\/idcserbia.org\/wp-content\/uploads\/2022\/02\/katarina1-200x225.jpg 200w, https:\/\/idcserbia.org\/wp-content\/uploads\/2022\/02\/katarina1.jpg 700w\" sizes=\"auto, (max-width: 267px) 100vw, 267px\" \/><\/a><\/p>\n<p>For days, we packed things together that we no longer carry, dishes from the top shelf that we never use, toys and books that we outgrew. We packed everything in the car and drove the first round over to the family. On that occasion, we met N.N. and the girls and saw the space in which they currently reside. Although they try to keep everything clean and tidy, they lack basic furniture, and the building itself is in a very bad condition and does not represent a safe place to live. On this occasion, we made a plan to pass on furniture that is no longer needed to this family, and we also talked with N.N. about the possibilities for solving her housing issue through one of the housing support programs within a <a href=\"https:\/\/idcserbia.org\/en\/projekti\/leaving-no-one-behind-adequate-housing-and-active-inclusion-of-vulnerable-groups-in-the-city-of-cacak\/\">project<\/a> that IDC is currently implementing in Cacak.<\/p>\n<p>We continued the action next weekend when we hired a team that delivered a stove, a microwave, a work and dining table and chairs, a closet and three couches, among other things to N.N. and the girls.<\/p>\n<p><a href=\"https:\/\/idcserbia.org\/humanitarni-vikend-prica-o-snaznim-zenama\/272843012_482209786751931_5098165313906940741_n\/\" rel=\"attachment wp-att-5990\"><img loading=\"lazy\" decoding=\"async\" class=\"size-medium wp-image-5990 aligncenter\" src=\"https:\/\/idcserbia.org\/wp-content\/uploads\/2022\/02\/272843012_482209786751931_5098165313906940741_n-300x169.jpg\" alt=\"\" width=\"300\" height=\"169\" srcset=\"https:\/\/idcserbia.org\/wp-content\/uploads\/2022\/02\/272843012_482209786751931_5098165313906940741_n-300x169.jpg 300w, https:\/\/idcserbia.org\/wp-content\/uploads\/2022\/02\/272843012_482209786751931_5098165313906940741_n-1024x576.jpg 1024w, https:\/\/idcserbia.org\/wp-content\/uploads\/2022\/02\/272843012_482209786751931_5098165313906940741_n-768x432.jpg 768w, https:\/\/idcserbia.org\/wp-content\/uploads\/2022\/02\/272843012_482209786751931_5098165313906940741_n-200x112.jpg 200w, https:\/\/idcserbia.org\/wp-content\/uploads\/2022\/02\/272843012_482209786751931_5098165313906940741_n-rotated.jpg 1334w\" sizes=\"auto, (max-width: 300px) 100vw, 300px\" \/><\/a><\/p>\n<p>Although all this may seem simple, in fact, many factors in this story required a good preparation. First of all, it was extremely important to find the motivation to separate ourselves from things that no longer have a function for us, and then to think in a way that they can be useful to someone else. Then it was necessary to rely on the knowledge of the local community and people in need, which are always too many. However, when our possibilities are limited, we need someone to help us choose one family, which at that moment is in the greatest need for what we offer. In this, it was of great importance to us that the Center for Social Work proposed this family to us so that the help would go to the right hands.<\/p>\n<p><a href=\"https:\/\/idcserbia.org\/humanitarni-vikend-prica-o-snaznim-zenama\/273059726_2133532423466318_9105901981850449468_n\/\" rel=\"attachment wp-att-5991\"><img loading=\"lazy\" decoding=\"async\" class=\"size-medium wp-image-5991 aligncenter\" src=\"https:\/\/idcserbia.org\/wp-content\/uploads\/2022\/02\/273059726_2133532423466318_9105901981850449468_n-225x300.jpg\" alt=\"\" width=\"225\" height=\"300\" srcset=\"https:\/\/idcserbia.org\/wp-content\/uploads\/2022\/02\/273059726_2133532423466318_9105901981850449468_n-225x300.jpg 225w, https:\/\/idcserbia.org\/wp-content\/uploads\/2022\/02\/273059726_2133532423466318_9105901981850449468_n-200x267.jpg 200w, https:\/\/idcserbia.org\/wp-content\/uploads\/2022\/02\/273059726_2133532423466318_9105901981850449468_n.jpg 750w\" sizes=\"auto, (max-width: 225px) 100vw, 225px\" \/><\/a><\/p>\n<p><strong>Thank you very much for the opportunity to be a part of this wonderful action. We hope that this action will inspire other people to look at their closets and pantries and follow our example, doing good for themselves and others.<\/strong><\/p>\n<p>Katarina has a long history of humanitarian work. She has volunteered in New York with vulnerable populations, in a homeless shelter, worked with organizations and the government on anti-trafficking projects, and worked with children who cannot attend a regular school program.<\/p>\n","protected":false},"excerpt":{"rendered":"<p>&nbsp; IDC recently had the opportunity to be part of a human and inspiring humanitarian action in Cacak. Our friend Katarina Mati\u0107, from \u010ca\u010dak, who has been living and working in New York for a long time, contacted us so that we could organize an action together in which she would donate clothes, furniture, appliances [&hellip;]<\/p>\n","protected":false},"author":2,"featured_media":5996,"comment_status":"closed","ping_status":"closed","sticky":false,"template":"","format":"standard","meta":{"footnotes":""},"categories":[163],"tags":[156,556,555],"class_list":["post-6000","post","type-post","status-publish","format-standard","has-post-thumbnail","hentry","category-aktuelno-en","tag-donation","tag-humanitarian","tag-humanitarian-action"],"yoast_head":"<!-- This site is optimized with the Yoast SEO plugin v27.4 - https:\/\/yoast.com\/product\/yoast-seo-wordpress\/ -->\n<title>Humanitarian weekend: a story about strong women - IDC Serbia<\/title>\n<meta name=\"robots\" content=\"index, follow, max-snippet:-1, max-image-preview:large, max-video-preview:-1\" \/>\n<link rel=\"canonical\" href=\"https:\/\/idcserbia.org\/en\/humanitarian-weekend-a-story-about-strong-women\/\" \/>\n<meta property=\"og:locale\" content=\"en_US\" \/>\n<meta property=\"og:type\" content=\"article\" \/>\n<meta property=\"og:title\" content=\"Humanitarian weekend: a story about strong women - IDC Serbia\" \/>\n<meta property=\"og:description\" content=\"&nbsp; IDC recently had the opportunity to be part of a human and inspiring humanitarian action in Cacak. Our friend Katarina Mati\u0107, from \u010ca\u010dak, who has been living and working in New York for a long time, contacted us so that we could organize an action together in which she would donate clothes, furniture, appliances [&hellip;]\" \/>\n<meta property=\"og:url\" content=\"https:\/\/idcserbia.org\/en\/humanitarian-weekend-a-story-about-strong-women\/\" \/>\n<meta property=\"og:site_name\" content=\"IDC Serbia\" \/>\n<meta property=\"article:publisher\" content=\"https:\/\/www.facebook.com\/idc.serbia\" \/>\n<meta property=\"article:published_time\" content=\"2022-02-13T21:05:45+00:00\" \/>\n<meta property=\"article:modified_time\" content=\"2022-11-24T22:38:54+00:00\" \/>\n<meta property=\"og:image\" content=\"https:\/\/idcserbia.org\/wp-content\/uploads\/2022\/02\/272364741_353614753027121_5327201165009442292_n.jpg\" \/>\n\t<meta property=\"og:image:width\" content=\"2048\" \/>\n\t<meta property=\"og:image:height\" content=\"1536\" \/>\n\t<meta property=\"og:image:type\" content=\"image\/jpeg\" \/>\n<meta name=\"author\" content=\"IDC Serbia\" \/>\n<meta name=\"twitter:card\" content=\"summary_large_image\" \/>\n<meta name=\"twitter:creator\" content=\"@IDCSERBIA\" \/>\n<meta name=\"twitter:site\" content=\"@IDCSERBIA\" \/>\n<meta name=\"twitter:label1\" content=\"Written by\" \/>\n\t<meta name=\"twitter:data1\" content=\"IDC Serbia\" \/>\n\t<meta name=\"twitter:label2\" content=\"Est. reading time\" \/>\n\t<meta name=\"twitter:data2\" content=\"4 minutes\" \/>\n<script type=\"application\/ld+json\" class=\"yoast-schema-graph\">{\"@context\":\"https:\\\/\\\/schema.org\",\"@graph\":[{\"@type\":\"Article\",\"@id\":\"https:\\\/\\\/idcserbia.org\\\/en\\\/humanitarian-weekend-a-story-about-strong-women\\\/#article\",\"isPartOf\":{\"@id\":\"https:\\\/\\\/idcserbia.org\\\/en\\\/humanitarian-weekend-a-story-about-strong-women\\\/\"},\"author\":{\"name\":\"IDC Serbia\",\"@id\":\"https:\\\/\\\/idcserbia.org\\\/#\\\/schema\\\/person\\\/9aabc1ee6cfdc5d7234d97fe33b1ff45\"},\"headline\":\"Humanitarian weekend: a story about strong women\",\"datePublished\":\"2022-02-13T21:05:45+00:00\",\"dateModified\":\"2022-11-24T22:38:54+00:00\",\"mainEntityOfPage\":{\"@id\":\"https:\\\/\\\/idcserbia.org\\\/en\\\/humanitarian-weekend-a-story-about-strong-women\\\/\"},\"wordCount\":638,\"image\":{\"@id\":\"https:\\\/\\\/idcserbia.org\\\/en\\\/humanitarian-weekend-a-story-about-strong-women\\\/#primaryimage\"},\"thumbnailUrl\":\"https:\\\/\\\/idcserbia.org\\\/wp-content\\\/uploads\\\/2022\\\/02\\\/272364741_353614753027121_5327201165009442292_n.jpg\",\"keywords\":[\"donation\",\"humanitarian\",\"humanitarian action\"],\"articleSection\":[\"Actual\"],\"inLanguage\":\"en-US\"},{\"@type\":\"WebPage\",\"@id\":\"https:\\\/\\\/idcserbia.org\\\/en\\\/humanitarian-weekend-a-story-about-strong-women\\\/\",\"url\":\"https:\\\/\\\/idcserbia.org\\\/en\\\/humanitarian-weekend-a-story-about-strong-women\\\/\",\"name\":\"Humanitarian weekend: a story about strong women - IDC Serbia\",\"isPartOf\":{\"@id\":\"https:\\\/\\\/idcserbia.org\\\/#website\"},\"primaryImageOfPage\":{\"@id\":\"https:\\\/\\\/idcserbia.org\\\/en\\\/humanitarian-weekend-a-story-about-strong-women\\\/#primaryimage\"},\"image\":{\"@id\":\"https:\\\/\\\/idcserbia.org\\\/en\\\/humanitarian-weekend-a-story-about-strong-women\\\/#primaryimage\"},\"thumbnailUrl\":\"https:\\\/\\\/idcserbia.org\\\/wp-content\\\/uploads\\\/2022\\\/02\\\/272364741_353614753027121_5327201165009442292_n.jpg\",\"datePublished\":\"2022-02-13T21:05:45+00:00\",\"dateModified\":\"2022-11-24T22:38:54+00:00\",\"author\":{\"@id\":\"https:\\\/\\\/idcserbia.org\\\/#\\\/schema\\\/person\\\/9aabc1ee6cfdc5d7234d97fe33b1ff45\"},\"breadcrumb\":{\"@id\":\"https:\\\/\\\/idcserbia.org\\\/en\\\/humanitarian-weekend-a-story-about-strong-women\\\/#breadcrumb\"},\"inLanguage\":\"en-US\",\"potentialAction\":[{\"@type\":\"ReadAction\",\"target\":[\"https:\\\/\\\/idcserbia.org\\\/en\\\/humanitarian-weekend-a-story-about-strong-women\\\/\"]}]},{\"@type\":\"ImageObject\",\"inLanguage\":\"en-US\",\"@id\":\"https:\\\/\\\/idcserbia.org\\\/en\\\/humanitarian-weekend-a-story-about-strong-women\\\/#primaryimage\",\"url\":\"https:\\\/\\\/idcserbia.org\\\/wp-content\\\/uploads\\\/2022\\\/02\\\/272364741_353614753027121_5327201165009442292_n.jpg\",\"contentUrl\":\"https:\\\/\\\/idcserbia.org\\\/wp-content\\\/uploads\\\/2022\\\/02\\\/272364741_353614753027121_5327201165009442292_n.jpg\",\"width\":2048,\"height\":1536},{\"@type\":\"BreadcrumbList\",\"@id\":\"https:\\\/\\\/idcserbia.org\\\/en\\\/humanitarian-weekend-a-story-about-strong-women\\\/#breadcrumb\",\"itemListElement\":[{\"@type\":\"ListItem\",\"position\":1,\"name\":\"Home\",\"item\":\"https:\\\/\\\/idcserbia.org\\\/en\\\/\"},{\"@type\":\"ListItem\",\"position\":2,\"name\":\"Humanitarian weekend: a story about strong women\"}]},{\"@type\":\"WebSite\",\"@id\":\"https:\\\/\\\/idcserbia.org\\\/#website\",\"url\":\"https:\\\/\\\/idcserbia.org\\\/\",\"name\":\"IDC Serbia\",\"description\":\"Association of Citizens Initiative for Development and Cooperation\\r\\n\",\"potentialAction\":[{\"@type\":\"SearchAction\",\"target\":{\"@type\":\"EntryPoint\",\"urlTemplate\":\"https:\\\/\\\/idcserbia.org\\\/?s={search_term_string}\"},\"query-input\":{\"@type\":\"PropertyValueSpecification\",\"valueRequired\":true,\"valueName\":\"search_term_string\"}}],\"inLanguage\":\"en-US\"},{\"@type\":\"Person\",\"@id\":\"https:\\\/\\\/idcserbia.org\\\/#\\\/schema\\\/person\\\/9aabc1ee6cfdc5d7234d97fe33b1ff45\",\"name\":\"IDC Serbia\",\"url\":\"https:\\\/\\\/idcserbia.org\\\/en\\\/author\\\/idc-serbia\\\/\"}]}<\/script>\n<!-- \/ Yoast SEO plugin. -->","yoast_head_json":{"title":"Humanitarian weekend: a story about strong women - IDC Serbia","robots":{"index":"index","follow":"follow","max-snippet":"max-snippet:-1","max-image-preview":"max-image-preview:large","max-video-preview":"max-video-preview:-1"},"canonical":"https:\/\/idcserbia.org\/en\/humanitarian-weekend-a-story-about-strong-women\/","og_locale":"en_US","og_type":"article","og_title":"Humanitarian weekend: a story about strong women - IDC Serbia","og_description":"&nbsp; IDC recently had the opportunity to be part of a human and inspiring humanitarian action in Cacak. Our friend Katarina Mati\u0107, from \u010ca\u010dak, who has been living and working in New York for a long time, contacted us so that we could organize an action together in which she would donate clothes, furniture, appliances [&hellip;]","og_url":"https:\/\/idcserbia.org\/en\/humanitarian-weekend-a-story-about-strong-women\/","og_site_name":"IDC Serbia","article_publisher":"https:\/\/www.facebook.com\/idc.serbia","article_published_time":"2022-02-13T21:05:45+00:00","article_modified_time":"2022-11-24T22:38:54+00:00","og_image":[{"width":2048,"height":1536,"url":"https:\/\/idcserbia.org\/wp-content\/uploads\/2022\/02\/272364741_353614753027121_5327201165009442292_n.jpg","type":"image\/jpeg"}],"author":"IDC Serbia","twitter_card":"summary_large_image","twitter_creator":"@IDCSERBIA","twitter_site":"@IDCSERBIA","twitter_misc":{"Written by":"IDC Serbia","Est. reading time":"4 minutes"},"schema":{"@context":"https:\/\/schema.org","@graph":[{"@type":"Article","@id":"https:\/\/idcserbia.org\/en\/humanitarian-weekend-a-story-about-strong-women\/#article","isPartOf":{"@id":"https:\/\/idcserbia.org\/en\/humanitarian-weekend-a-story-about-strong-women\/"},"author":{"name":"IDC Serbia","@id":"https:\/\/idcserbia.org\/#\/schema\/person\/9aabc1ee6cfdc5d7234d97fe33b1ff45"},"headline":"Humanitarian weekend: a story about strong women","datePublished":"2022-02-13T21:05:45+00:00","dateModified":"2022-11-24T22:38:54+00:00","mainEntityOfPage":{"@id":"https:\/\/idcserbia.org\/en\/humanitarian-weekend-a-story-about-strong-women\/"},"wordCount":638,"image":{"@id":"https:\/\/idcserbia.org\/en\/humanitarian-weekend-a-story-about-strong-women\/#primaryimage"},"thumbnailUrl":"https:\/\/idcserbia.org\/wp-content\/uploads\/2022\/02\/272364741_353614753027121_5327201165009442292_n.jpg","keywords":["donation","humanitarian","humanitarian action"],"articleSection":["Actual"],"inLanguage":"en-US"},{"@type":"WebPage","@id":"https:\/\/idcserbia.org\/en\/humanitarian-weekend-a-story-about-strong-women\/","url":"https:\/\/idcserbia.org\/en\/humanitarian-weekend-a-story-about-strong-women\/","name":"Humanitarian weekend: a story about strong women - IDC Serbia","isPartOf":{"@id":"https:\/\/idcserbia.org\/#website"},"primaryImageOfPage":{"@id":"https:\/\/idcserbia.org\/en\/humanitarian-weekend-a-story-about-strong-women\/#primaryimage"},"image":{"@id":"https:\/\/idcserbia.org\/en\/humanitarian-weekend-a-story-about-strong-women\/#primaryimage"},"thumbnailUrl":"https:\/\/idcserbia.org\/wp-content\/uploads\/2022\/02\/272364741_353614753027121_5327201165009442292_n.jpg","datePublished":"2022-02-13T21:05:45+00:00","dateModified":"2022-11-24T22:38:54+00:00","author":{"@id":"https:\/\/idcserbia.org\/#\/schema\/person\/9aabc1ee6cfdc5d7234d97fe33b1ff45"},"breadcrumb":{"@id":"https:\/\/idcserbia.org\/en\/humanitarian-weekend-a-story-about-strong-women\/#breadcrumb"},"inLanguage":"en-US","potentialAction":[{"@type":"ReadAction","target":["https:\/\/idcserbia.org\/en\/humanitarian-weekend-a-story-about-strong-women\/"]}]},{"@type":"ImageObject","inLanguage":"en-US","@id":"https:\/\/idcserbia.org\/en\/humanitarian-weekend-a-story-about-strong-women\/#primaryimage","url":"https:\/\/idcserbia.org\/wp-content\/uploads\/2022\/02\/272364741_353614753027121_5327201165009442292_n.jpg","contentUrl":"https:\/\/idcserbia.org\/wp-content\/uploads\/2022\/02\/272364741_353614753027121_5327201165009442292_n.jpg","width":2048,"height":1536},{"@type":"BreadcrumbList","@id":"https:\/\/idcserbia.org\/en\/humanitarian-weekend-a-story-about-strong-women\/#breadcrumb","itemListElement":[{"@type":"ListItem","position":1,"name":"Home","item":"https:\/\/idcserbia.org\/en\/"},{"@type":"ListItem","position":2,"name":"Humanitarian weekend: a story about strong women"}]},{"@type":"WebSite","@id":"https:\/\/idcserbia.org\/#website","url":"https:\/\/idcserbia.org\/","name":"IDC Serbia","description":"Association of Citizens Initiative for Development and Cooperation\r\n","potentialAction":[{"@type":"SearchAction","target":{"@type":"EntryPoint","urlTemplate":"https:\/\/idcserbia.org\/?s={search_term_string}"},"query-input":{"@type":"PropertyValueSpecification","valueRequired":true,"valueName":"search_term_string"}}],"inLanguage":"en-US"},{"@type":"Person","@id":"https:\/\/idcserbia.org\/#\/schema\/person\/9aabc1ee6cfdc5d7234d97fe33b1ff45","name":"IDC Serbia","url":"https:\/\/idcserbia.org\/en\/author\/idc-serbia\/"}]}},"_links":{"self":[{"href":"https:\/\/idcserbia.org\/en\/wp-json\/wp\/v2\/posts\/6000","targetHints":{"allow":["GET"]}}],"collection":[{"href":"https:\/\/idcserbia.org\/en\/wp-json\/wp\/v2\/posts"}],"about":[{"href":"https:\/\/idcserbia.org\/en\/wp-json\/wp\/v2\/types\/post"}],"author":[{"embeddable":true,"href":"https:\/\/idcserbia.org\/en\/wp-json\/wp\/v2\/users\/2"}],"replies":[{"embeddable":true,"href":"https:\/\/idcserbia.org\/en\/wp-json\/wp\/v2\/comments?post=6000"}],"version-history":[{"count":1,"href":"https:\/\/idcserbia.org\/en\/wp-json\/wp\/v2\/posts\/6000\/revisions"}],"predecessor-version":[{"id":6001,"href":"https:\/\/idcserbia.org\/en\/wp-json\/wp\/v2\/posts\/6000\/revisions\/6001"}],"wp:featuredmedia":[{"embeddable":true,"href":"https:\/\/idcserbia.org\/en\/wp-json\/wp\/v2\/media\/5996"}],"wp:attachment":[{"href":"https:\/\/idcserbia.org\/en\/wp-json\/wp\/v2\/media?parent=6000"}],"wp:term":[{"taxonomy":"category","embeddable":true,"href":"https:\/\/idcserbia.org\/en\/wp-json\/wp\/v2\/categories?post=6000"},{"taxonomy":"post_tag","embeddable":true,"href":"https:\/\/idcserbia.org\/en\/wp-json\/wp\/v2\/tags?post=6000"}],"curies":[{"name":"wp","href":"https:\/\/api.w.org\/{rel}","templated":true}]}}