{"id":6614,"date":"2019-09-01T08:16:08","date_gmt":"2019-09-01T06:16:08","guid":{"rendered":"https:\/\/idcserbia.org\/en\/?p=6614"},"modified":"2022-11-24T20:26:37","modified_gmt":"2022-11-24T19:26:37","slug":"izvestaj-sa-kampa-medunarodni-volonterski-kamp-svet-za-skolu-tijanje-2019","status":"publish","type":"post","link":"https:\/\/idcserbia.org\/en\/izvestaj-sa-kampa-medunarodni-volonterski-kamp-svet-za-skolu-tijanje-2019\/","title":{"rendered":"IZVE\u0160TAJ SA KAMPA &#8211; Me\u0111unarodni volonterski kamp Svet za \u0161kolu, Tijanje, 2019."},"content":{"rendered":"<div id=\"s-share-buttons\" class=\"horizontal-w-c-circular s-share-w-c\"><a href=\"http:\/\/www.facebook.com\/sharer.php?u=https:\/\/idcserbia.org\/en\/izvestaj-sa-kampa-medunarodni-volonterski-kamp-svet-za-skolu-tijanje-2019\/\" target=\"_blank\" title=\"Share to Facebook\" class=\"s3-facebook hint--top\"><\/a><a href=\"http:\/\/twitter.com\/intent\/tweet?text=IZVE\u0160TAJ SA KAMPA &#8211; Me\u0111unarodni volonterski kamp Svet za \u0161kolu, Tijanje, 2019.&url=https:\/\/idcserbia.org\/en\/izvestaj-sa-kampa-medunarodni-volonterski-kamp-svet-za-skolu-tijanje-2019\/\" target=\"_blank\"  title=\"Share to Twitter\" class=\"s3-twitter hint--top\"><\/a><a href=\"http:\/\/www.linkedin.com\/shareArticle?mini=true&url=https:\/\/idcserbia.org\/en\/izvestaj-sa-kampa-medunarodni-volonterski-kamp-svet-za-skolu-tijanje-2019\/\" target=\"_blank\" title=\"Share to LinkedIn\" class=\"s3-linkedin hint--top\"><\/a><a href=\"mailto:?Subject=IZVE\u0160TAJ%20SA%20KAMPA%20&#8211;%20Me\u0111unarodni%20volonterski%20kamp%20Svet%20za%20\u0161kolu,%20Tijanje,%202019.&Body=Here%20is%20the%20link%20to%20the%20article:%20https:\/\/idcserbia.org\/en\/izvestaj-sa-kampa-medunarodni-volonterski-kamp-svet-za-skolu-tijanje-2019\/\" title=\"Email this article\" class=\"s3-email hint--top\"><\/a><\/div><h3>IZVE\u0160TAJ SA KAMPA &#8211;\u00a0Me\u0111unarodni volonterski kamp Svet za \u0161kolu, Tijanje, 2019.<\/h3>\n<p>I ove godine realizovali smo jo\u0161 jedan me\u0111unarodni volonterski kamp u partnerstvu sa Mladim istra\u017eiva\u010dima Srbije. Nakon Sombora i Mo\u0161orina, ove godine IDC je realizovao kamp u saradnji sa Op\u0161tinom Lu\u010dani. Kamp je realizovan u selu Tijanje, a 12 volontera iz \u0160panije, Rusije, \u010ce\u0161ke, Francuske i Srbije radilo je na ure\u0111enju seoske \u0161kole.<\/p>\n<p>Prirodne lepote i pesimisti\u010dna socijalna karta sela, radoznalost i gostoprimstvo lokalaca i strah od ga\u0161enja \u0161kole usled malog broja djaka, legende o \u010dudotvornom hrastu, ukusi doma\u0107ih kola\u010da, vo\u0107a i povr\u0107a izazvali su pome\u0161ane prve utiske. Kako je vreme prolazilo, volonteri su nau\u010dili prve re\u010di na na\u0161em jeziku, hvala, dobar dan, dobro je, nije dobro i postajali sve uigranija ekipa. Posle samo nekoliko dana zajedno \u010dinilo se kao da se ve\u0107 od ranije dobro poznaju i razumeju jedni druge.<\/p>\n<p>Tokom kampa volonteri su okre\u010dili \u0161kolu, ofarbali stolariju i popravili i prefarbali klackalice, ljulja\u0161ke i klupice u dvori\u0161tu. Organizovali smo jednodnevni izlat u okviru kog smo posetili manastire Ov\u010darsko-Kablarske klisure, vozili se katamaranom kroz meandre Morave, u\u017eivali u pogledu sa vrha planine Kablar i obi\u0161li grad \u010ca\u010dak.<\/p>\n<p>Sredstava za realizaciju kampa su obezbedili Ministarstvo omladine i sporta i privrednici op\u0161tine Lu\u010dani. Fabrike Maxima i Aurora, firma SB Brava, prodavnica Agro-ko i stolarska radionica Ru\u017ei\u0107 iz Gu\u010de obezbedile su kompletan materijal. Volonteri su se odmah po dolasku okusili tradicionalne ukuse draga\u010devskog kraja zahvaljuju\u0107i donacijama proizvoda iz mlekare Dikan kop iz Tijanja i pe\u010denjare \u0160ole iz Gu\u010de. Nezavisni sindikat kompanije Sloboda pokrio je tro\u0161kove organizovanja jednodnevnog izleta za volontere.<\/p>\n<p>Podr\u0161ka lokalnim inicijativama nije izostala ni od velikih kompanija, pa je tako Carnex obezbedio donaciju paketa svojih proizvoda, ali ni od malih dru\u0161tveno odgovornih preduze\u0107a, pa volonteri u\u017eivaju i u suvom vo\u0107u ZaDruga, najboljem suvom vo\u0107u na Balkanu prema mi\u0161ljenju sudija Me\u0111unarodnog novosadskog sajma poljoprivrede!<\/p>\n\n\t\t<style type=\"text\/css\">\n\t\t\t#gallery-1 {\n\t\t\t\tmargin: auto;\n\t\t\t}\n\t\t\t#gallery-1 .gallery-item {\n\t\t\t\tfloat: left;\n\t\t\t\tmargin-top: 10px;\n\t\t\t\ttext-align: center;\n\t\t\t\twidth: 33%;\n\t\t\t}\n\t\t\t#gallery-1 img {\n\t\t\t\tborder: 2px solid #cfcfcf;\n\t\t\t}\n\t\t\t#gallery-1 .gallery-caption {\n\t\t\t\tmargin-left: 0;\n\t\t\t}\n\t\t\t\/* see gallery_shortcode() in wp-includes\/media.php *\/\n\t\t<\/style>\n\t\t<div id='gallery-1' class='gallery galleryid-6614 gallery-columns-3 gallery-size-thumbnail'><dl class='gallery-item'>\n\t\t\t<dt class='gallery-icon landscape'>\n\t\t\t\t<a href='https:\/\/idcserbia.org\/en\/lrri4940-medium\/'><img loading=\"lazy\" decoding=\"async\" width=\"150\" height=\"150\" src=\"https:\/\/idcserbia.org\/wp-content\/uploads\/2019\/09\/LRRI4940-Medium-150x150.jpg\" class=\"attachment-thumbnail size-thumbnail\" alt=\"\" aria-describedby=\"gallery-1-4024\" \/><\/a>\n\t\t\t<\/dt>\n\t\t\t\t<dd class='wp-caption-text gallery-caption' id='gallery-1-4024'>\n\t\t\t\tenergija Tijanja\n\t\t\t\t<\/dd><\/dl><dl class='gallery-item'>\n\t\t\t<dt class='gallery-icon landscape'>\n\t\t\t\t<a href='https:\/\/idcserbia.org\/en\/img_6717-medium\/'><img loading=\"lazy\" decoding=\"async\" width=\"150\" height=\"150\" src=\"https:\/\/idcserbia.org\/wp-content\/uploads\/2019\/09\/IMG_6717-Medium-150x150.jpg\" class=\"attachment-thumbnail size-thumbnail\" alt=\"\" aria-describedby=\"gallery-1-4023\" \/><\/a>\n\t\t\t<\/dt>\n\t\t\t\t<dd class='wp-caption-text gallery-caption' id='gallery-1-4023'>\n\t\t\t\tLokalna podr\u0161ka\n\t\t\t\t<\/dd><\/dl><dl class='gallery-item'>\n\t\t\t<dt class='gallery-icon landscape'>\n\t\t\t\t<a href='https:\/\/idcserbia.org\/en\/7be3d57d-9519-497c-9473-a053c4fbba7a-2\/'><img loading=\"lazy\" decoding=\"async\" width=\"150\" height=\"150\" src=\"https:\/\/idcserbia.org\/wp-content\/uploads\/2019\/09\/7be3d57d-9519-497c-9473-a053c4fbba7a-1-150x150.jpg\" class=\"attachment-thumbnail size-thumbnail\" alt=\"\" aria-describedby=\"gallery-1-4020\" \/><\/a>\n\t\t\t<\/dt>\n\t\t\t\t<dd class='wp-caption-text gallery-caption' id='gallery-1-4020'>\n\t\t\t\tLeo, deo volonterske ekipe\n\t\t\t\t<\/dd><\/dl><br style=\"clear: both\" \/><dl class='gallery-item'>\n\t\t\t<dt class='gallery-icon landscape'>\n\t\t\t\t<a href='https:\/\/idcserbia.org\/en\/img_6684\/'><img loading=\"lazy\" decoding=\"async\" width=\"150\" height=\"150\" src=\"https:\/\/idcserbia.org\/wp-content\/uploads\/2019\/09\/IMG_6684-150x150.jpg\" class=\"attachment-thumbnail size-thumbnail\" alt=\"\" aria-describedby=\"gallery-1-4018\" \/><\/a>\n\t\t\t<\/dt>\n\t\t\t\t<dd class='wp-caption-text gallery-caption' id='gallery-1-4018'>\n\t\t\t\tradovi na \u0161koli\n\t\t\t\t<\/dd><\/dl><dl class='gallery-item'>\n\t\t\t<dt class='gallery-icon landscape'>\n\t\t\t\t<a href='https:\/\/idcserbia.org\/en\/0226d589-43cf-4eea-8f3e-4e4fdbea5760\/'><img loading=\"lazy\" decoding=\"async\" width=\"150\" height=\"150\" src=\"https:\/\/idcserbia.org\/wp-content\/uploads\/2019\/09\/0226d589-43cf-4eea-8f3e-4e4fdbea5760-150x150.jpg\" class=\"attachment-thumbnail size-thumbnail\" alt=\"\" aria-describedby=\"gallery-1-4015\" \/><\/a>\n\t\t\t<\/dt>\n\t\t\t\t<dd class='wp-caption-text gallery-caption' id='gallery-1-4015'>\n\t\t\t\tOv\u010dar banja, izlet\n\t\t\t\t<\/dd><\/dl><dl class='gallery-item'>\n\t\t\t<dt class='gallery-icon landscape'>\n\t\t\t\t<a href='https:\/\/idcserbia.org\/en\/349e2993-eb3d-48d4-9e50-80f35e766d57\/'><img loading=\"lazy\" decoding=\"async\" width=\"150\" height=\"150\" src=\"https:\/\/idcserbia.org\/wp-content\/uploads\/2019\/09\/349e2993-eb3d-48d4-9e50-80f35e766d57-150x150.jpg\" class=\"attachment-thumbnail size-thumbnail\" alt=\"\" aria-describedby=\"gallery-1-4016\" \/><\/a>\n\t\t\t<\/dt>\n\t\t\t\t<dd class='wp-caption-text gallery-caption' id='gallery-1-4016'>\n\t\t\t\ttijanjski pejza\u017ei\n\t\t\t\t<\/dd><\/dl><br style=\"clear: both\" \/><dl class='gallery-item'>\n\t\t\t<dt class='gallery-icon landscape'>\n\t\t\t\t<a href='https:\/\/idcserbia.org\/en\/152e4cdb-b95a-4fe7-a7b6-261583ef6196\/'><img loading=\"lazy\" decoding=\"async\" width=\"150\" height=\"150\" src=\"https:\/\/idcserbia.org\/wp-content\/uploads\/2019\/09\/152e4cdb-b95a-4fe7-a7b6-261583ef6196-150x150.jpg\" class=\"attachment-thumbnail size-thumbnail\" alt=\"\" aria-describedby=\"gallery-1-4014\" \/><\/a>\n\t\t\t<\/dt>\n\t\t\t\t<dd class='wp-caption-text gallery-caption' id='gallery-1-4014'>\n\t\t\t\t\u0161etnje po Tijanju\n\t\t\t\t<\/dd><\/dl><dl class='gallery-item'>\n\t\t\t<dt class='gallery-icon landscape'>\n\t\t\t\t<a href='https:\/\/idcserbia.org\/en\/hxbc7521-medium\/'><img loading=\"lazy\" decoding=\"async\" width=\"150\" height=\"150\" src=\"https:\/\/idcserbia.org\/wp-content\/uploads\/2019\/09\/HXBC7521-Medium-150x150.jpg\" class=\"attachment-thumbnail size-thumbnail\" alt=\"\" aria-describedby=\"gallery-1-4021\" \/><\/a>\n\t\t\t<\/dt>\n\t\t\t\t<dd class='wp-caption-text gallery-caption' id='gallery-1-4021'>\n\t\t\t\tradovi\n\t\t\t\t<\/dd><\/dl><dl class='gallery-item'>\n\t\t\t<dt class='gallery-icon portrait'>\n\t\t\t\t<a href='https:\/\/idcserbia.org\/en\/586c2498-d54b-4206-af3b-816355ddb9a4\/'><img loading=\"lazy\" decoding=\"async\" width=\"150\" height=\"150\" src=\"https:\/\/idcserbia.org\/wp-content\/uploads\/2019\/09\/586c2498-d54b-4206-af3b-816355ddb9a4-150x150.jpg\" class=\"attachment-thumbnail size-thumbnail\" alt=\"\" aria-describedby=\"gallery-1-3998\" \/><\/a>\n\t\t\t<\/dt>\n\t\t\t\t<dd class='wp-caption-text gallery-caption' id='gallery-1-3998'>\n\t\t\t\tradovi na unutra\u0161njosti \u0161kole\n\t\t\t\t<\/dd><\/dl><br style=\"clear: both\" \/><dl class='gallery-item'>\n\t\t\t<dt class='gallery-icon portrait'>\n\t\t\t\t<a href='https:\/\/idcserbia.org\/en\/ltlb3029-2\/'><img loading=\"lazy\" decoding=\"async\" width=\"150\" height=\"150\" src=\"https:\/\/idcserbia.org\/wp-content\/uploads\/2019\/09\/LTLB3029-1-150x150.jpg\" class=\"attachment-thumbnail size-thumbnail\" alt=\"\" aria-describedby=\"gallery-1-3988\" \/><\/a>\n\t\t\t<\/dt>\n\t\t\t\t<dd class='wp-caption-text gallery-caption' id='gallery-1-3988'>\n\t\t\t\tkre\n\t\t\t\t<\/dd><\/dl><dl class='gallery-item'>\n\t\t\t<dt class='gallery-icon landscape'>\n\t\t\t\t<a href='https:\/\/idcserbia.org\/en\/qgqn4945-2\/'><img loading=\"lazy\" decoding=\"async\" width=\"150\" height=\"150\" src=\"https:\/\/idcserbia.org\/wp-content\/uploads\/2019\/09\/QGQN4945-1-150x150.jpg\" class=\"attachment-thumbnail size-thumbnail\" alt=\"\" \/><\/a>\n\t\t\t<\/dt><\/dl><dl class='gallery-item'>\n\t\t\t<dt class='gallery-icon landscape'>\n\t\t\t\t<a href='https:\/\/idcserbia.org\/en\/2ed670be-8db8-4af4-893a-24a1d2eb6d2e\/'><img loading=\"lazy\" decoding=\"async\" width=\"150\" height=\"150\" src=\"https:\/\/idcserbia.org\/wp-content\/uploads\/2019\/09\/2ed670be-8db8-4af4-893a-24a1d2eb6d2e-150x150.jpg\" class=\"attachment-thumbnail size-thumbnail\" alt=\"\" aria-describedby=\"gallery-1-4006\" \/><\/a>\n\t\t\t<\/dt>\n\t\t\t\t<dd class='wp-caption-text gallery-caption' id='gallery-1-4006'>\n\t\t\t\tfarbanje lamperije\n\t\t\t\t<\/dd><\/dl><br style=\"clear: both\" \/><dl class='gallery-item'>\n\t\t\t<dt class='gallery-icon portrait'>\n\t\t\t\t<a href='https:\/\/idcserbia.org\/en\/a23fb73b-678d-4fb9-abff-1243d46faa5b\/'><img loading=\"lazy\" decoding=\"async\" width=\"150\" height=\"150\" src=\"https:\/\/idcserbia.org\/wp-content\/uploads\/2019\/09\/a23fb73b-678d-4fb9-abff-1243d46faa5b-150x150.jpg\" class=\"attachment-thumbnail size-thumbnail\" alt=\"\" aria-describedby=\"gallery-1-4001\" \/><\/a>\n\t\t\t<\/dt>\n\t\t\t\t<dd class='wp-caption-text gallery-caption' id='gallery-1-4001'>\n\t\t\t\tradovi na unutra\u0161njosti \u0161kole\n\t\t\t\t<\/dd><\/dl><dl class='gallery-item'>\n\t\t\t<dt class='gallery-icon portrait'>\n\t\t\t\t<a href='https:\/\/idcserbia.org\/en\/88e8a11b-c7eb-4dab-916a-274f847eb9b9\/'><img loading=\"lazy\" decoding=\"async\" width=\"150\" height=\"150\" src=\"https:\/\/idcserbia.org\/wp-content\/uploads\/2019\/09\/88e8a11b-c7eb-4dab-916a-274f847eb9b9-150x150.jpg\" class=\"attachment-thumbnail size-thumbnail\" alt=\"\" aria-describedby=\"gallery-1-4013\" \/><\/a>\n\t\t\t<\/dt>\n\t\t\t\t<dd class='wp-caption-text gallery-caption' id='gallery-1-4013'>\n\t\t\t\t\u0161etnje po Tijanju\n\t\t\t\t<\/dd><\/dl><dl class='gallery-item'>\n\t\t\t<dt class='gallery-icon landscape'>\n\t\t\t\t<a href='https:\/\/idcserbia.org\/en\/73e84b9c-4d2d-4cef-a0f0-6ebbfd22587a\/'><img loading=\"lazy\" decoding=\"async\" width=\"150\" height=\"150\" src=\"https:\/\/idcserbia.org\/wp-content\/uploads\/2019\/09\/73e84b9c-4d2d-4cef-a0f0-6ebbfd22587a-150x150.jpg\" class=\"attachment-thumbnail size-thumbnail\" alt=\"\" aria-describedby=\"gallery-1-4011\" \/><\/a>\n\t\t\t<\/dt>\n\t\t\t\t<dd class='wp-caption-text gallery-caption' id='gallery-1-4011'>\n\t\t\t\tmali predah od kre\u010denja\n\t\t\t\t<\/dd><\/dl><br style=\"clear: both\" \/><dl class='gallery-item'>\n\t\t\t<dt class='gallery-icon landscape'>\n\t\t\t\t<a href='https:\/\/idcserbia.org\/en\/7d8db882-fe22-427d-be66-2670ffbb20fe\/'><img loading=\"lazy\" decoding=\"async\" width=\"150\" height=\"150\" src=\"https:\/\/idcserbia.org\/wp-content\/uploads\/2019\/09\/7d8db882-fe22-427d-be66-2670ffbb20fe-150x150.jpg\" class=\"attachment-thumbnail size-thumbnail\" alt=\"\" aria-describedby=\"gallery-1-4009\" \/><\/a>\n\t\t\t<\/dt>\n\t\t\t\t<dd class='wp-caption-text gallery-caption' id='gallery-1-4009'>\n\t\t\t\tLu\u010dani na dlanu\n\t\t\t\t<\/dd><\/dl><dl class='gallery-item'>\n\t\t\t<dt class='gallery-icon landscape'>\n\t\t\t\t<a href='https:\/\/idcserbia.org\/en\/7c382585-5979-40ef-a9e9-ad43d49552db\/'><img loading=\"lazy\" decoding=\"async\" width=\"150\" height=\"150\" src=\"https:\/\/idcserbia.org\/wp-content\/uploads\/2019\/09\/7c382585-5979-40ef-a9e9-ad43d49552db-150x150.jpg\" class=\"attachment-thumbnail size-thumbnail\" alt=\"\" aria-describedby=\"gallery-1-4008\" \/><\/a>\n\t\t\t<\/dt>\n\t\t\t\t<dd class='wp-caption-text gallery-caption' id='gallery-1-4008'>\n\t\t\t\tjo\u0161 malo prizora iz Tijanja\n\t\t\t\t<\/dd><\/dl><dl class='gallery-item'>\n\t\t\t<dt class='gallery-icon portrait'>\n\t\t\t\t<a href='https:\/\/idcserbia.org\/en\/7be3d57d-9519-497c-9473-a053c4fbba7a\/'><img loading=\"lazy\" decoding=\"async\" width=\"150\" height=\"150\" src=\"https:\/\/idcserbia.org\/wp-content\/uploads\/2019\/09\/7be3d57d-9519-497c-9473-a053c4fbba7a-150x150.jpg\" class=\"attachment-thumbnail size-thumbnail\" alt=\"\" \/><\/a>\n\t\t\t<\/dt><\/dl><br style=\"clear: both\" \/><dl class='gallery-item'>\n\t\t\t<dt class='gallery-icon landscape'>\n\t\t\t\t<a href='https:\/\/idcserbia.org\/en\/fd286044-f33d-4545-a4ad-8bbc455cce3d\/'><img loading=\"lazy\" decoding=\"async\" width=\"150\" height=\"150\" src=\"https:\/\/idcserbia.org\/wp-content\/uploads\/2019\/09\/fd286044-f33d-4545-a4ad-8bbc455cce3d-150x150.jpg\" class=\"attachment-thumbnail size-thumbnail\" alt=\"\" aria-describedby=\"gallery-1-4005\" \/><\/a>\n\t\t\t<\/dt>\n\t\t\t\t<dd class='wp-caption-text gallery-caption' id='gallery-1-4005'>\n\t\t\t\tigrice za razbudjivanje\n\t\t\t\t<\/dd><\/dl><dl class='gallery-item'>\n\t\t\t<dt class='gallery-icon portrait'>\n\t\t\t\t<a href='https:\/\/idcserbia.org\/en\/efd2b019-079b-487b-b0d8-e3ef5e8a79aa\/'><img loading=\"lazy\" decoding=\"async\" width=\"150\" height=\"150\" src=\"https:\/\/idcserbia.org\/wp-content\/uploads\/2019\/09\/efd2b019-079b-487b-b0d8-e3ef5e8a79aa-150x150.jpg\" class=\"attachment-thumbnail size-thumbnail\" alt=\"\" aria-describedby=\"gallery-1-4004\" \/><\/a>\n\t\t\t<\/dt>\n\t\t\t\t<dd class='wp-caption-text gallery-caption' id='gallery-1-4004'>\n\t\t\t\tposeta manastirima Ov\u010darsko-Kablarske klisure\n\t\t\t\t<\/dd><\/dl><dl class='gallery-item'>\n\t\t\t<dt class='gallery-icon landscape'>\n\t\t\t\t<a href='https:\/\/idcserbia.org\/en\/d8967972-59ae-419d-84a4-32071abedc58\/'><img loading=\"lazy\" decoding=\"async\" width=\"150\" height=\"150\" src=\"https:\/\/idcserbia.org\/wp-content\/uploads\/2019\/09\/d8967972-59ae-419d-84a4-32071abedc58-150x150.jpg\" class=\"attachment-thumbnail size-thumbnail\" alt=\"\" aria-describedby=\"gallery-1-4003\" \/><\/a>\n\t\t\t<\/dt>\n\t\t\t\t<dd class='wp-caption-text gallery-caption' id='gallery-1-4003'>\n\t\t\t\t\u010ca\u010dak, izlet\n\t\t\t\t<\/dd><\/dl><br style=\"clear: both\" \/><dl class='gallery-item'>\n\t\t\t<dt class='gallery-icon landscape'>\n\t\t\t\t<a href='https:\/\/idcserbia.org\/en\/b931b3b5-4a10-45ff-8646-f49bc938c425\/'><img loading=\"lazy\" decoding=\"async\" width=\"150\" height=\"150\" src=\"https:\/\/idcserbia.org\/wp-content\/uploads\/2019\/09\/b931b3b5-4a10-45ff-8646-f49bc938c425-150x150.jpg\" class=\"attachment-thumbnail size-thumbnail\" alt=\"\" aria-describedby=\"gallery-1-4002\" \/><\/a>\n\t\t\t<\/dt>\n\t\t\t\t<dd class='wp-caption-text gallery-caption' id='gallery-1-4002'>\n\t\t\t\tradionice\n\t\t\t\t<\/dd><\/dl><dl class='gallery-item'>\n\t\t\t<dt class='gallery-icon portrait'>\n\t\t\t\t<a href='https:\/\/idcserbia.org\/en\/10257bfe-627e-4caa-81d1-c4935192eb13\/'><img loading=\"lazy\" decoding=\"async\" width=\"150\" height=\"150\" src=\"https:\/\/idcserbia.org\/wp-content\/uploads\/2019\/09\/10257bfe-627e-4caa-81d1-c4935192eb13-150x150.jpg\" class=\"attachment-thumbnail size-thumbnail\" alt=\"\" aria-describedby=\"gallery-1-4000\" \/><\/a>\n\t\t\t<\/dt>\n\t\t\t\t<dd class='wp-caption-text gallery-caption' id='gallery-1-4000'>\n\t\t\t\tpripreme za opro\u0161tajnu \u017eurku\n\t\t\t\t<\/dd><\/dl><dl class='gallery-item'>\n\t\t\t<dt class='gallery-icon portrait'>\n\t\t\t\t<a href='https:\/\/idcserbia.org\/en\/4768cd94-13a3-482a-81e6-30018f21aba6\/'><img loading=\"lazy\" decoding=\"async\" width=\"150\" height=\"150\" src=\"https:\/\/idcserbia.org\/wp-content\/uploads\/2019\/09\/4768cd94-13a3-482a-81e6-30018f21aba6-150x150.jpg\" class=\"attachment-thumbnail size-thumbnail\" alt=\"\" aria-describedby=\"gallery-1-3999\" \/><\/a>\n\t\t\t<\/dt>\n\t\t\t\t<dd class='wp-caption-text gallery-caption' id='gallery-1-3999'>\n\t\t\t\tpri\u010da uz pranje ve\u0161a\n\t\t\t\t<\/dd><\/dl><br style=\"clear: both\" \/><dl class='gallery-item'>\n\t\t\t<dt class='gallery-icon landscape'>\n\t\t\t\t<a href='https:\/\/idcserbia.org\/en\/img_7076-2\/'><img loading=\"lazy\" decoding=\"async\" width=\"150\" height=\"150\" src=\"https:\/\/idcserbia.org\/wp-content\/uploads\/2019\/09\/IMG_7076-1-150x150.jpg\" class=\"attachment-thumbnail size-thumbnail\" alt=\"\" aria-describedby=\"gallery-1-3987\" \/><\/a>\n\t\t\t<\/dt>\n\t\t\t\t<dd class='wp-caption-text gallery-caption' id='gallery-1-3987'>\n\t\t\t\tveliko hvala nasim sponzorima\n\t\t\t\t<\/dd><\/dl><dl class='gallery-item'>\n\t\t\t<dt class='gallery-icon landscape'>\n\t\t\t\t<a href='https:\/\/idcserbia.org\/en\/anth2736-2\/'><img loading=\"lazy\" decoding=\"async\" width=\"150\" height=\"150\" src=\"https:\/\/idcserbia.org\/wp-content\/uploads\/2019\/09\/ANTH2736-1-150x150.jpg\" class=\"attachment-thumbnail size-thumbnail\" alt=\"\" aria-describedby=\"gallery-1-3983\" \/><\/a>\n\t\t\t<\/dt>\n\t\t\t\t<dd class='wp-caption-text gallery-caption' id='gallery-1-3983'>\n\t\t\t\tManiti potok, Tijanje\n\t\t\t\t<\/dd><\/dl><dl class='gallery-item'>\n\t\t\t<dt class='gallery-icon landscape'>\n\t\t\t\t<a href='https:\/\/idcserbia.org\/en\/dsc_0468\/'><img loading=\"lazy\" decoding=\"async\" width=\"150\" height=\"150\" src=\"https:\/\/idcserbia.org\/wp-content\/uploads\/2019\/09\/DSC_0468-150x150.jpg\" class=\"attachment-thumbnail size-thumbnail\" alt=\"\" aria-describedby=\"gallery-1-3993\" \/><\/a>\n\t\t\t<\/dt>\n\t\t\t\t<dd class='wp-caption-text gallery-caption' id='gallery-1-3993'>\n\t\t\t\tzahvalnica za kom\u0161iju Bo\u017ea\n\t\t\t\t<\/dd><\/dl><br style=\"clear: both\" \/><dl class='gallery-item'>\n\t\t\t<dt class='gallery-icon portrait'>\n\t\t\t\t<a href='https:\/\/idcserbia.org\/en\/dsc_0471\/'><img loading=\"lazy\" decoding=\"async\" width=\"150\" height=\"150\" src=\"https:\/\/idcserbia.org\/wp-content\/uploads\/2019\/09\/DSC_0471-150x150.jpg\" class=\"attachment-thumbnail size-thumbnail\" alt=\"\" aria-describedby=\"gallery-1-3994\" \/><\/a>\n\t\t\t<\/dt>\n\t\t\t\t<dd class='wp-caption-text gallery-caption' id='gallery-1-3994'>\n\t\t\t\tBozo Plazinic\n\t\t\t\t<\/dd><\/dl><dl class='gallery-item'>\n\t\t\t<dt class='gallery-icon portrait'>\n\t\t\t\t<a href='https:\/\/idcserbia.org\/en\/dsc_0481\/'><img loading=\"lazy\" decoding=\"async\" width=\"150\" height=\"150\" src=\"https:\/\/idcserbia.org\/wp-content\/uploads\/2019\/09\/DSC_0481-150x150.jpg\" class=\"attachment-thumbnail size-thumbnail\" alt=\"\" aria-describedby=\"gallery-1-3996\" \/><\/a>\n\t\t\t<\/dt>\n\t\t\t\t<dd class='wp-caption-text gallery-caption' id='gallery-1-3996'>\n\t\t\t\tMane Sretenovic\n\t\t\t\t<\/dd><\/dl><dl class='gallery-item'>\n\t\t\t<dt class='gallery-icon landscape'>\n\t\t\t\t<a href='https:\/\/idcserbia.org\/en\/dsc_0478\/'><img loading=\"lazy\" decoding=\"async\" width=\"150\" height=\"150\" src=\"https:\/\/idcserbia.org\/wp-content\/uploads\/2019\/09\/DSC_0478-150x150.jpg\" class=\"attachment-thumbnail size-thumbnail\" alt=\"\" aria-describedby=\"gallery-1-3995\" \/><\/a>\n\t\t\t<\/dt>\n\t\t\t\t<dd class='wp-caption-text gallery-caption' id='gallery-1-3995'>\n\t\t\t\tzahvalnica za kom\u0161iju Maneta Sretenovi\u0107a\n\t\t\t\t<\/dd><\/dl><br style=\"clear: both\" \/><dl class='gallery-item'>\n\t\t\t<dt class='gallery-icon portrait'>\n\t\t\t\t<a href='https:\/\/idcserbia.org\/en\/dsc_0488\/'><img loading=\"lazy\" decoding=\"async\" width=\"150\" height=\"150\" src=\"https:\/\/idcserbia.org\/wp-content\/uploads\/2019\/09\/DSC_0488-150x150.jpg\" class=\"attachment-thumbnail size-thumbnail\" alt=\"\" aria-describedby=\"gallery-1-3997\" \/><\/a>\n\t\t\t<\/dt>\n\t\t\t\t<dd class='wp-caption-text gallery-caption' id='gallery-1-3997'>\n\t\t\t\tlokalna podr\u0161ka\n\t\t\t\t<\/dd><\/dl><dl class='gallery-item'>\n\t\t\t<dt class='gallery-icon landscape'>\n\t\t\t\t<a href='https:\/\/idcserbia.org\/en\/dsc_0458\/'><img loading=\"lazy\" decoding=\"async\" width=\"150\" height=\"150\" src=\"https:\/\/idcserbia.org\/wp-content\/uploads\/2019\/09\/DSC_0458-150x150.jpg\" class=\"attachment-thumbnail size-thumbnail\" alt=\"\" aria-describedby=\"gallery-1-3991\" \/><\/a>\n\t\t\t<\/dt>\n\t\t\t\t<dd class='wp-caption-text gallery-caption' id='gallery-1-3991'>\n\t\t\t\tzahvalnica za direktorku Dragicu\n\t\t\t\t<\/dd><\/dl><dl class='gallery-item'>\n\t\t\t<dt class='gallery-icon landscape'>\n\t\t\t\t<a href='https:\/\/idcserbia.org\/en\/dsc_0461\/'><img loading=\"lazy\" decoding=\"async\" width=\"150\" height=\"150\" src=\"https:\/\/idcserbia.org\/wp-content\/uploads\/2019\/09\/DSC_0461-150x150.jpg\" class=\"attachment-thumbnail size-thumbnail\" alt=\"\" aria-describedby=\"gallery-1-3992\" \/><\/a>\n\t\t\t<\/dt>\n\t\t\t\t<dd class='wp-caption-text gallery-caption' id='gallery-1-3992'>\n\t\t\t\tdirektorica Dragica\n\t\t\t\t<\/dd><\/dl><br style=\"clear: both\" \/><dl class='gallery-item'>\n\t\t\t<dt class='gallery-icon landscape'>\n\t\t\t\t<a href='https:\/\/idcserbia.org\/en\/dsc_0554-2\/'><img loading=\"lazy\" decoding=\"async\" width=\"150\" height=\"150\" src=\"https:\/\/idcserbia.org\/wp-content\/uploads\/2019\/09\/DSC_0554-1-150x150.jpg\" class=\"attachment-thumbnail size-thumbnail\" alt=\"\" aria-describedby=\"gallery-1-3984\" \/><\/a>\n\t\t\t<\/dt>\n\t\t\t\t<dd class='wp-caption-text gallery-caption' id='gallery-1-3984'>\n\t\t\t\tproslava \ud83d\ude42\n\t\t\t\t<\/dd><\/dl>\n\t\t\t<br style='clear: both' \/>\n\t\t<\/div>\n\n","protected":false},"excerpt":{"rendered":"<p>IZVE\u0160TAJ SA KAMPA &#8211;\u00a0Me\u0111unarodni volonterski kamp Svet za \u0161kolu, Tijanje, 2019. I ove godine realizovali smo jo\u0161 jedan me\u0111unarodni volonterski kamp u partnerstvu sa Mladim istra\u017eiva\u010dima Srbije. Nakon Sombora i Mo\u0161orina, ove godine IDC je realizovao kamp u saradnji sa Op\u0161tinom Lu\u010dani. Kamp je realizovan u selu Tijanje, a 12 volontera iz \u0160panije, Rusije, \u010ce\u0161ke, [&hellip;]<\/p>\n","protected":false},"author":2,"featured_media":4025,"comment_status":"closed","ping_status":"closed","sticky":false,"template":"","format":"gallery","meta":{"footnotes":""},"categories":[163],"tags":[659,662,660],"class_list":["post-6614","post","type-post","status-publish","format-gallery","has-post-thumbnail","hentry","category-aktuelno-en","tag-letnji-kamp","tag-mladi-su-zakon","tag-volonterski-kamp","post_format-post-format-gallery"],"yoast_head":"<!-- This site is optimized with the Yoast SEO plugin v27.4 - https:\/\/yoast.com\/product\/yoast-seo-wordpress\/ -->\n<title>IZVE\u0160TAJ SA KAMPA - Me\u0111unarodni volonterski kamp Svet za \u0161kolu, Tijanje, 2019. - IDC Serbia<\/title>\n<meta name=\"robots\" content=\"index, follow, max-snippet:-1, max-image-preview:large, max-video-preview:-1\" \/>\n<link rel=\"canonical\" href=\"https:\/\/idcserbia.org\/en\/izvestaj-sa-kampa-medunarodni-volonterski-kamp-svet-za-skolu-tijanje-2019\/\" \/>\n<meta property=\"og:locale\" content=\"en_US\" \/>\n<meta property=\"og:type\" content=\"article\" \/>\n<meta property=\"og:title\" content=\"IZVE\u0160TAJ SA KAMPA - Me\u0111unarodni volonterski kamp Svet za \u0161kolu, Tijanje, 2019. - IDC Serbia\" \/>\n<meta property=\"og:description\" content=\"IZVE\u0160TAJ SA KAMPA &#8211;\u00a0Me\u0111unarodni volonterski kamp Svet za \u0161kolu, Tijanje, 2019. I ove godine realizovali smo jo\u0161 jedan me\u0111unarodni volonterski kamp u partnerstvu sa Mladim istra\u017eiva\u010dima Srbije. Nakon Sombora i Mo\u0161orina, ove godine IDC je realizovao kamp u saradnji sa Op\u0161tinom Lu\u010dani. Kamp je realizovan u selu Tijanje, a 12 volontera iz \u0160panije, Rusije, \u010ce\u0161ke, [&hellip;]\" \/>\n<meta property=\"og:url\" content=\"https:\/\/idcserbia.org\/en\/izvestaj-sa-kampa-medunarodni-volonterski-kamp-svet-za-skolu-tijanje-2019\/\" \/>\n<meta property=\"og:site_name\" content=\"IDC Serbia\" \/>\n<meta property=\"article:publisher\" content=\"https:\/\/www.facebook.com\/idc.serbia\" \/>\n<meta property=\"article:published_time\" content=\"2019-09-01T06:16:08+00:00\" \/>\n<meta property=\"article:modified_time\" content=\"2022-11-24T19:26:37+00:00\" \/>\n<meta property=\"og:image\" content=\"https:\/\/idcserbia.org\/wp-content\/uploads\/2019\/09\/PCTH1067-Medium.jpg\" \/>\n\t<meta property=\"og:image:width\" content=\"1024\" \/>\n\t<meta property=\"og:image:height\" content=\"768\" \/>\n\t<meta property=\"og:image:type\" content=\"image\/jpeg\" \/>\n<meta name=\"author\" content=\"IDC Serbia\" \/>\n<meta name=\"twitter:card\" content=\"summary_large_image\" \/>\n<meta name=\"twitter:creator\" content=\"@IDCSERBIA\" \/>\n<meta name=\"twitter:site\" content=\"@IDCSERBIA\" \/>\n<meta name=\"twitter:label1\" content=\"Written by\" \/>\n\t<meta name=\"twitter:data1\" content=\"IDC Serbia\" \/>\n\t<meta name=\"twitter:label2\" content=\"Est. reading time\" \/>\n\t<meta name=\"twitter:data2\" content=\"2 minutes\" \/>\n<script type=\"application\/ld+json\" class=\"yoast-schema-graph\">{\"@context\":\"https:\\\/\\\/schema.org\",\"@graph\":[{\"@type\":\"Article\",\"@id\":\"https:\\\/\\\/idcserbia.org\\\/en\\\/izvestaj-sa-kampa-medunarodni-volonterski-kamp-svet-za-skolu-tijanje-2019\\\/#article\",\"isPartOf\":{\"@id\":\"https:\\\/\\\/idcserbia.org\\\/en\\\/izvestaj-sa-kampa-medunarodni-volonterski-kamp-svet-za-skolu-tijanje-2019\\\/\"},\"author\":{\"name\":\"IDC Serbia\",\"@id\":\"https:\\\/\\\/idcserbia.org\\\/#\\\/schema\\\/person\\\/9aabc1ee6cfdc5d7234d97fe33b1ff45\"},\"headline\":\"IZVE\u0160TAJ SA KAMPA &#8211; Me\u0111unarodni volonterski kamp Svet za \u0161kolu, Tijanje, 2019.\",\"datePublished\":\"2019-09-01T06:16:08+00:00\",\"dateModified\":\"2022-11-24T19:26:37+00:00\",\"mainEntityOfPage\":{\"@id\":\"https:\\\/\\\/idcserbia.org\\\/en\\\/izvestaj-sa-kampa-medunarodni-volonterski-kamp-svet-za-skolu-tijanje-2019\\\/\"},\"wordCount\":362,\"image\":{\"@id\":\"https:\\\/\\\/idcserbia.org\\\/en\\\/izvestaj-sa-kampa-medunarodni-volonterski-kamp-svet-za-skolu-tijanje-2019\\\/#primaryimage\"},\"thumbnailUrl\":\"https:\\\/\\\/idcserbia.org\\\/wp-content\\\/uploads\\\/2019\\\/09\\\/PCTH1067-Medium.jpg\",\"keywords\":[\"letnji kamp\",\"mladi su zakon\",\"volonterski kamp\"],\"articleSection\":[\"Actual\"],\"inLanguage\":\"en-US\"},{\"@type\":\"WebPage\",\"@id\":\"https:\\\/\\\/idcserbia.org\\\/en\\\/izvestaj-sa-kampa-medunarodni-volonterski-kamp-svet-za-skolu-tijanje-2019\\\/\",\"url\":\"https:\\\/\\\/idcserbia.org\\\/en\\\/izvestaj-sa-kampa-medunarodni-volonterski-kamp-svet-za-skolu-tijanje-2019\\\/\",\"name\":\"IZVE\u0160TAJ SA KAMPA - Me\u0111unarodni volonterski kamp Svet za \u0161kolu, Tijanje, 2019. - IDC Serbia\",\"isPartOf\":{\"@id\":\"https:\\\/\\\/idcserbia.org\\\/#website\"},\"primaryImageOfPage\":{\"@id\":\"https:\\\/\\\/idcserbia.org\\\/en\\\/izvestaj-sa-kampa-medunarodni-volonterski-kamp-svet-za-skolu-tijanje-2019\\\/#primaryimage\"},\"image\":{\"@id\":\"https:\\\/\\\/idcserbia.org\\\/en\\\/izvestaj-sa-kampa-medunarodni-volonterski-kamp-svet-za-skolu-tijanje-2019\\\/#primaryimage\"},\"thumbnailUrl\":\"https:\\\/\\\/idcserbia.org\\\/wp-content\\\/uploads\\\/2019\\\/09\\\/PCTH1067-Medium.jpg\",\"datePublished\":\"2019-09-01T06:16:08+00:00\",\"dateModified\":\"2022-11-24T19:26:37+00:00\",\"author\":{\"@id\":\"https:\\\/\\\/idcserbia.org\\\/#\\\/schema\\\/person\\\/9aabc1ee6cfdc5d7234d97fe33b1ff45\"},\"breadcrumb\":{\"@id\":\"https:\\\/\\\/idcserbia.org\\\/en\\\/izvestaj-sa-kampa-medunarodni-volonterski-kamp-svet-za-skolu-tijanje-2019\\\/#breadcrumb\"},\"inLanguage\":\"en-US\",\"potentialAction\":[{\"@type\":\"ReadAction\",\"target\":[\"https:\\\/\\\/idcserbia.org\\\/en\\\/izvestaj-sa-kampa-medunarodni-volonterski-kamp-svet-za-skolu-tijanje-2019\\\/\"]}]},{\"@type\":\"ImageObject\",\"inLanguage\":\"en-US\",\"@id\":\"https:\\\/\\\/idcserbia.org\\\/en\\\/izvestaj-sa-kampa-medunarodni-volonterski-kamp-svet-za-skolu-tijanje-2019\\\/#primaryimage\",\"url\":\"https:\\\/\\\/idcserbia.org\\\/wp-content\\\/uploads\\\/2019\\\/09\\\/PCTH1067-Medium.jpg\",\"contentUrl\":\"https:\\\/\\\/idcserbia.org\\\/wp-content\\\/uploads\\\/2019\\\/09\\\/PCTH1067-Medium.jpg\",\"width\":1024,\"height\":768,\"caption\":\"ekipa\"},{\"@type\":\"BreadcrumbList\",\"@id\":\"https:\\\/\\\/idcserbia.org\\\/en\\\/izvestaj-sa-kampa-medunarodni-volonterski-kamp-svet-za-skolu-tijanje-2019\\\/#breadcrumb\",\"itemListElement\":[{\"@type\":\"ListItem\",\"position\":1,\"name\":\"Home\",\"item\":\"https:\\\/\\\/idcserbia.org\\\/en\\\/\"},{\"@type\":\"ListItem\",\"position\":2,\"name\":\"IZVE\u0160TAJ SA KAMPA &#8211; Me\u0111unarodni volonterski kamp Svet za \u0161kolu, Tijanje, 2019.\"}]},{\"@type\":\"WebSite\",\"@id\":\"https:\\\/\\\/idcserbia.org\\\/#website\",\"url\":\"https:\\\/\\\/idcserbia.org\\\/\",\"name\":\"IDC Serbia\",\"description\":\"Association of Citizens Initiative for Development and Cooperation\\r\\n\",\"potentialAction\":[{\"@type\":\"SearchAction\",\"target\":{\"@type\":\"EntryPoint\",\"urlTemplate\":\"https:\\\/\\\/idcserbia.org\\\/?s={search_term_string}\"},\"query-input\":{\"@type\":\"PropertyValueSpecification\",\"valueRequired\":true,\"valueName\":\"search_term_string\"}}],\"inLanguage\":\"en-US\"},{\"@type\":\"Person\",\"@id\":\"https:\\\/\\\/idcserbia.org\\\/#\\\/schema\\\/person\\\/9aabc1ee6cfdc5d7234d97fe33b1ff45\",\"name\":\"IDC Serbia\",\"url\":\"https:\\\/\\\/idcserbia.org\\\/en\\\/author\\\/idc-serbia\\\/\"}]}<\/script>\n<!-- \/ Yoast SEO plugin. -->","yoast_head_json":{"title":"IZVE\u0160TAJ SA KAMPA - Me\u0111unarodni volonterski kamp Svet za \u0161kolu, Tijanje, 2019. - IDC Serbia","robots":{"index":"index","follow":"follow","max-snippet":"max-snippet:-1","max-image-preview":"max-image-preview:large","max-video-preview":"max-video-preview:-1"},"canonical":"https:\/\/idcserbia.org\/en\/izvestaj-sa-kampa-medunarodni-volonterski-kamp-svet-za-skolu-tijanje-2019\/","og_locale":"en_US","og_type":"article","og_title":"IZVE\u0160TAJ SA KAMPA - Me\u0111unarodni volonterski kamp Svet za \u0161kolu, Tijanje, 2019. - IDC Serbia","og_description":"IZVE\u0160TAJ SA KAMPA &#8211;\u00a0Me\u0111unarodni volonterski kamp Svet za \u0161kolu, Tijanje, 2019. I ove godine realizovali smo jo\u0161 jedan me\u0111unarodni volonterski kamp u partnerstvu sa Mladim istra\u017eiva\u010dima Srbije. Nakon Sombora i Mo\u0161orina, ove godine IDC je realizovao kamp u saradnji sa Op\u0161tinom Lu\u010dani. Kamp je realizovan u selu Tijanje, a 12 volontera iz \u0160panije, Rusije, \u010ce\u0161ke, [&hellip;]","og_url":"https:\/\/idcserbia.org\/en\/izvestaj-sa-kampa-medunarodni-volonterski-kamp-svet-za-skolu-tijanje-2019\/","og_site_name":"IDC Serbia","article_publisher":"https:\/\/www.facebook.com\/idc.serbia","article_published_time":"2019-09-01T06:16:08+00:00","article_modified_time":"2022-11-24T19:26:37+00:00","og_image":[{"width":1024,"height":768,"url":"https:\/\/idcserbia.org\/wp-content\/uploads\/2019\/09\/PCTH1067-Medium.jpg","type":"image\/jpeg"}],"author":"IDC Serbia","twitter_card":"summary_large_image","twitter_creator":"@IDCSERBIA","twitter_site":"@IDCSERBIA","twitter_misc":{"Written by":"IDC Serbia","Est. reading time":"2 minutes"},"schema":{"@context":"https:\/\/schema.org","@graph":[{"@type":"Article","@id":"https:\/\/idcserbia.org\/en\/izvestaj-sa-kampa-medunarodni-volonterski-kamp-svet-za-skolu-tijanje-2019\/#article","isPartOf":{"@id":"https:\/\/idcserbia.org\/en\/izvestaj-sa-kampa-medunarodni-volonterski-kamp-svet-za-skolu-tijanje-2019\/"},"author":{"name":"IDC Serbia","@id":"https:\/\/idcserbia.org\/#\/schema\/person\/9aabc1ee6cfdc5d7234d97fe33b1ff45"},"headline":"IZVE\u0160TAJ SA KAMPA &#8211; Me\u0111unarodni volonterski kamp Svet za \u0161kolu, Tijanje, 2019.","datePublished":"2019-09-01T06:16:08+00:00","dateModified":"2022-11-24T19:26:37+00:00","mainEntityOfPage":{"@id":"https:\/\/idcserbia.org\/en\/izvestaj-sa-kampa-medunarodni-volonterski-kamp-svet-za-skolu-tijanje-2019\/"},"wordCount":362,"image":{"@id":"https:\/\/idcserbia.org\/en\/izvestaj-sa-kampa-medunarodni-volonterski-kamp-svet-za-skolu-tijanje-2019\/#primaryimage"},"thumbnailUrl":"https:\/\/idcserbia.org\/wp-content\/uploads\/2019\/09\/PCTH1067-Medium.jpg","keywords":["letnji kamp","mladi su zakon","volonterski kamp"],"articleSection":["Actual"],"inLanguage":"en-US"},{"@type":"WebPage","@id":"https:\/\/idcserbia.org\/en\/izvestaj-sa-kampa-medunarodni-volonterski-kamp-svet-za-skolu-tijanje-2019\/","url":"https:\/\/idcserbia.org\/en\/izvestaj-sa-kampa-medunarodni-volonterski-kamp-svet-za-skolu-tijanje-2019\/","name":"IZVE\u0160TAJ SA KAMPA - Me\u0111unarodni volonterski kamp Svet za \u0161kolu, Tijanje, 2019. - IDC Serbia","isPartOf":{"@id":"https:\/\/idcserbia.org\/#website"},"primaryImageOfPage":{"@id":"https:\/\/idcserbia.org\/en\/izvestaj-sa-kampa-medunarodni-volonterski-kamp-svet-za-skolu-tijanje-2019\/#primaryimage"},"image":{"@id":"https:\/\/idcserbia.org\/en\/izvestaj-sa-kampa-medunarodni-volonterski-kamp-svet-za-skolu-tijanje-2019\/#primaryimage"},"thumbnailUrl":"https:\/\/idcserbia.org\/wp-content\/uploads\/2019\/09\/PCTH1067-Medium.jpg","datePublished":"2019-09-01T06:16:08+00:00","dateModified":"2022-11-24T19:26:37+00:00","author":{"@id":"https:\/\/idcserbia.org\/#\/schema\/person\/9aabc1ee6cfdc5d7234d97fe33b1ff45"},"breadcrumb":{"@id":"https:\/\/idcserbia.org\/en\/izvestaj-sa-kampa-medunarodni-volonterski-kamp-svet-za-skolu-tijanje-2019\/#breadcrumb"},"inLanguage":"en-US","potentialAction":[{"@type":"ReadAction","target":["https:\/\/idcserbia.org\/en\/izvestaj-sa-kampa-medunarodni-volonterski-kamp-svet-za-skolu-tijanje-2019\/"]}]},{"@type":"ImageObject","inLanguage":"en-US","@id":"https:\/\/idcserbia.org\/en\/izvestaj-sa-kampa-medunarodni-volonterski-kamp-svet-za-skolu-tijanje-2019\/#primaryimage","url":"https:\/\/idcserbia.org\/wp-content\/uploads\/2019\/09\/PCTH1067-Medium.jpg","contentUrl":"https:\/\/idcserbia.org\/wp-content\/uploads\/2019\/09\/PCTH1067-Medium.jpg","width":1024,"height":768,"caption":"ekipa"},{"@type":"BreadcrumbList","@id":"https:\/\/idcserbia.org\/en\/izvestaj-sa-kampa-medunarodni-volonterski-kamp-svet-za-skolu-tijanje-2019\/#breadcrumb","itemListElement":[{"@type":"ListItem","position":1,"name":"Home","item":"https:\/\/idcserbia.org\/en\/"},{"@type":"ListItem","position":2,"name":"IZVE\u0160TAJ SA KAMPA &#8211; Me\u0111unarodni volonterski kamp Svet za \u0161kolu, Tijanje, 2019."}]},{"@type":"WebSite","@id":"https:\/\/idcserbia.org\/#website","url":"https:\/\/idcserbia.org\/","name":"IDC Serbia","description":"Association of Citizens Initiative for Development and Cooperation\r\n","potentialAction":[{"@type":"SearchAction","target":{"@type":"EntryPoint","urlTemplate":"https:\/\/idcserbia.org\/?s={search_term_string}"},"query-input":{"@type":"PropertyValueSpecification","valueRequired":true,"valueName":"search_term_string"}}],"inLanguage":"en-US"},{"@type":"Person","@id":"https:\/\/idcserbia.org\/#\/schema\/person\/9aabc1ee6cfdc5d7234d97fe33b1ff45","name":"IDC Serbia","url":"https:\/\/idcserbia.org\/en\/author\/idc-serbia\/"}]}},"_links":{"self":[{"href":"https:\/\/idcserbia.org\/en\/wp-json\/wp\/v2\/posts\/6614","targetHints":{"allow":["GET"]}}],"collection":[{"href":"https:\/\/idcserbia.org\/en\/wp-json\/wp\/v2\/posts"}],"about":[{"href":"https:\/\/idcserbia.org\/en\/wp-json\/wp\/v2\/types\/post"}],"author":[{"embeddable":true,"href":"https:\/\/idcserbia.org\/en\/wp-json\/wp\/v2\/users\/2"}],"replies":[{"embeddable":true,"href":"https:\/\/idcserbia.org\/en\/wp-json\/wp\/v2\/comments?post=6614"}],"version-history":[{"count":1,"href":"https:\/\/idcserbia.org\/en\/wp-json\/wp\/v2\/posts\/6614\/revisions"}],"predecessor-version":[{"id":6616,"href":"https:\/\/idcserbia.org\/en\/wp-json\/wp\/v2\/posts\/6614\/revisions\/6616"}],"wp:featuredmedia":[{"embeddable":true,"href":"https:\/\/idcserbia.org\/en\/wp-json\/wp\/v2\/media\/4025"}],"wp:attachment":[{"href":"https:\/\/idcserbia.org\/en\/wp-json\/wp\/v2\/media?parent=6614"}],"wp:term":[{"taxonomy":"category","embeddable":true,"href":"https:\/\/idcserbia.org\/en\/wp-json\/wp\/v2\/categories?post=6614"},{"taxonomy":"post_tag","embeddable":true,"href":"https:\/\/idcserbia.org\/en\/wp-json\/wp\/v2\/tags?post=6614"}],"curies":[{"name":"wp","href":"https:\/\/api.w.org\/{rel}","templated":true}]}}