{"id":6803,"date":"2022-10-08T14:38:54","date_gmt":"2022-10-08T12:38:54","guid":{"rendered":"https:\/\/idcserbia.org\/en\/?p=6803"},"modified":"2023-02-01T11:43:06","modified_gmt":"2023-02-01T10:43:06","slug":"training-for-volunteers-responding-to-a-humanitarian-crisis","status":"publish","type":"post","link":"https:\/\/idcserbia.org\/en\/training-for-volunteers-responding-to-a-humanitarian-crisis\/","title":{"rendered":"Training for volunteers &#8211; Responding to a humanitarian crisis"},"content":{"rendered":"<div id=\"s-share-buttons\" class=\"horizontal-w-c-circular s-share-w-c\"><a href=\"http:\/\/www.facebook.com\/sharer.php?u=https:\/\/idcserbia.org\/en\/training-for-volunteers-responding-to-a-humanitarian-crisis\/\" target=\"_blank\" title=\"Share to Facebook\" class=\"s3-facebook hint--top\"><\/a><a href=\"http:\/\/twitter.com\/intent\/tweet?text=Training for volunteers &#8211; Responding to a humanitarian crisis&url=https:\/\/idcserbia.org\/en\/training-for-volunteers-responding-to-a-humanitarian-crisis\/\" target=\"_blank\"  title=\"Share to Twitter\" class=\"s3-twitter hint--top\"><\/a><a href=\"http:\/\/www.linkedin.com\/shareArticle?mini=true&url=https:\/\/idcserbia.org\/en\/training-for-volunteers-responding-to-a-humanitarian-crisis\/\" target=\"_blank\" title=\"Share to LinkedIn\" class=\"s3-linkedin hint--top\"><\/a><a href=\"mailto:?Subject=Training%20for%20volunteers%20&#8211;%20Responding%20to%20a%20humanitarian%20crisis&Body=Here%20is%20the%20link%20to%20the%20article:%20https:\/\/idcserbia.org\/en\/training-for-volunteers-responding-to-a-humanitarian-crisis\/\" title=\"Email this article\" class=\"s3-email hint--top\"><\/a><\/div><p><strong>Training for volunteers &#8211; Responding to a humanitarian crisis<\/strong><\/p>\n<p><strong><u>On October 6 and 7, 2022, <\/u><\/strong>a two-day online training <em>on Responding to a humanitarian crisis was organised via the Zoom platform. <\/em>The training was intended for volunteers in order to raise awareness of basic humanitarian principles, as well as an adequate response to various forms of humanitarian crises.<\/p>\n<p>A total of 15 volunteers from Serbia (from Vranje, Pirot, Valjevo, \u0160abac, Belgrade, then the Municipality of \u0106i\u0107evac, etc.) and Bosnia and Herzegovina (Doboj) participated in the training.<\/p>\n<p>Volunteers of civil society organisations who attended the training additionally increased their knowledge about responding to crises, which they can directly apply in their work environment and pass on to their colleagues, friends and other volunteers. They improved their knowledge of basic humanitarian principles, as well as gender-based violence in the context of migration and child protection. The training was attended by volunteers who are engaged in distributing humanitarian aid to refugees from Ukraine and volunteers from member organisations of the IRIS network.<\/p>\n<p>The training was held as part of the project Preparing mechanisms to respond to the increased influx of refugees from Ukraine, which is implemented by the Initiative for Development and Cooperation, with the financial support of Farma Mundi, Spain.<\/p>\n","protected":false},"excerpt":{"rendered":"<p>Training for volunteers &#8211; Responding to a humanitarian crisis On October 6 and 7, 2022, a two-day online training on Responding to a humanitarian crisis was organised via the Zoom platform. The training was intended for volunteers in order to raise awareness of basic humanitarian principles, as well as an adequate response to various forms [&hellip;]<\/p>\n","protected":false},"author":2,"featured_media":6804,"comment_status":"closed","ping_status":"closed","sticky":false,"template":"","format":"standard","meta":{"footnotes":""},"categories":[163],"tags":[769,766,604],"class_list":["post-6803","post","type-post","status-publish","format-standard","has-post-thumbnail","hentry","category-aktuelno-en","tag-humanitarian-crisis","tag-humanitarian-response","tag-training"],"yoast_head":"<!-- This site is optimized with the Yoast SEO plugin v27.4 - https:\/\/yoast.com\/product\/yoast-seo-wordpress\/ -->\n<title>Training for volunteers - Responding to a humanitarian crisis - IDC Serbia<\/title>\n<meta name=\"robots\" content=\"index, follow, max-snippet:-1, max-image-preview:large, max-video-preview:-1\" \/>\n<link rel=\"canonical\" href=\"https:\/\/idcserbia.org\/en\/training-for-volunteers-responding-to-a-humanitarian-crisis\/\" \/>\n<meta property=\"og:locale\" content=\"en_US\" \/>\n<meta property=\"og:type\" content=\"article\" \/>\n<meta property=\"og:title\" content=\"Training for volunteers - Responding to a humanitarian crisis - IDC Serbia\" \/>\n<meta property=\"og:description\" content=\"Training for volunteers &#8211; Responding to a humanitarian crisis On October 6 and 7, 2022, a two-day online training on Responding to a humanitarian crisis was organised via the Zoom platform. The training was intended for volunteers in order to raise awareness of basic humanitarian principles, as well as an adequate response to various forms [&hellip;]\" \/>\n<meta property=\"og:url\" content=\"https:\/\/idcserbia.org\/en\/training-for-volunteers-responding-to-a-humanitarian-crisis\/\" \/>\n<meta property=\"og:site_name\" content=\"IDC Serbia\" \/>\n<meta property=\"article:publisher\" content=\"https:\/\/www.facebook.com\/idc.serbia\" \/>\n<meta property=\"article:published_time\" content=\"2022-10-08T12:38:54+00:00\" \/>\n<meta property=\"article:modified_time\" content=\"2023-02-01T10:43:06+00:00\" \/>\n<meta property=\"og:image\" content=\"https:\/\/idcserbia.org\/wp-content\/uploads\/2023\/02\/2022-10-06-8.png\" \/>\n\t<meta property=\"og:image:width\" content=\"1366\" \/>\n\t<meta property=\"og:image:height\" content=\"768\" \/>\n\t<meta property=\"og:image:type\" content=\"image\/png\" \/>\n<meta name=\"author\" content=\"IDC Serbia\" \/>\n<meta name=\"twitter:card\" content=\"summary_large_image\" \/>\n<meta name=\"twitter:creator\" content=\"@IDCSERBIA\" \/>\n<meta name=\"twitter:site\" content=\"@IDCSERBIA\" \/>\n<meta name=\"twitter:label1\" content=\"Written by\" \/>\n\t<meta name=\"twitter:data1\" content=\"IDC Serbia\" \/>\n\t<meta name=\"twitter:label2\" content=\"Est. reading time\" \/>\n\t<meta name=\"twitter:data2\" content=\"1 minute\" \/>\n<script type=\"application\/ld+json\" class=\"yoast-schema-graph\">{\"@context\":\"https:\\\/\\\/schema.org\",\"@graph\":[{\"@type\":\"Article\",\"@id\":\"https:\\\/\\\/idcserbia.org\\\/en\\\/training-for-volunteers-responding-to-a-humanitarian-crisis\\\/#article\",\"isPartOf\":{\"@id\":\"https:\\\/\\\/idcserbia.org\\\/en\\\/training-for-volunteers-responding-to-a-humanitarian-crisis\\\/\"},\"author\":{\"name\":\"IDC Serbia\",\"@id\":\"https:\\\/\\\/idcserbia.org\\\/#\\\/schema\\\/person\\\/9aabc1ee6cfdc5d7234d97fe33b1ff45\"},\"headline\":\"Training for volunteers &#8211; Responding to a humanitarian crisis\",\"datePublished\":\"2022-10-08T12:38:54+00:00\",\"dateModified\":\"2023-02-01T10:43:06+00:00\",\"mainEntityOfPage\":{\"@id\":\"https:\\\/\\\/idcserbia.org\\\/en\\\/training-for-volunteers-responding-to-a-humanitarian-crisis\\\/\"},\"wordCount\":214,\"image\":{\"@id\":\"https:\\\/\\\/idcserbia.org\\\/en\\\/training-for-volunteers-responding-to-a-humanitarian-crisis\\\/#primaryimage\"},\"thumbnailUrl\":\"https:\\\/\\\/idcserbia.org\\\/wp-content\\\/uploads\\\/2023\\\/02\\\/2022-10-06-8.png\",\"keywords\":[\"humanitarian crisis\",\"humanitarian response\",\"training\"],\"articleSection\":[\"Actual\"],\"inLanguage\":\"en-US\"},{\"@type\":\"WebPage\",\"@id\":\"https:\\\/\\\/idcserbia.org\\\/en\\\/training-for-volunteers-responding-to-a-humanitarian-crisis\\\/\",\"url\":\"https:\\\/\\\/idcserbia.org\\\/en\\\/training-for-volunteers-responding-to-a-humanitarian-crisis\\\/\",\"name\":\"Training for volunteers - Responding to a humanitarian crisis - IDC Serbia\",\"isPartOf\":{\"@id\":\"https:\\\/\\\/idcserbia.org\\\/#website\"},\"primaryImageOfPage\":{\"@id\":\"https:\\\/\\\/idcserbia.org\\\/en\\\/training-for-volunteers-responding-to-a-humanitarian-crisis\\\/#primaryimage\"},\"image\":{\"@id\":\"https:\\\/\\\/idcserbia.org\\\/en\\\/training-for-volunteers-responding-to-a-humanitarian-crisis\\\/#primaryimage\"},\"thumbnailUrl\":\"https:\\\/\\\/idcserbia.org\\\/wp-content\\\/uploads\\\/2023\\\/02\\\/2022-10-06-8.png\",\"datePublished\":\"2022-10-08T12:38:54+00:00\",\"dateModified\":\"2023-02-01T10:43:06+00:00\",\"author\":{\"@id\":\"https:\\\/\\\/idcserbia.org\\\/#\\\/schema\\\/person\\\/9aabc1ee6cfdc5d7234d97fe33b1ff45\"},\"breadcrumb\":{\"@id\":\"https:\\\/\\\/idcserbia.org\\\/en\\\/training-for-volunteers-responding-to-a-humanitarian-crisis\\\/#breadcrumb\"},\"inLanguage\":\"en-US\",\"potentialAction\":[{\"@type\":\"ReadAction\",\"target\":[\"https:\\\/\\\/idcserbia.org\\\/en\\\/training-for-volunteers-responding-to-a-humanitarian-crisis\\\/\"]}]},{\"@type\":\"ImageObject\",\"inLanguage\":\"en-US\",\"@id\":\"https:\\\/\\\/idcserbia.org\\\/en\\\/training-for-volunteers-responding-to-a-humanitarian-crisis\\\/#primaryimage\",\"url\":\"https:\\\/\\\/idcserbia.org\\\/wp-content\\\/uploads\\\/2023\\\/02\\\/2022-10-06-8.png\",\"contentUrl\":\"https:\\\/\\\/idcserbia.org\\\/wp-content\\\/uploads\\\/2023\\\/02\\\/2022-10-06-8.png\",\"width\":1366,\"height\":768},{\"@type\":\"BreadcrumbList\",\"@id\":\"https:\\\/\\\/idcserbia.org\\\/en\\\/training-for-volunteers-responding-to-a-humanitarian-crisis\\\/#breadcrumb\",\"itemListElement\":[{\"@type\":\"ListItem\",\"position\":1,\"name\":\"Home\",\"item\":\"https:\\\/\\\/idcserbia.org\\\/en\\\/\"},{\"@type\":\"ListItem\",\"position\":2,\"name\":\"Training for volunteers &#8211; Responding to a humanitarian crisis\"}]},{\"@type\":\"WebSite\",\"@id\":\"https:\\\/\\\/idcserbia.org\\\/#website\",\"url\":\"https:\\\/\\\/idcserbia.org\\\/\",\"name\":\"IDC Serbia\",\"description\":\"Association of Citizens Initiative for Development and Cooperation\\r\\n\",\"potentialAction\":[{\"@type\":\"SearchAction\",\"target\":{\"@type\":\"EntryPoint\",\"urlTemplate\":\"https:\\\/\\\/idcserbia.org\\\/?s={search_term_string}\"},\"query-input\":{\"@type\":\"PropertyValueSpecification\",\"valueRequired\":true,\"valueName\":\"search_term_string\"}}],\"inLanguage\":\"en-US\"},{\"@type\":\"Person\",\"@id\":\"https:\\\/\\\/idcserbia.org\\\/#\\\/schema\\\/person\\\/9aabc1ee6cfdc5d7234d97fe33b1ff45\",\"name\":\"IDC Serbia\",\"url\":\"https:\\\/\\\/idcserbia.org\\\/en\\\/author\\\/idc-serbia\\\/\"}]}<\/script>\n<!-- \/ Yoast SEO plugin. -->","yoast_head_json":{"title":"Training for volunteers - Responding to a humanitarian crisis - IDC Serbia","robots":{"index":"index","follow":"follow","max-snippet":"max-snippet:-1","max-image-preview":"max-image-preview:large","max-video-preview":"max-video-preview:-1"},"canonical":"https:\/\/idcserbia.org\/en\/training-for-volunteers-responding-to-a-humanitarian-crisis\/","og_locale":"en_US","og_type":"article","og_title":"Training for volunteers - Responding to a humanitarian crisis - IDC Serbia","og_description":"Training for volunteers &#8211; Responding to a humanitarian crisis On October 6 and 7, 2022, a two-day online training on Responding to a humanitarian crisis was organised via the Zoom platform. The training was intended for volunteers in order to raise awareness of basic humanitarian principles, as well as an adequate response to various forms [&hellip;]","og_url":"https:\/\/idcserbia.org\/en\/training-for-volunteers-responding-to-a-humanitarian-crisis\/","og_site_name":"IDC Serbia","article_publisher":"https:\/\/www.facebook.com\/idc.serbia","article_published_time":"2022-10-08T12:38:54+00:00","article_modified_time":"2023-02-01T10:43:06+00:00","og_image":[{"width":1366,"height":768,"url":"https:\/\/idcserbia.org\/wp-content\/uploads\/2023\/02\/2022-10-06-8.png","type":"image\/png"}],"author":"IDC Serbia","twitter_card":"summary_large_image","twitter_creator":"@IDCSERBIA","twitter_site":"@IDCSERBIA","twitter_misc":{"Written by":"IDC Serbia","Est. reading time":"1 minute"},"schema":{"@context":"https:\/\/schema.org","@graph":[{"@type":"Article","@id":"https:\/\/idcserbia.org\/en\/training-for-volunteers-responding-to-a-humanitarian-crisis\/#article","isPartOf":{"@id":"https:\/\/idcserbia.org\/en\/training-for-volunteers-responding-to-a-humanitarian-crisis\/"},"author":{"name":"IDC Serbia","@id":"https:\/\/idcserbia.org\/#\/schema\/person\/9aabc1ee6cfdc5d7234d97fe33b1ff45"},"headline":"Training for volunteers &#8211; Responding to a humanitarian crisis","datePublished":"2022-10-08T12:38:54+00:00","dateModified":"2023-02-01T10:43:06+00:00","mainEntityOfPage":{"@id":"https:\/\/idcserbia.org\/en\/training-for-volunteers-responding-to-a-humanitarian-crisis\/"},"wordCount":214,"image":{"@id":"https:\/\/idcserbia.org\/en\/training-for-volunteers-responding-to-a-humanitarian-crisis\/#primaryimage"},"thumbnailUrl":"https:\/\/idcserbia.org\/wp-content\/uploads\/2023\/02\/2022-10-06-8.png","keywords":["humanitarian crisis","humanitarian response","training"],"articleSection":["Actual"],"inLanguage":"en-US"},{"@type":"WebPage","@id":"https:\/\/idcserbia.org\/en\/training-for-volunteers-responding-to-a-humanitarian-crisis\/","url":"https:\/\/idcserbia.org\/en\/training-for-volunteers-responding-to-a-humanitarian-crisis\/","name":"Training for volunteers - Responding to a humanitarian crisis - IDC Serbia","isPartOf":{"@id":"https:\/\/idcserbia.org\/#website"},"primaryImageOfPage":{"@id":"https:\/\/idcserbia.org\/en\/training-for-volunteers-responding-to-a-humanitarian-crisis\/#primaryimage"},"image":{"@id":"https:\/\/idcserbia.org\/en\/training-for-volunteers-responding-to-a-humanitarian-crisis\/#primaryimage"},"thumbnailUrl":"https:\/\/idcserbia.org\/wp-content\/uploads\/2023\/02\/2022-10-06-8.png","datePublished":"2022-10-08T12:38:54+00:00","dateModified":"2023-02-01T10:43:06+00:00","author":{"@id":"https:\/\/idcserbia.org\/#\/schema\/person\/9aabc1ee6cfdc5d7234d97fe33b1ff45"},"breadcrumb":{"@id":"https:\/\/idcserbia.org\/en\/training-for-volunteers-responding-to-a-humanitarian-crisis\/#breadcrumb"},"inLanguage":"en-US","potentialAction":[{"@type":"ReadAction","target":["https:\/\/idcserbia.org\/en\/training-for-volunteers-responding-to-a-humanitarian-crisis\/"]}]},{"@type":"ImageObject","inLanguage":"en-US","@id":"https:\/\/idcserbia.org\/en\/training-for-volunteers-responding-to-a-humanitarian-crisis\/#primaryimage","url":"https:\/\/idcserbia.org\/wp-content\/uploads\/2023\/02\/2022-10-06-8.png","contentUrl":"https:\/\/idcserbia.org\/wp-content\/uploads\/2023\/02\/2022-10-06-8.png","width":1366,"height":768},{"@type":"BreadcrumbList","@id":"https:\/\/idcserbia.org\/en\/training-for-volunteers-responding-to-a-humanitarian-crisis\/#breadcrumb","itemListElement":[{"@type":"ListItem","position":1,"name":"Home","item":"https:\/\/idcserbia.org\/en\/"},{"@type":"ListItem","position":2,"name":"Training for volunteers &#8211; Responding to a humanitarian crisis"}]},{"@type":"WebSite","@id":"https:\/\/idcserbia.org\/#website","url":"https:\/\/idcserbia.org\/","name":"IDC Serbia","description":"Association of Citizens Initiative for Development and Cooperation\r\n","potentialAction":[{"@type":"SearchAction","target":{"@type":"EntryPoint","urlTemplate":"https:\/\/idcserbia.org\/?s={search_term_string}"},"query-input":{"@type":"PropertyValueSpecification","valueRequired":true,"valueName":"search_term_string"}}],"inLanguage":"en-US"},{"@type":"Person","@id":"https:\/\/idcserbia.org\/#\/schema\/person\/9aabc1ee6cfdc5d7234d97fe33b1ff45","name":"IDC Serbia","url":"https:\/\/idcserbia.org\/en\/author\/idc-serbia\/"}]}},"_links":{"self":[{"href":"https:\/\/idcserbia.org\/en\/wp-json\/wp\/v2\/posts\/6803","targetHints":{"allow":["GET"]}}],"collection":[{"href":"https:\/\/idcserbia.org\/en\/wp-json\/wp\/v2\/posts"}],"about":[{"href":"https:\/\/idcserbia.org\/en\/wp-json\/wp\/v2\/types\/post"}],"author":[{"embeddable":true,"href":"https:\/\/idcserbia.org\/en\/wp-json\/wp\/v2\/users\/2"}],"replies":[{"embeddable":true,"href":"https:\/\/idcserbia.org\/en\/wp-json\/wp\/v2\/comments?post=6803"}],"version-history":[{"count":1,"href":"https:\/\/idcserbia.org\/en\/wp-json\/wp\/v2\/posts\/6803\/revisions"}],"predecessor-version":[{"id":6805,"href":"https:\/\/idcserbia.org\/en\/wp-json\/wp\/v2\/posts\/6803\/revisions\/6805"}],"wp:featuredmedia":[{"embeddable":true,"href":"https:\/\/idcserbia.org\/en\/wp-json\/wp\/v2\/media\/6804"}],"wp:attachment":[{"href":"https:\/\/idcserbia.org\/en\/wp-json\/wp\/v2\/media?parent=6803"}],"wp:term":[{"taxonomy":"category","embeddable":true,"href":"https:\/\/idcserbia.org\/en\/wp-json\/wp\/v2\/categories?post=6803"},{"taxonomy":"post_tag","embeddable":true,"href":"https:\/\/idcserbia.org\/en\/wp-json\/wp\/v2\/tags?post=6803"}],"curies":[{"name":"wp","href":"https:\/\/api.w.org\/{rel}","templated":true}]}}