{"id":7541,"date":"2024-03-14T12:40:09","date_gmt":"2024-03-14T11:40:09","guid":{"rendered":"https:\/\/idcserbia.org\/en\/?p=7541"},"modified":"2024-03-14T12:40:09","modified_gmt":"2024-03-14T11:40:09","slug":"distribution-of-equipment-for-11-beneficiaries-with-self-employment-support-reintegrate-ii","status":"publish","type":"post","link":"https:\/\/idcserbia.org\/en\/distribution-of-equipment-for-11-beneficiaries-with-self-employment-support-reintegrate-ii\/","title":{"rendered":"Distribution of equipment for 11 beneficiaries with self-employment support &#8211; Reintegrate II"},"content":{"rendered":"<div id=\"s-share-buttons\" class=\"horizontal-w-c-circular s-share-w-c\"><a href=\"http:\/\/www.facebook.com\/sharer.php?u=https:\/\/idcserbia.org\/en\/distribution-of-equipment-for-11-beneficiaries-with-self-employment-support-reintegrate-ii\/\" target=\"_blank\" title=\"Share to Facebook\" class=\"s3-facebook hint--top\"><\/a><a href=\"http:\/\/twitter.com\/intent\/tweet?text=Distribution of equipment for 11 beneficiaries with self-employment support &#8211; Reintegrate II&url=https:\/\/idcserbia.org\/en\/distribution-of-equipment-for-11-beneficiaries-with-self-employment-support-reintegrate-ii\/\" target=\"_blank\"  title=\"Share to Twitter\" class=\"s3-twitter hint--top\"><\/a><a href=\"http:\/\/www.linkedin.com\/shareArticle?mini=true&url=https:\/\/idcserbia.org\/en\/distribution-of-equipment-for-11-beneficiaries-with-self-employment-support-reintegrate-ii\/\" target=\"_blank\" title=\"Share to LinkedIn\" class=\"s3-linkedin hint--top\"><\/a><a href=\"mailto:?Subject=Distribution%20of%20equipment%20for%2011%20beneficiaries%20with%20self-employment%20support%20&#8211;%20Reintegrate%20II&Body=Here%20is%20the%20link%20to%20the%20article:%20https:\/\/idcserbia.org\/en\/distribution-of-equipment-for-11-beneficiaries-with-self-employment-support-reintegrate-ii\/\" title=\"Email this article\" class=\"s3-email hint--top\"><\/a><\/div><h2>Distribution of equipment for 11 beneficiaries with self-employment support &#8211; Reintegrate II<\/h2>\n<p>In Novi Pazar, equipment was distributed to\u00a0<strong>11 beneficiaries<\/strong>\u00a0who, as part of the project \u201cReintegration II \u2013 further support for sustainable (re)integration of returnees in Serbia,\u201d received grants in the form of equipment worth up to\u00a0<strong>340,000 dinars per grant<\/strong>, in the second round of activities. In addition to grants as supporting for self-employment, beneficiaries also received mentorship and counseling to better perform their activities.<\/p>\n<p>The total value of support is over\u00a0<strong>3,500,000 dinars<\/strong>, and the supported activities include:<\/p>\n<ul>\n<li>Cosmetics \u2013 hairdressing salons<\/li>\n<li>Accounting agency<\/li>\n<li>Design studio and production of light clothing<\/li>\n<li>Wood chopping services, carpentry, and painting works<\/li>\n<li>Pastry shop, pizzeria, and fast food restaurant<\/li>\n<\/ul>\n<div class=\"video-container\"><iframe loading=\"lazy\" title=\"Posao za 11 korisnika u Novom Pazaru\" width=\"790\" height=\"444\" src=\"https:\/\/www.youtube.com\/embed\/VFP6yWHQI0E?feature=oembed\" frameborder=\"0\" allow=\"accelerometer; autoplay; clipboard-write; encrypted-media; gyroscope; picture-in-picture; web-share\" allowfullscreen><\/iframe><\/div>\n<p>Contributing to the development of these activities encourages diversity in service offerings within the community and contributes to economic growth. Investing in the local labor market is a key initiative aimed at supporting economic development and the social inclusion of hard-to-employ groups. Small grants like these are particularly important as they allow flexibility in fund usage, adapting to the specific needs of each beneficiary and contributing to a personalized approach to support, thereby increasing the chances of success in business.<\/p>\n<p>In the second round of activities, support was also provided to\u00a0<strong>20 beneficiaries<\/strong>\u00a0from harder-to-employ categories who are employed by\u00a0<strong>10 employers<\/strong>. The funds invested in this support through the provision of equipment, materials, and machinery to employers amount to just over <strong>10,700,000 dinars.<\/strong><\/p>\n<p><a href=\"https:\/\/idcserbia.org\/podela-opreme-za-11-korisnika-uz-podrsku-samozaposljavanju-reintegracija-ii\/viber_image_2024-03-13_12-54-26-441\/\" rel=\"attachment wp-att-7534\"><img loading=\"lazy\" decoding=\"async\" class=\"alignleft size-medium wp-image-7534\" src=\"https:\/\/idcserbia.org\/wp-content\/uploads\/2024\/03\/viber_image_2024-03-13_12-54-26-441-225x300.jpg\" alt=\"\" width=\"225\" height=\"300\" srcset=\"https:\/\/idcserbia.org\/wp-content\/uploads\/2024\/03\/viber_image_2024-03-13_12-54-26-441-225x300.jpg 225w, https:\/\/idcserbia.org\/wp-content\/uploads\/2024\/03\/viber_image_2024-03-13_12-54-26-441-768x1024.jpg 768w, https:\/\/idcserbia.org\/wp-content\/uploads\/2024\/03\/viber_image_2024-03-13_12-54-26-441-1152x1536.jpg 1152w, https:\/\/idcserbia.org\/wp-content\/uploads\/2024\/03\/viber_image_2024-03-13_12-54-26-441-200x267.jpg 200w, https:\/\/idcserbia.org\/wp-content\/uploads\/2024\/03\/viber_image_2024-03-13_12-54-26-441.jpg 1200w\" sizes=\"auto, (max-width: 225px) 100vw, 225px\" \/><\/a><a href=\"https:\/\/idcserbia.org\/podela-opreme-za-11-korisnika-uz-podrsku-samozaposljavanju-reintegracija-ii\/viber_image_2024-03-13_12-54-26-354\/\" rel=\"attachment wp-att-7535\"><img loading=\"lazy\" decoding=\"async\" class=\"alignleft size-medium wp-image-7535\" src=\"https:\/\/idcserbia.org\/wp-content\/uploads\/2024\/03\/viber_image_2024-03-13_12-54-26-354-225x300.jpg\" alt=\"\" width=\"225\" height=\"300\" srcset=\"https:\/\/idcserbia.org\/wp-content\/uploads\/2024\/03\/viber_image_2024-03-13_12-54-26-354-225x300.jpg 225w, https:\/\/idcserbia.org\/wp-content\/uploads\/2024\/03\/viber_image_2024-03-13_12-54-26-354-768x1024.jpg 768w, https:\/\/idcserbia.org\/wp-content\/uploads\/2024\/03\/viber_image_2024-03-13_12-54-26-354-1152x1536.jpg 1152w, https:\/\/idcserbia.org\/wp-content\/uploads\/2024\/03\/viber_image_2024-03-13_12-54-26-354-200x267.jpg 200w, https:\/\/idcserbia.org\/wp-content\/uploads\/2024\/03\/viber_image_2024-03-13_12-54-26-354.jpg 1200w\" sizes=\"auto, (max-width: 225px) 100vw, 225px\" \/><\/a><\/p>\n<p>&nbsp;<\/p>\n<p>&nbsp;<\/p>\n<p>&nbsp;<\/p>\n<p>&nbsp;<\/p>\n<p>&nbsp;<\/p>\n<p>&nbsp;<\/p>\n<p>&nbsp;<\/p>\n<p>&nbsp;<\/p>\n<p>It is worth noting that in the previous cycle of the project, a total of\u00a0<strong>22 unemployed<\/strong>\u00a0beneficiaries from hard-to-employ groups were employed by <strong>11 employers<\/strong>, with grants to employers for opening new job positions and business growth up to\u00a0<strong>440,000.00 dinars<\/strong>\u00a0per newly opened job position. Additionally,\u00a0<strong>12 agricultural producers<\/strong>\u00a0were supported in acquiring planting materials and equipment for raspberry production development, with a total investment of\u00a0<strong>13,105,000.00 dinars<\/strong>.<\/p>\n<p>The equipment was distributed by representatives of our organization <strong>IDC &#8211; Initiative for Development and Cooperation, director Miodrag Nedeljkovi\u0107 and project manager Igor Koj\u010di\u0107<\/strong>, which implements the REINTEGRATION II project aimed at supporting returnees and other socially vulnerable residents of the Ra\u0161ka district through measures of economic, psychosocial and institutional support. The awarding of the equipment was attended by the mayor of the city of Novi Pazar, <strong>Mr. Nihat Bi\u0161evac<\/strong>, representatives of the <strong>city of Novi Pazar<\/strong> and the Regional Development Agency <strong>SEDA<\/strong>.<\/p>\n<p>The project is led by the <strong>German organization ASB (Arbeiter-Samariter-Bund)<\/strong>, with the implementation partner <strong>Initiative for Development and Cooperation (IDC)<\/strong> from Belgrade, and the project\u2019s beneficiary districts are Pirot, Rasina, and Ra\u0161ka districts. The project is funded by the <strong>German Federal Ministry for Economic Cooperation and Development BMZ with the support and co-financing of the City of Novi Pazar.<\/strong><\/p>\n<p>Information about project activities, open calls, and more are available on the project\u2019s website <a href=\"https:\/\/reintegracija.net\/en\/home\/\">www.reintegration.net.<\/a><\/p>\n","protected":false},"excerpt":{"rendered":"<p>Distribution of equipment for 11 beneficiaries with self-employment support &#8211; Reintegrate II In Novi Pazar, equipment was distributed to\u00a011 beneficiaries\u00a0who, as part of the project \u201cReintegration II \u2013 further support for sustainable (re)integration of returnees in Serbia,\u201d received grants in the form of equipment worth up to\u00a0340,000 dinars per grant, in the second round of [&hellip;]<\/p>\n","protected":false},"author":2,"featured_media":7537,"comment_status":"closed","ping_status":"closed","sticky":false,"template":"","format":"standard","meta":{"footnotes":""},"categories":[163],"tags":[902,242,179],"class_list":["post-7541","post","type-post","status-publish","format-standard","has-post-thumbnail","hentry","category-aktuelno-en","tag-beneficiars","tag-selfemployment","tag-serbia"],"yoast_head":"<!-- This site is optimized with the Yoast SEO plugin v27.4 - https:\/\/yoast.com\/product\/yoast-seo-wordpress\/ -->\n<title>Distribution of equipment for 11 beneficiaries with self-employment support - Reintegrate II - IDC Serbia<\/title>\n<meta name=\"description\" content=\"Distribution of equipment for 11 beneficiaries with self-employment support - Reintegrate II\" \/>\n<meta name=\"robots\" content=\"index, follow, max-snippet:-1, max-image-preview:large, max-video-preview:-1\" \/>\n<link rel=\"canonical\" href=\"https:\/\/idcserbia.org\/en\/distribution-of-equipment-for-11-beneficiaries-with-self-employment-support-reintegrate-ii\/\" \/>\n<meta property=\"og:locale\" content=\"en_US\" \/>\n<meta property=\"og:type\" content=\"article\" \/>\n<meta property=\"og:title\" content=\"Distribution of equipment for 11 beneficiaries with self-employment support - Reintegrate II - IDC Serbia\" \/>\n<meta property=\"og:description\" content=\"Distribution of equipment for 11 beneficiaries with self-employment support - Reintegrate II\" \/>\n<meta property=\"og:url\" content=\"https:\/\/idcserbia.org\/en\/distribution-of-equipment-for-11-beneficiaries-with-self-employment-support-reintegrate-ii\/\" \/>\n<meta property=\"og:site_name\" content=\"IDC Serbia\" \/>\n<meta property=\"article:publisher\" content=\"https:\/\/www.facebook.com\/idc.serbia\" \/>\n<meta property=\"article:published_time\" content=\"2024-03-14T11:40:09+00:00\" \/>\n<meta property=\"og:image\" content=\"https:\/\/idcserbia.org\/wp-content\/uploads\/2024\/03\/viber_image_2024-03-13_12-54-26-258.jpg\" \/>\n\t<meta property=\"og:image:width\" content=\"1200\" \/>\n\t<meta property=\"og:image:height\" content=\"1600\" \/>\n\t<meta property=\"og:image:type\" content=\"image\/jpeg\" \/>\n<meta name=\"author\" content=\"IDC Serbia\" \/>\n<meta name=\"twitter:card\" content=\"summary_large_image\" \/>\n<meta name=\"twitter:creator\" content=\"@IDCSERBIA\" \/>\n<meta name=\"twitter:site\" content=\"@IDCSERBIA\" \/>\n<meta name=\"twitter:label1\" content=\"Written by\" \/>\n\t<meta name=\"twitter:data1\" content=\"IDC Serbia\" \/>\n\t<meta name=\"twitter:label2\" content=\"Est. reading time\" \/>\n\t<meta name=\"twitter:data2\" content=\"2 minutes\" \/>\n<script type=\"application\/ld+json\" class=\"yoast-schema-graph\">{\"@context\":\"https:\\\/\\\/schema.org\",\"@graph\":[{\"@type\":\"Article\",\"@id\":\"https:\\\/\\\/idcserbia.org\\\/en\\\/distribution-of-equipment-for-11-beneficiaries-with-self-employment-support-reintegrate-ii\\\/#article\",\"isPartOf\":{\"@id\":\"https:\\\/\\\/idcserbia.org\\\/en\\\/distribution-of-equipment-for-11-beneficiaries-with-self-employment-support-reintegrate-ii\\\/\"},\"author\":{\"name\":\"IDC Serbia\",\"@id\":\"https:\\\/\\\/idcserbia.org\\\/#\\\/schema\\\/person\\\/9aabc1ee6cfdc5d7234d97fe33b1ff45\"},\"headline\":\"Distribution of equipment for 11 beneficiaries with self-employment support &#8211; Reintegrate II\",\"datePublished\":\"2024-03-14T11:40:09+00:00\",\"mainEntityOfPage\":{\"@id\":\"https:\\\/\\\/idcserbia.org\\\/en\\\/distribution-of-equipment-for-11-beneficiaries-with-self-employment-support-reintegrate-ii\\\/\"},\"wordCount\":495,\"image\":{\"@id\":\"https:\\\/\\\/idcserbia.org\\\/en\\\/distribution-of-equipment-for-11-beneficiaries-with-self-employment-support-reintegrate-ii\\\/#primaryimage\"},\"thumbnailUrl\":\"https:\\\/\\\/idcserbia.org\\\/wp-content\\\/uploads\\\/2024\\\/03\\\/viber_image_2024-03-13_12-54-26-258.jpg\",\"keywords\":[\"beneficiars\",\"selfemployment\",\"serbia\"],\"articleSection\":[\"Actual\"],\"inLanguage\":\"en-US\"},{\"@type\":\"WebPage\",\"@id\":\"https:\\\/\\\/idcserbia.org\\\/en\\\/distribution-of-equipment-for-11-beneficiaries-with-self-employment-support-reintegrate-ii\\\/\",\"url\":\"https:\\\/\\\/idcserbia.org\\\/en\\\/distribution-of-equipment-for-11-beneficiaries-with-self-employment-support-reintegrate-ii\\\/\",\"name\":\"Distribution of equipment for 11 beneficiaries with self-employment support - Reintegrate II - IDC Serbia\",\"isPartOf\":{\"@id\":\"https:\\\/\\\/idcserbia.org\\\/#website\"},\"primaryImageOfPage\":{\"@id\":\"https:\\\/\\\/idcserbia.org\\\/en\\\/distribution-of-equipment-for-11-beneficiaries-with-self-employment-support-reintegrate-ii\\\/#primaryimage\"},\"image\":{\"@id\":\"https:\\\/\\\/idcserbia.org\\\/en\\\/distribution-of-equipment-for-11-beneficiaries-with-self-employment-support-reintegrate-ii\\\/#primaryimage\"},\"thumbnailUrl\":\"https:\\\/\\\/idcserbia.org\\\/wp-content\\\/uploads\\\/2024\\\/03\\\/viber_image_2024-03-13_12-54-26-258.jpg\",\"datePublished\":\"2024-03-14T11:40:09+00:00\",\"author\":{\"@id\":\"https:\\\/\\\/idcserbia.org\\\/#\\\/schema\\\/person\\\/9aabc1ee6cfdc5d7234d97fe33b1ff45\"},\"description\":\"Distribution of equipment for 11 beneficiaries with self-employment support - Reintegrate II\",\"breadcrumb\":{\"@id\":\"https:\\\/\\\/idcserbia.org\\\/en\\\/distribution-of-equipment-for-11-beneficiaries-with-self-employment-support-reintegrate-ii\\\/#breadcrumb\"},\"inLanguage\":\"en-US\",\"potentialAction\":[{\"@type\":\"ReadAction\",\"target\":[\"https:\\\/\\\/idcserbia.org\\\/en\\\/distribution-of-equipment-for-11-beneficiaries-with-self-employment-support-reintegrate-ii\\\/\"]}]},{\"@type\":\"ImageObject\",\"inLanguage\":\"en-US\",\"@id\":\"https:\\\/\\\/idcserbia.org\\\/en\\\/distribution-of-equipment-for-11-beneficiaries-with-self-employment-support-reintegrate-ii\\\/#primaryimage\",\"url\":\"https:\\\/\\\/idcserbia.org\\\/wp-content\\\/uploads\\\/2024\\\/03\\\/viber_image_2024-03-13_12-54-26-258.jpg\",\"contentUrl\":\"https:\\\/\\\/idcserbia.org\\\/wp-content\\\/uploads\\\/2024\\\/03\\\/viber_image_2024-03-13_12-54-26-258.jpg\",\"width\":1200,\"height\":1600},{\"@type\":\"BreadcrumbList\",\"@id\":\"https:\\\/\\\/idcserbia.org\\\/en\\\/distribution-of-equipment-for-11-beneficiaries-with-self-employment-support-reintegrate-ii\\\/#breadcrumb\",\"itemListElement\":[{\"@type\":\"ListItem\",\"position\":1,\"name\":\"Home\",\"item\":\"https:\\\/\\\/idcserbia.org\\\/en\\\/\"},{\"@type\":\"ListItem\",\"position\":2,\"name\":\"Distribution of equipment for 11 beneficiaries with self-employment support &#8211; Reintegrate II\"}]},{\"@type\":\"WebSite\",\"@id\":\"https:\\\/\\\/idcserbia.org\\\/#website\",\"url\":\"https:\\\/\\\/idcserbia.org\\\/\",\"name\":\"IDC Serbia\",\"description\":\"Association of Citizens Initiative for Development and Cooperation\\r\\n\",\"potentialAction\":[{\"@type\":\"SearchAction\",\"target\":{\"@type\":\"EntryPoint\",\"urlTemplate\":\"https:\\\/\\\/idcserbia.org\\\/?s={search_term_string}\"},\"query-input\":{\"@type\":\"PropertyValueSpecification\",\"valueRequired\":true,\"valueName\":\"search_term_string\"}}],\"inLanguage\":\"en-US\"},{\"@type\":\"Person\",\"@id\":\"https:\\\/\\\/idcserbia.org\\\/#\\\/schema\\\/person\\\/9aabc1ee6cfdc5d7234d97fe33b1ff45\",\"name\":\"IDC Serbia\",\"url\":\"https:\\\/\\\/idcserbia.org\\\/en\\\/author\\\/idc-serbia\\\/\"}]}<\/script>\n<!-- \/ Yoast SEO plugin. -->","yoast_head_json":{"title":"Distribution of equipment for 11 beneficiaries with self-employment support - Reintegrate II - IDC Serbia","description":"Distribution of equipment for 11 beneficiaries with self-employment support - Reintegrate II","robots":{"index":"index","follow":"follow","max-snippet":"max-snippet:-1","max-image-preview":"max-image-preview:large","max-video-preview":"max-video-preview:-1"},"canonical":"https:\/\/idcserbia.org\/en\/distribution-of-equipment-for-11-beneficiaries-with-self-employment-support-reintegrate-ii\/","og_locale":"en_US","og_type":"article","og_title":"Distribution of equipment for 11 beneficiaries with self-employment support - Reintegrate II - IDC Serbia","og_description":"Distribution of equipment for 11 beneficiaries with self-employment support - Reintegrate II","og_url":"https:\/\/idcserbia.org\/en\/distribution-of-equipment-for-11-beneficiaries-with-self-employment-support-reintegrate-ii\/","og_site_name":"IDC Serbia","article_publisher":"https:\/\/www.facebook.com\/idc.serbia","article_published_time":"2024-03-14T11:40:09+00:00","og_image":[{"width":1200,"height":1600,"url":"https:\/\/idcserbia.org\/wp-content\/uploads\/2024\/03\/viber_image_2024-03-13_12-54-26-258.jpg","type":"image\/jpeg"}],"author":"IDC Serbia","twitter_card":"summary_large_image","twitter_creator":"@IDCSERBIA","twitter_site":"@IDCSERBIA","twitter_misc":{"Written by":"IDC Serbia","Est. reading time":"2 minutes"},"schema":{"@context":"https:\/\/schema.org","@graph":[{"@type":"Article","@id":"https:\/\/idcserbia.org\/en\/distribution-of-equipment-for-11-beneficiaries-with-self-employment-support-reintegrate-ii\/#article","isPartOf":{"@id":"https:\/\/idcserbia.org\/en\/distribution-of-equipment-for-11-beneficiaries-with-self-employment-support-reintegrate-ii\/"},"author":{"name":"IDC Serbia","@id":"https:\/\/idcserbia.org\/#\/schema\/person\/9aabc1ee6cfdc5d7234d97fe33b1ff45"},"headline":"Distribution of equipment for 11 beneficiaries with self-employment support &#8211; Reintegrate II","datePublished":"2024-03-14T11:40:09+00:00","mainEntityOfPage":{"@id":"https:\/\/idcserbia.org\/en\/distribution-of-equipment-for-11-beneficiaries-with-self-employment-support-reintegrate-ii\/"},"wordCount":495,"image":{"@id":"https:\/\/idcserbia.org\/en\/distribution-of-equipment-for-11-beneficiaries-with-self-employment-support-reintegrate-ii\/#primaryimage"},"thumbnailUrl":"https:\/\/idcserbia.org\/wp-content\/uploads\/2024\/03\/viber_image_2024-03-13_12-54-26-258.jpg","keywords":["beneficiars","selfemployment","serbia"],"articleSection":["Actual"],"inLanguage":"en-US"},{"@type":"WebPage","@id":"https:\/\/idcserbia.org\/en\/distribution-of-equipment-for-11-beneficiaries-with-self-employment-support-reintegrate-ii\/","url":"https:\/\/idcserbia.org\/en\/distribution-of-equipment-for-11-beneficiaries-with-self-employment-support-reintegrate-ii\/","name":"Distribution of equipment for 11 beneficiaries with self-employment support - Reintegrate II - IDC Serbia","isPartOf":{"@id":"https:\/\/idcserbia.org\/#website"},"primaryImageOfPage":{"@id":"https:\/\/idcserbia.org\/en\/distribution-of-equipment-for-11-beneficiaries-with-self-employment-support-reintegrate-ii\/#primaryimage"},"image":{"@id":"https:\/\/idcserbia.org\/en\/distribution-of-equipment-for-11-beneficiaries-with-self-employment-support-reintegrate-ii\/#primaryimage"},"thumbnailUrl":"https:\/\/idcserbia.org\/wp-content\/uploads\/2024\/03\/viber_image_2024-03-13_12-54-26-258.jpg","datePublished":"2024-03-14T11:40:09+00:00","author":{"@id":"https:\/\/idcserbia.org\/#\/schema\/person\/9aabc1ee6cfdc5d7234d97fe33b1ff45"},"description":"Distribution of equipment for 11 beneficiaries with self-employment support - Reintegrate II","breadcrumb":{"@id":"https:\/\/idcserbia.org\/en\/distribution-of-equipment-for-11-beneficiaries-with-self-employment-support-reintegrate-ii\/#breadcrumb"},"inLanguage":"en-US","potentialAction":[{"@type":"ReadAction","target":["https:\/\/idcserbia.org\/en\/distribution-of-equipment-for-11-beneficiaries-with-self-employment-support-reintegrate-ii\/"]}]},{"@type":"ImageObject","inLanguage":"en-US","@id":"https:\/\/idcserbia.org\/en\/distribution-of-equipment-for-11-beneficiaries-with-self-employment-support-reintegrate-ii\/#primaryimage","url":"https:\/\/idcserbia.org\/wp-content\/uploads\/2024\/03\/viber_image_2024-03-13_12-54-26-258.jpg","contentUrl":"https:\/\/idcserbia.org\/wp-content\/uploads\/2024\/03\/viber_image_2024-03-13_12-54-26-258.jpg","width":1200,"height":1600},{"@type":"BreadcrumbList","@id":"https:\/\/idcserbia.org\/en\/distribution-of-equipment-for-11-beneficiaries-with-self-employment-support-reintegrate-ii\/#breadcrumb","itemListElement":[{"@type":"ListItem","position":1,"name":"Home","item":"https:\/\/idcserbia.org\/en\/"},{"@type":"ListItem","position":2,"name":"Distribution of equipment for 11 beneficiaries with self-employment support &#8211; Reintegrate II"}]},{"@type":"WebSite","@id":"https:\/\/idcserbia.org\/#website","url":"https:\/\/idcserbia.org\/","name":"IDC Serbia","description":"Association of Citizens Initiative for Development and Cooperation\r\n","potentialAction":[{"@type":"SearchAction","target":{"@type":"EntryPoint","urlTemplate":"https:\/\/idcserbia.org\/?s={search_term_string}"},"query-input":{"@type":"PropertyValueSpecification","valueRequired":true,"valueName":"search_term_string"}}],"inLanguage":"en-US"},{"@type":"Person","@id":"https:\/\/idcserbia.org\/#\/schema\/person\/9aabc1ee6cfdc5d7234d97fe33b1ff45","name":"IDC Serbia","url":"https:\/\/idcserbia.org\/en\/author\/idc-serbia\/"}]}},"_links":{"self":[{"href":"https:\/\/idcserbia.org\/en\/wp-json\/wp\/v2\/posts\/7541","targetHints":{"allow":["GET"]}}],"collection":[{"href":"https:\/\/idcserbia.org\/en\/wp-json\/wp\/v2\/posts"}],"about":[{"href":"https:\/\/idcserbia.org\/en\/wp-json\/wp\/v2\/types\/post"}],"author":[{"embeddable":true,"href":"https:\/\/idcserbia.org\/en\/wp-json\/wp\/v2\/users\/2"}],"replies":[{"embeddable":true,"href":"https:\/\/idcserbia.org\/en\/wp-json\/wp\/v2\/comments?post=7541"}],"version-history":[{"count":1,"href":"https:\/\/idcserbia.org\/en\/wp-json\/wp\/v2\/posts\/7541\/revisions"}],"predecessor-version":[{"id":7542,"href":"https:\/\/idcserbia.org\/en\/wp-json\/wp\/v2\/posts\/7541\/revisions\/7542"}],"wp:featuredmedia":[{"embeddable":true,"href":"https:\/\/idcserbia.org\/en\/wp-json\/wp\/v2\/media\/7537"}],"wp:attachment":[{"href":"https:\/\/idcserbia.org\/en\/wp-json\/wp\/v2\/media?parent=7541"}],"wp:term":[{"taxonomy":"category","embeddable":true,"href":"https:\/\/idcserbia.org\/en\/wp-json\/wp\/v2\/categories?post=7541"},{"taxonomy":"post_tag","embeddable":true,"href":"https:\/\/idcserbia.org\/en\/wp-json\/wp\/v2\/tags?post=7541"}],"curies":[{"name":"wp","href":"https:\/\/api.w.org\/{rel}","templated":true}]}}