{"id":7627,"date":"2024-05-20T16:22:17","date_gmt":"2024-05-20T14:22:17","guid":{"rendered":"https:\/\/idcserbia.org\/en\/?p=7627"},"modified":"2024-05-29T16:28:22","modified_gmt":"2024-05-29T14:28:22","slug":"erasmus-exchange-design-thinking-for-local-advocacy","status":"publish","type":"post","link":"https:\/\/idcserbia.org\/en\/erasmus-exchange-design-thinking-for-local-advocacy\/","title":{"rendered":"Erasmus+ Exchange ,,Design Thinking for local advocacy&#8221;"},"content":{"rendered":"<div id=\"s-share-buttons\" class=\"horizontal-w-c-circular s-share-w-c\"><a href=\"http:\/\/www.facebook.com\/sharer.php?u=https:\/\/idcserbia.org\/en\/erasmus-exchange-design-thinking-for-local-advocacy\/\" target=\"_blank\" title=\"Share to Facebook\" class=\"s3-facebook hint--top\"><\/a><a href=\"http:\/\/twitter.com\/intent\/tweet?text=Erasmus+ Exchange ,,Design Thinking for local advocacy&#8221;&url=https:\/\/idcserbia.org\/en\/erasmus-exchange-design-thinking-for-local-advocacy\/\" target=\"_blank\"  title=\"Share to Twitter\" class=\"s3-twitter hint--top\"><\/a><a href=\"http:\/\/www.linkedin.com\/shareArticle?mini=true&url=https:\/\/idcserbia.org\/en\/erasmus-exchange-design-thinking-for-local-advocacy\/\" target=\"_blank\" title=\"Share to LinkedIn\" class=\"s3-linkedin hint--top\"><\/a><a href=\"mailto:?Subject=Erasmus+%20Exchange%20,,Design%20Thinking%20for%20local%20advocacy&#8221;&Body=Here%20is%20the%20link%20to%20the%20article:%20https:\/\/idcserbia.org\/en\/erasmus-exchange-design-thinking-for-local-advocacy\/\" title=\"Email this article\" class=\"s3-email hint--top\"><\/a><\/div><h1>Erasmus+ Exchange ,,Design Thinking for local advocacy&#8221;<\/h1>\n<p>&nbsp;<\/p>\n<p><strong>The training on &#8220;Design Thinking in local advocacy&#8221; was held in Busteni, Romania and lasted from May 10, 2024. until 19.05.2024.<\/strong> The training was attended by 22 participants from different European countries, as well as three trainers. The training was organized within the Erasmus+ program, and the coordinator was the organization A.R.T Fusion from Europe.<\/p>\n<p>The goal of this training course was to provide insights into design thinking strategies and local advocacy skills that can be used in shaping relationships between civil society, public institutions and other actors. Also the improvement of professional skills and the exchange of experiences in working with young people and their initiatives through various types of activities such as workshops, presentations, games&#8230;<\/p>\n<p><a href=\"https:\/\/idcserbia.org\/erasmus-razmena-design-thinking-for-local-advocacy\/1-22\/\" rel=\"attachment wp-att-7622\"><img loading=\"lazy\" decoding=\"async\" class=\"alignleft  wp-image-7622\" src=\"https:\/\/idcserbia.org\/wp-content\/uploads\/2024\/05\/1-225x300.jpeg\" alt=\"\" width=\"273\" height=\"364\" srcset=\"https:\/\/idcserbia.org\/wp-content\/uploads\/2024\/05\/1-225x300.jpeg 225w, https:\/\/idcserbia.org\/wp-content\/uploads\/2024\/05\/1-768x1023.jpeg 768w, https:\/\/idcserbia.org\/wp-content\/uploads\/2024\/05\/1-1153x1536.jpeg 1153w, https:\/\/idcserbia.org\/wp-content\/uploads\/2024\/05\/1-1537x2048.jpeg 1537w, https:\/\/idcserbia.org\/wp-content\/uploads\/2024\/05\/1-200x267.jpeg 200w, https:\/\/idcserbia.org\/wp-content\/uploads\/2024\/05\/1.jpeg 1816w\" sizes=\"auto, (max-width: 273px) 100vw, 273px\" \/><\/a><a href=\"https:\/\/idcserbia.org\/erasmus-razmena-design-thinking-for-local-advocacy\/2-21\/\" rel=\"attachment wp-att-7623\"><img loading=\"lazy\" decoding=\"async\" class=\"alignleft  wp-image-7623\" src=\"https:\/\/idcserbia.org\/wp-content\/uploads\/2024\/05\/2-225x300.jpeg\" alt=\"\" width=\"272\" height=\"363\" srcset=\"https:\/\/idcserbia.org\/wp-content\/uploads\/2024\/05\/2-225x300.jpeg 225w, https:\/\/idcserbia.org\/wp-content\/uploads\/2024\/05\/2-768x1023.jpeg 768w, https:\/\/idcserbia.org\/wp-content\/uploads\/2024\/05\/2-1153x1536.jpeg 1153w, https:\/\/idcserbia.org\/wp-content\/uploads\/2024\/05\/2-1537x2048.jpeg 1537w, https:\/\/idcserbia.org\/wp-content\/uploads\/2024\/05\/2-200x267.jpeg 200w, https:\/\/idcserbia.org\/wp-content\/uploads\/2024\/05\/2.jpeg 1816w\" sizes=\"auto, (max-width: 272px) 100vw, 272px\" \/><\/a><\/p>\n<p>&nbsp;<\/p>\n<p>&nbsp;<\/p>\n<p>&nbsp;<\/p>\n<p>&nbsp;<\/p>\n<p>&nbsp;<\/p>\n<p>&nbsp;<\/p>\n<p>&nbsp;<\/p>\n<p>&nbsp;<\/p>\n<p>&nbsp;<\/p>\n<p>IDC was represented at this program by Filip Mi\u0107i\u0107 and Amer Muratovi\u0107, who are involved in work with young people, especially from vulnerable social groups. They shared their impressions of the program:<\/p>\n<p><em>&#8220;I am delighted, really delighted. The whole training exceeded my expectations. From fantastic educators who always had useful and meaningful suggestions and ideas, to the knowledge they passed on to us in a creative way. Also, other participants, although of different ages and cultural backgrounds, sharing their ideas and experiences significantly enriched the entire learning process. I think that through this process I gained lifelong friendships and gained broad knowledge about the design thinking method in local activism and advocacy, which I will definitely try to apply in my future work.&#8221;<\/em> &#8211; Filip Mi\u0107i\u0107<\/p>\n<p><em>&#8220;As for my experience, it was very interesting. We got along great as a group and had good communication with the coaches. We learned a lot of useful things in a practical way and through interesting activities. One of those was the presentation of the project to local authorities where we worked on creating an application that would help people communicate more easily with doctors through voice messages in order to quickly tell them how to react or reach them. Also, we had an international day where we represented our countries, national products and through that had the opportunity to get to know different cultures. All these activities contributed to me gaining friendships and knowledge that will certainly mean a lot to me in my further work with young people and in my further training.&#8221;<\/em> &#8211; Amer Muratovi\u0107<\/p>\n","protected":false},"excerpt":{"rendered":"<p>Erasmus+ Exchange ,,Design Thinking for local advocacy&#8221; &nbsp; The training on &#8220;Design Thinking in local advocacy&#8221; was held in Busteni, Romania and lasted from May 10, 2024. until 19.05.2024. The training was attended by 22 participants from different European countries, as well as three trainers. The training was organized within the Erasmus+ program, and the [&hellip;]<\/p>\n","protected":false},"author":2,"featured_media":7624,"comment_status":"closed","ping_status":"closed","sticky":false,"template":"","format":"standard","meta":{"footnotes":""},"categories":[163],"tags":[591,452,449],"class_list":["post-7627","post","type-post","status-publish","format-standard","has-post-thumbnail","hentry","category-aktuelno-en","tag-erasmus-en","tag-exchange","tag-youth-workers"],"yoast_head":"<!-- This site is optimized with the Yoast SEO plugin v27.4 - https:\/\/yoast.com\/product\/yoast-seo-wordpress\/ -->\n<title>Erasmus+ Exchange ,,Design Thinking for local advocacy&quot; - IDC Serbia<\/title>\n<meta name=\"description\" content=\"The training on &quot;Design Thinking in local advocacy&quot; was held in Bustena, Romania and lasted from May 10, 2024. until 19.05.2024.\" \/>\n<meta name=\"robots\" content=\"index, follow, max-snippet:-1, max-image-preview:large, max-video-preview:-1\" \/>\n<link rel=\"canonical\" href=\"https:\/\/idcserbia.org\/en\/erasmus-exchange-design-thinking-for-local-advocacy\/\" \/>\n<meta property=\"og:locale\" content=\"en_US\" \/>\n<meta property=\"og:type\" content=\"article\" \/>\n<meta property=\"og:title\" content=\"Erasmus+ Exchange ,,Design Thinking for local advocacy&quot; - IDC Serbia\" \/>\n<meta property=\"og:description\" content=\"The training on &quot;Design Thinking in local advocacy&quot; was held in Bustena, Romania and lasted from May 10, 2024. until 19.05.2024.\" \/>\n<meta property=\"og:url\" content=\"https:\/\/idcserbia.org\/en\/erasmus-exchange-design-thinking-for-local-advocacy\/\" \/>\n<meta property=\"og:site_name\" content=\"IDC Serbia\" \/>\n<meta property=\"article:publisher\" content=\"https:\/\/www.facebook.com\/idc.serbia\" \/>\n<meta property=\"article:published_time\" content=\"2024-05-20T14:22:17+00:00\" \/>\n<meta property=\"article:modified_time\" content=\"2024-05-29T14:28:22+00:00\" \/>\n<meta property=\"og:image\" content=\"https:\/\/idcserbia.org\/wp-content\/uploads\/2024\/05\/naslovna.jpeg\" \/>\n\t<meta property=\"og:image:width\" content=\"828\" \/>\n\t<meta property=\"og:image:height\" content=\"972\" \/>\n\t<meta property=\"og:image:type\" content=\"image\/jpeg\" \/>\n<meta name=\"author\" content=\"IDC Serbia\" \/>\n<meta name=\"twitter:card\" content=\"summary_large_image\" \/>\n<meta name=\"twitter:creator\" content=\"@IDCSERBIA\" \/>\n<meta name=\"twitter:site\" content=\"@IDCSERBIA\" \/>\n<meta name=\"twitter:label1\" content=\"Written by\" \/>\n\t<meta name=\"twitter:data1\" content=\"IDC Serbia\" \/>\n\t<meta name=\"twitter:label2\" content=\"Est. reading time\" \/>\n\t<meta name=\"twitter:data2\" content=\"2 minutes\" \/>\n<script type=\"application\/ld+json\" class=\"yoast-schema-graph\">{\"@context\":\"https:\\\/\\\/schema.org\",\"@graph\":[{\"@type\":\"Article\",\"@id\":\"https:\\\/\\\/idcserbia.org\\\/en\\\/erasmus-exchange-design-thinking-for-local-advocacy\\\/#article\",\"isPartOf\":{\"@id\":\"https:\\\/\\\/idcserbia.org\\\/en\\\/erasmus-exchange-design-thinking-for-local-advocacy\\\/\"},\"author\":{\"name\":\"IDC Serbia\",\"@id\":\"https:\\\/\\\/idcserbia.org\\\/#\\\/schema\\\/person\\\/9aabc1ee6cfdc5d7234d97fe33b1ff45\"},\"headline\":\"Erasmus+ Exchange ,,Design Thinking for local advocacy&#8221;\",\"datePublished\":\"2024-05-20T14:22:17+00:00\",\"dateModified\":\"2024-05-29T14:28:22+00:00\",\"mainEntityOfPage\":{\"@id\":\"https:\\\/\\\/idcserbia.org\\\/en\\\/erasmus-exchange-design-thinking-for-local-advocacy\\\/\"},\"wordCount\":405,\"image\":{\"@id\":\"https:\\\/\\\/idcserbia.org\\\/en\\\/erasmus-exchange-design-thinking-for-local-advocacy\\\/#primaryimage\"},\"thumbnailUrl\":\"https:\\\/\\\/idcserbia.org\\\/wp-content\\\/uploads\\\/2024\\\/05\\\/naslovna.jpeg\",\"keywords\":[\"erasmus\",\"exchange\",\"youth workers\"],\"articleSection\":[\"Actual\"],\"inLanguage\":\"en-US\"},{\"@type\":\"WebPage\",\"@id\":\"https:\\\/\\\/idcserbia.org\\\/en\\\/erasmus-exchange-design-thinking-for-local-advocacy\\\/\",\"url\":\"https:\\\/\\\/idcserbia.org\\\/en\\\/erasmus-exchange-design-thinking-for-local-advocacy\\\/\",\"name\":\"Erasmus+ Exchange ,,Design Thinking for local advocacy\\\" - IDC Serbia\",\"isPartOf\":{\"@id\":\"https:\\\/\\\/idcserbia.org\\\/#website\"},\"primaryImageOfPage\":{\"@id\":\"https:\\\/\\\/idcserbia.org\\\/en\\\/erasmus-exchange-design-thinking-for-local-advocacy\\\/#primaryimage\"},\"image\":{\"@id\":\"https:\\\/\\\/idcserbia.org\\\/en\\\/erasmus-exchange-design-thinking-for-local-advocacy\\\/#primaryimage\"},\"thumbnailUrl\":\"https:\\\/\\\/idcserbia.org\\\/wp-content\\\/uploads\\\/2024\\\/05\\\/naslovna.jpeg\",\"datePublished\":\"2024-05-20T14:22:17+00:00\",\"dateModified\":\"2024-05-29T14:28:22+00:00\",\"author\":{\"@id\":\"https:\\\/\\\/idcserbia.org\\\/#\\\/schema\\\/person\\\/9aabc1ee6cfdc5d7234d97fe33b1ff45\"},\"description\":\"The training on \\\"Design Thinking in local advocacy\\\" was held in Bustena, Romania and lasted from May 10, 2024. until 19.05.2024.\",\"breadcrumb\":{\"@id\":\"https:\\\/\\\/idcserbia.org\\\/en\\\/erasmus-exchange-design-thinking-for-local-advocacy\\\/#breadcrumb\"},\"inLanguage\":\"en-US\",\"potentialAction\":[{\"@type\":\"ReadAction\",\"target\":[\"https:\\\/\\\/idcserbia.org\\\/en\\\/erasmus-exchange-design-thinking-for-local-advocacy\\\/\"]}]},{\"@type\":\"ImageObject\",\"inLanguage\":\"en-US\",\"@id\":\"https:\\\/\\\/idcserbia.org\\\/en\\\/erasmus-exchange-design-thinking-for-local-advocacy\\\/#primaryimage\",\"url\":\"https:\\\/\\\/idcserbia.org\\\/wp-content\\\/uploads\\\/2024\\\/05\\\/naslovna.jpeg\",\"contentUrl\":\"https:\\\/\\\/idcserbia.org\\\/wp-content\\\/uploads\\\/2024\\\/05\\\/naslovna.jpeg\",\"width\":828,\"height\":972},{\"@type\":\"BreadcrumbList\",\"@id\":\"https:\\\/\\\/idcserbia.org\\\/en\\\/erasmus-exchange-design-thinking-for-local-advocacy\\\/#breadcrumb\",\"itemListElement\":[{\"@type\":\"ListItem\",\"position\":1,\"name\":\"Home\",\"item\":\"https:\\\/\\\/idcserbia.org\\\/en\\\/\"},{\"@type\":\"ListItem\",\"position\":2,\"name\":\"Erasmus+ Exchange ,,Design Thinking for local advocacy&#8221;\"}]},{\"@type\":\"WebSite\",\"@id\":\"https:\\\/\\\/idcserbia.org\\\/#website\",\"url\":\"https:\\\/\\\/idcserbia.org\\\/\",\"name\":\"IDC Serbia\",\"description\":\"Association of Citizens Initiative for Development and Cooperation\\r\\n\",\"potentialAction\":[{\"@type\":\"SearchAction\",\"target\":{\"@type\":\"EntryPoint\",\"urlTemplate\":\"https:\\\/\\\/idcserbia.org\\\/?s={search_term_string}\"},\"query-input\":{\"@type\":\"PropertyValueSpecification\",\"valueRequired\":true,\"valueName\":\"search_term_string\"}}],\"inLanguage\":\"en-US\"},{\"@type\":\"Person\",\"@id\":\"https:\\\/\\\/idcserbia.org\\\/#\\\/schema\\\/person\\\/9aabc1ee6cfdc5d7234d97fe33b1ff45\",\"name\":\"IDC Serbia\",\"url\":\"https:\\\/\\\/idcserbia.org\\\/en\\\/author\\\/idc-serbia\\\/\"}]}<\/script>\n<!-- \/ Yoast SEO plugin. -->","yoast_head_json":{"title":"Erasmus+ Exchange ,,Design Thinking for local advocacy\" - IDC Serbia","description":"The training on \"Design Thinking in local advocacy\" was held in Bustena, Romania and lasted from May 10, 2024. until 19.05.2024.","robots":{"index":"index","follow":"follow","max-snippet":"max-snippet:-1","max-image-preview":"max-image-preview:large","max-video-preview":"max-video-preview:-1"},"canonical":"https:\/\/idcserbia.org\/en\/erasmus-exchange-design-thinking-for-local-advocacy\/","og_locale":"en_US","og_type":"article","og_title":"Erasmus+ Exchange ,,Design Thinking for local advocacy\" - IDC Serbia","og_description":"The training on \"Design Thinking in local advocacy\" was held in Bustena, Romania and lasted from May 10, 2024. until 19.05.2024.","og_url":"https:\/\/idcserbia.org\/en\/erasmus-exchange-design-thinking-for-local-advocacy\/","og_site_name":"IDC Serbia","article_publisher":"https:\/\/www.facebook.com\/idc.serbia","article_published_time":"2024-05-20T14:22:17+00:00","article_modified_time":"2024-05-29T14:28:22+00:00","og_image":[{"width":828,"height":972,"url":"https:\/\/idcserbia.org\/wp-content\/uploads\/2024\/05\/naslovna.jpeg","type":"image\/jpeg"}],"author":"IDC Serbia","twitter_card":"summary_large_image","twitter_creator":"@IDCSERBIA","twitter_site":"@IDCSERBIA","twitter_misc":{"Written by":"IDC Serbia","Est. reading time":"2 minutes"},"schema":{"@context":"https:\/\/schema.org","@graph":[{"@type":"Article","@id":"https:\/\/idcserbia.org\/en\/erasmus-exchange-design-thinking-for-local-advocacy\/#article","isPartOf":{"@id":"https:\/\/idcserbia.org\/en\/erasmus-exchange-design-thinking-for-local-advocacy\/"},"author":{"name":"IDC Serbia","@id":"https:\/\/idcserbia.org\/#\/schema\/person\/9aabc1ee6cfdc5d7234d97fe33b1ff45"},"headline":"Erasmus+ Exchange ,,Design Thinking for local advocacy&#8221;","datePublished":"2024-05-20T14:22:17+00:00","dateModified":"2024-05-29T14:28:22+00:00","mainEntityOfPage":{"@id":"https:\/\/idcserbia.org\/en\/erasmus-exchange-design-thinking-for-local-advocacy\/"},"wordCount":405,"image":{"@id":"https:\/\/idcserbia.org\/en\/erasmus-exchange-design-thinking-for-local-advocacy\/#primaryimage"},"thumbnailUrl":"https:\/\/idcserbia.org\/wp-content\/uploads\/2024\/05\/naslovna.jpeg","keywords":["erasmus","exchange","youth workers"],"articleSection":["Actual"],"inLanguage":"en-US"},{"@type":"WebPage","@id":"https:\/\/idcserbia.org\/en\/erasmus-exchange-design-thinking-for-local-advocacy\/","url":"https:\/\/idcserbia.org\/en\/erasmus-exchange-design-thinking-for-local-advocacy\/","name":"Erasmus+ Exchange ,,Design Thinking for local advocacy\" - IDC Serbia","isPartOf":{"@id":"https:\/\/idcserbia.org\/#website"},"primaryImageOfPage":{"@id":"https:\/\/idcserbia.org\/en\/erasmus-exchange-design-thinking-for-local-advocacy\/#primaryimage"},"image":{"@id":"https:\/\/idcserbia.org\/en\/erasmus-exchange-design-thinking-for-local-advocacy\/#primaryimage"},"thumbnailUrl":"https:\/\/idcserbia.org\/wp-content\/uploads\/2024\/05\/naslovna.jpeg","datePublished":"2024-05-20T14:22:17+00:00","dateModified":"2024-05-29T14:28:22+00:00","author":{"@id":"https:\/\/idcserbia.org\/#\/schema\/person\/9aabc1ee6cfdc5d7234d97fe33b1ff45"},"description":"The training on \"Design Thinking in local advocacy\" was held in Bustena, Romania and lasted from May 10, 2024. until 19.05.2024.","breadcrumb":{"@id":"https:\/\/idcserbia.org\/en\/erasmus-exchange-design-thinking-for-local-advocacy\/#breadcrumb"},"inLanguage":"en-US","potentialAction":[{"@type":"ReadAction","target":["https:\/\/idcserbia.org\/en\/erasmus-exchange-design-thinking-for-local-advocacy\/"]}]},{"@type":"ImageObject","inLanguage":"en-US","@id":"https:\/\/idcserbia.org\/en\/erasmus-exchange-design-thinking-for-local-advocacy\/#primaryimage","url":"https:\/\/idcserbia.org\/wp-content\/uploads\/2024\/05\/naslovna.jpeg","contentUrl":"https:\/\/idcserbia.org\/wp-content\/uploads\/2024\/05\/naslovna.jpeg","width":828,"height":972},{"@type":"BreadcrumbList","@id":"https:\/\/idcserbia.org\/en\/erasmus-exchange-design-thinking-for-local-advocacy\/#breadcrumb","itemListElement":[{"@type":"ListItem","position":1,"name":"Home","item":"https:\/\/idcserbia.org\/en\/"},{"@type":"ListItem","position":2,"name":"Erasmus+ Exchange ,,Design Thinking for local advocacy&#8221;"}]},{"@type":"WebSite","@id":"https:\/\/idcserbia.org\/#website","url":"https:\/\/idcserbia.org\/","name":"IDC Serbia","description":"Association of Citizens Initiative for Development and Cooperation\r\n","potentialAction":[{"@type":"SearchAction","target":{"@type":"EntryPoint","urlTemplate":"https:\/\/idcserbia.org\/?s={search_term_string}"},"query-input":{"@type":"PropertyValueSpecification","valueRequired":true,"valueName":"search_term_string"}}],"inLanguage":"en-US"},{"@type":"Person","@id":"https:\/\/idcserbia.org\/#\/schema\/person\/9aabc1ee6cfdc5d7234d97fe33b1ff45","name":"IDC Serbia","url":"https:\/\/idcserbia.org\/en\/author\/idc-serbia\/"}]}},"_links":{"self":[{"href":"https:\/\/idcserbia.org\/en\/wp-json\/wp\/v2\/posts\/7627","targetHints":{"allow":["GET"]}}],"collection":[{"href":"https:\/\/idcserbia.org\/en\/wp-json\/wp\/v2\/posts"}],"about":[{"href":"https:\/\/idcserbia.org\/en\/wp-json\/wp\/v2\/types\/post"}],"author":[{"embeddable":true,"href":"https:\/\/idcserbia.org\/en\/wp-json\/wp\/v2\/users\/2"}],"replies":[{"embeddable":true,"href":"https:\/\/idcserbia.org\/en\/wp-json\/wp\/v2\/comments?post=7627"}],"version-history":[{"count":1,"href":"https:\/\/idcserbia.org\/en\/wp-json\/wp\/v2\/posts\/7627\/revisions"}],"predecessor-version":[{"id":7628,"href":"https:\/\/idcserbia.org\/en\/wp-json\/wp\/v2\/posts\/7627\/revisions\/7628"}],"wp:featuredmedia":[{"embeddable":true,"href":"https:\/\/idcserbia.org\/en\/wp-json\/wp\/v2\/media\/7624"}],"wp:attachment":[{"href":"https:\/\/idcserbia.org\/en\/wp-json\/wp\/v2\/media?parent=7627"}],"wp:term":[{"taxonomy":"category","embeddable":true,"href":"https:\/\/idcserbia.org\/en\/wp-json\/wp\/v2\/categories?post=7627"},{"taxonomy":"post_tag","embeddable":true,"href":"https:\/\/idcserbia.org\/en\/wp-json\/wp\/v2\/tags?post=7627"}],"curies":[{"name":"wp","href":"https:\/\/api.w.org\/{rel}","templated":true}]}}