{"id":7660,"date":"2024-07-23T16:57:55","date_gmt":"2024-07-23T14:57:55","guid":{"rendered":"https:\/\/idcserbia.org\/en\/?p=7660"},"modified":"2024-07-24T12:36:44","modified_gmt":"2024-07-24T10:36:44","slug":"sam-i-first-aid-competition-zabljak-2024","status":"publish","type":"post","link":"https:\/\/idcserbia.org\/en\/sam-i-first-aid-competition-zabljak-2024\/","title":{"rendered":"SAM.I Contest in providing first aid &#8211; \u017dabljak 2024."},"content":{"rendered":"<div id=\"s-share-buttons\" class=\"horizontal-w-c-circular s-share-w-c\"><a href=\"http:\/\/www.facebook.com\/sharer.php?u=https:\/\/idcserbia.org\/en\/sam-i-first-aid-competition-zabljak-2024\/\" target=\"_blank\" title=\"Share to Facebook\" class=\"s3-facebook hint--top\"><\/a><a href=\"http:\/\/twitter.com\/intent\/tweet?text=SAM.I Contest in providing first aid &#8211; \u017dabljak 2024.&url=https:\/\/idcserbia.org\/en\/sam-i-first-aid-competition-zabljak-2024\/\" target=\"_blank\"  title=\"Share to Twitter\" class=\"s3-twitter hint--top\"><\/a><a href=\"http:\/\/www.linkedin.com\/shareArticle?mini=true&url=https:\/\/idcserbia.org\/en\/sam-i-first-aid-competition-zabljak-2024\/\" target=\"_blank\" title=\"Share to LinkedIn\" class=\"s3-linkedin hint--top\"><\/a><a href=\"mailto:?Subject=SAM.I%20Contest%20in%20providing%20first%20aid%20&#8211;%20\u017dabljak%202024.&Body=Here%20is%20the%20link%20to%20the%20article:%20https:\/\/idcserbia.org\/en\/sam-i-first-aid-competition-zabljak-2024\/\" title=\"Email this article\" class=\"s3-email hint--top\"><\/a><\/div><h2>SAM.I Contest in providing first aid &#8211; \u017dabljak 2024.<\/h2>\n<p>&nbsp;<\/p>\n<p><strong>The nineth international SAM.I Contest in providing first aid<\/strong> was held from <strong>18-21 July in \u017dabljak, Montenegro.<\/strong> The organization of this event was realized by<strong> Alfa Center from Montenegro, IDC from Serbia and CDI from Macedonia with the support of the SAMI network.<\/strong><\/p>\n<p>The competition brought together participants from <strong>12 organizations<\/strong> in Europe who were divided into <strong>19 teams<\/strong> within the A and B categories, where the first category consists of teams from 12 to 15 years old, and the second from 16 to 21 years old.<\/p>\n<p><a href=\"https:\/\/idcserbia.org\/sam-i-takmicenje-u-pruzanju-prve-pomoci-zabljak-2024\/img_9352\/\" rel=\"attachment wp-att-7647\"><img loading=\"lazy\" decoding=\"async\" class=\"alignleft size-medium wp-image-7647\" src=\"https:\/\/idcserbia.org\/wp-content\/uploads\/2024\/07\/IMG_9352-300x200.jpg\" alt=\"\" width=\"300\" height=\"200\" srcset=\"https:\/\/idcserbia.org\/wp-content\/uploads\/2024\/07\/IMG_9352-300x200.jpg 300w, https:\/\/idcserbia.org\/wp-content\/uploads\/2024\/07\/IMG_9352-1024x683.jpg 1024w, https:\/\/idcserbia.org\/wp-content\/uploads\/2024\/07\/IMG_9352-768x512.jpg 768w, https:\/\/idcserbia.org\/wp-content\/uploads\/2024\/07\/IMG_9352-1536x1024.jpg 1536w, https:\/\/idcserbia.org\/wp-content\/uploads\/2024\/07\/IMG_9352-2048x1365.jpg 2048w, https:\/\/idcserbia.org\/wp-content\/uploads\/2024\/07\/IMG_9352-200x133.jpg 200w\" sizes=\"auto, (max-width: 300px) 100vw, 300px\" \/><\/a><a href=\"https:\/\/idcserbia.org\/sam-i-takmicenje-u-pruzanju-prve-pomoci-zabljak-2024\/img_9321\/\" rel=\"attachment wp-att-7646\"><img loading=\"lazy\" decoding=\"async\" class=\"alignleft size-medium wp-image-7646\" src=\"https:\/\/idcserbia.org\/wp-content\/uploads\/2024\/07\/IMG_9321-300x200.jpg\" alt=\"\" width=\"300\" height=\"200\" srcset=\"https:\/\/idcserbia.org\/wp-content\/uploads\/2024\/07\/IMG_9321-300x200.jpg 300w, https:\/\/idcserbia.org\/wp-content\/uploads\/2024\/07\/IMG_9321-1024x683.jpg 1024w, https:\/\/idcserbia.org\/wp-content\/uploads\/2024\/07\/IMG_9321-768x512.jpg 768w, https:\/\/idcserbia.org\/wp-content\/uploads\/2024\/07\/IMG_9321-1536x1024.jpg 1536w, https:\/\/idcserbia.org\/wp-content\/uploads\/2024\/07\/IMG_9321-2048x1365.jpg 2048w, https:\/\/idcserbia.org\/wp-content\/uploads\/2024\/07\/IMG_9321-200x133.jpg 200w\" sizes=\"auto, (max-width: 300px) 100vw, 300px\" \/><\/a><\/p>\n<p>&nbsp;<\/p>\n<p>&nbsp;<\/p>\n<p>&nbsp;<\/p>\n<p>&nbsp;<\/p>\n<p>&nbsp;<\/p>\n<p>&nbsp;<\/p>\n<p>The tasks consisted of three parts &#8211; a written test, a creative task and tasks in the form of providing first aid in the field. The creative task was in the form of a skit on the theme of <em>&#8220;Vampire Diaries&#8221;<\/em> where the contestants showed their imagination and talent and had a lot of fun with it. The teams were judged by an international jury, with evaluation of group and individual performances.<\/p>\n<p>In addition to the competitive part, the participants had the opportunity to enjoy a tour of the Durmitor National Park and to experience the rafting adventure on the Tara River.<\/p>\n<p><a href=\"https:\/\/idcserbia.org\/sam-i-takmicenje-u-pruzanju-prve-pomoci-zabljak-2024\/449241150_957018199505291_6734564339697412398_n\/\" rel=\"attachment wp-att-7648\"><img loading=\"lazy\" decoding=\"async\" class=\"alignleft size-medium wp-image-7648\" src=\"https:\/\/idcserbia.org\/wp-content\/uploads\/2024\/07\/449241150_957018199505291_6734564339697412398_n-300x225.jpg\" alt=\"\" width=\"300\" height=\"225\" srcset=\"https:\/\/idcserbia.org\/wp-content\/uploads\/2024\/07\/449241150_957018199505291_6734564339697412398_n-300x225.jpg 300w, https:\/\/idcserbia.org\/wp-content\/uploads\/2024\/07\/449241150_957018199505291_6734564339697412398_n-1024x768.jpg 1024w, https:\/\/idcserbia.org\/wp-content\/uploads\/2024\/07\/449241150_957018199505291_6734564339697412398_n-768x576.jpg 768w, https:\/\/idcserbia.org\/wp-content\/uploads\/2024\/07\/449241150_957018199505291_6734564339697412398_n-1536x1152.jpg 1536w, https:\/\/idcserbia.org\/wp-content\/uploads\/2024\/07\/449241150_957018199505291_6734564339697412398_n-200x150.jpg 200w, https:\/\/idcserbia.org\/wp-content\/uploads\/2024\/07\/449241150_957018199505291_6734564339697412398_n.jpg 1600w\" sizes=\"auto, (max-width: 300px) 100vw, 300px\" \/><\/a><a href=\"https:\/\/idcserbia.org\/sam-i-takmicenje-u-pruzanju-prve-pomoci-zabljak-2024\/20240719_205658\/\" rel=\"attachment wp-att-7649\"><img loading=\"lazy\" decoding=\"async\" class=\"alignleft size-medium wp-image-7649\" src=\"https:\/\/idcserbia.org\/wp-content\/uploads\/2024\/07\/20240719_205658-225x300.jpg\" alt=\"\" width=\"225\" height=\"300\" srcset=\"https:\/\/idcserbia.org\/wp-content\/uploads\/2024\/07\/20240719_205658-225x300.jpg 225w, https:\/\/idcserbia.org\/wp-content\/uploads\/2024\/07\/20240719_205658-768x1024.jpg 768w, https:\/\/idcserbia.org\/wp-content\/uploads\/2024\/07\/20240719_205658-1152x1536.jpg 1152w, https:\/\/idcserbia.org\/wp-content\/uploads\/2024\/07\/20240719_205658-1536x2048.jpg 1536w, https:\/\/idcserbia.org\/wp-content\/uploads\/2024\/07\/20240719_205658-200x267.jpg 200w, https:\/\/idcserbia.org\/wp-content\/uploads\/2024\/07\/20240719_205658-scaled.jpg 1920w\" sizes=\"auto, (max-width: 225px) 100vw, 225px\" \/><\/a><\/p>\n<p>&nbsp;<\/p>\n<p>&nbsp;<\/p>\n<p>&nbsp;<\/p>\n<p>&nbsp;<\/p>\n<p>&nbsp;<\/p>\n<p>&nbsp;<\/p>\n<p>&nbsp;<\/p>\n<p>&nbsp;<\/p>\n<p>Winners were announced in the following categories:<\/p>\n<p>&#8211; In the category of A teams and B teams, the victory was won by Wei\u00dfes Kreuz from Italy.<\/p>\n<p>&#8211; In the creative task &#8211; a play on the theme of &#8220;Vampire Diaries&#8221;, the well-deserved first place went to the SFOP team from Poland, and the third place went to the IDC team.<\/p>\n<p>&#8211; In the individual category, the first places for category A went to Be\u00e1ta Romanov\u00e1 (ASSR), Miriam Steger (Wei\u00dfes Kreuz), Elias Oberkofler (Wei\u00dfes Kreuz)<\/p>\n<p>&#8211; In the category B teams, the best was Mila Perinska from CDI &#8211; me, Macedonia.<\/p>\n<p><a href=\"https:\/\/idcserbia.org\/sam-i-takmicenje-u-pruzanju-prve-pomoci-zabljak-2024\/20240720_205927\/\" rel=\"attachment wp-att-7654\"><img loading=\"lazy\" decoding=\"async\" class=\"alignleft wp-image-7654 size-large\" src=\"https:\/\/idcserbia.org\/wp-content\/uploads\/2024\/07\/20240720_205927-1024x768.jpg\" alt=\"\" width=\"790\" height=\"593\" srcset=\"https:\/\/idcserbia.org\/wp-content\/uploads\/2024\/07\/20240720_205927-1024x768.jpg 1024w, https:\/\/idcserbia.org\/wp-content\/uploads\/2024\/07\/20240720_205927-300x225.jpg 300w, https:\/\/idcserbia.org\/wp-content\/uploads\/2024\/07\/20240720_205927-768x576.jpg 768w, https:\/\/idcserbia.org\/wp-content\/uploads\/2024\/07\/20240720_205927-1536x1152.jpg 1536w, https:\/\/idcserbia.org\/wp-content\/uploads\/2024\/07\/20240720_205927-2048x1536.jpg 2048w, https:\/\/idcserbia.org\/wp-content\/uploads\/2024\/07\/20240720_205927-200x150.jpg 200w\" sizes=\"auto, (max-width: 790px) 100vw, 790px\" \/><\/a><\/p>\n<p>&#8220;I am extremely pleased that we successfully organized another SAM.I competition and once again witnessed the importance of active participation and dedicated humanitarian work.&#8221; The teams showed a high degree of readiness and motivation and what is most important &#8211; mutual solidarity, support and togetherness,&#8221; says <strong>Ivo Bonamico, secretary general of the SAM.I International network.<\/strong><\/p>\n<p>&#8220;We are an association that has been working for years on the exchange of knowledge of our member organizations and on its joint development,&#8221; explains <strong>Knut Fleckenstein, president of Samaritan International.<\/strong> &#8220;Young people are the ones who will continue our thought in the future and I am proud of the teams that participated in this year&#8217;s Samaritan Contest&#8221;.<\/p>\n<p><strong>The goal<\/strong> of the competition was to contribute to the international connection of young people and their exchange of knowledge and the acquisition of new experience in providing first aid and dealing with other social issues.<\/p>\n","protected":false},"excerpt":{"rendered":"<p>SAM.I Contest in providing first aid &#8211; \u017dabljak 2024. &nbsp; The nineth international SAM.I Contest in providing first aid was held from 18-21 July in \u017dabljak, Montenegro. The organization of this event was realized by Alfa Center from Montenegro, IDC from Serbia and CDI from Macedonia with the support of the SAMI network. The competition [&hellip;]<\/p>\n","protected":false},"author":2,"featured_media":7645,"comment_status":"closed","ping_status":"closed","sticky":false,"template":"","format":"standard","meta":{"footnotes":""},"categories":[163],"tags":[622,932],"class_list":["post-7660","post","type-post","status-publish","format-standard","has-post-thumbnail","hentry","category-aktuelno-en","tag-samicontest","tag-samicontest2024"],"yoast_head":"<!-- This site is optimized with the Yoast SEO plugin v27.4 - https:\/\/yoast.com\/product\/yoast-seo-wordpress\/ -->\n<title>SAM.I Contest in providing first aid - \u017dabljak 2024. - IDC Serbia<\/title>\n<meta name=\"description\" content=\"The nineth international SAM.I Contest in providing first aid was held from 18-21 July in \u017dabljak, Montenegro.\" \/>\n<meta name=\"robots\" content=\"index, follow, max-snippet:-1, max-image-preview:large, max-video-preview:-1\" \/>\n<link rel=\"canonical\" href=\"https:\/\/idcserbia.org\/en\/sam-i-first-aid-competition-zabljak-2024\/\" \/>\n<meta property=\"og:locale\" content=\"en_US\" \/>\n<meta property=\"og:type\" content=\"article\" \/>\n<meta property=\"og:title\" content=\"SAM.I Contest in providing first aid - \u017dabljak 2024. - IDC Serbia\" \/>\n<meta property=\"og:description\" content=\"The nineth international SAM.I Contest in providing first aid was held from 18-21 July in \u017dabljak, Montenegro.\" \/>\n<meta property=\"og:url\" content=\"https:\/\/idcserbia.org\/en\/sam-i-first-aid-competition-zabljak-2024\/\" \/>\n<meta property=\"og:site_name\" content=\"IDC Serbia\" \/>\n<meta property=\"article:publisher\" content=\"https:\/\/www.facebook.com\/idc.serbia\" \/>\n<meta property=\"article:published_time\" content=\"2024-07-23T14:57:55+00:00\" \/>\n<meta property=\"article:modified_time\" content=\"2024-07-24T10:36:44+00:00\" \/>\n<meta property=\"og:image\" content=\"https:\/\/idcserbia.org\/wp-content\/uploads\/2024\/07\/IMG_9439-scaled.jpg\" \/>\n\t<meta property=\"og:image:width\" content=\"2560\" \/>\n\t<meta property=\"og:image:height\" content=\"1707\" \/>\n\t<meta property=\"og:image:type\" content=\"image\/jpeg\" \/>\n<meta name=\"author\" content=\"IDC Serbia\" \/>\n<meta name=\"twitter:card\" content=\"summary_large_image\" \/>\n<meta name=\"twitter:creator\" content=\"@IDCSERBIA\" \/>\n<meta name=\"twitter:site\" content=\"@IDCSERBIA\" \/>\n<meta name=\"twitter:label1\" content=\"Written by\" \/>\n\t<meta name=\"twitter:data1\" content=\"IDC Serbia\" \/>\n\t<meta name=\"twitter:label2\" content=\"Est. reading time\" \/>\n\t<meta name=\"twitter:data2\" content=\"2 minutes\" \/>\n<script type=\"application\/ld+json\" class=\"yoast-schema-graph\">{\"@context\":\"https:\\\/\\\/schema.org\",\"@graph\":[{\"@type\":\"Article\",\"@id\":\"https:\\\/\\\/idcserbia.org\\\/en\\\/sam-i-first-aid-competition-zabljak-2024\\\/#article\",\"isPartOf\":{\"@id\":\"https:\\\/\\\/idcserbia.org\\\/en\\\/sam-i-first-aid-competition-zabljak-2024\\\/\"},\"author\":{\"name\":\"IDC Serbia\",\"@id\":\"https:\\\/\\\/idcserbia.org\\\/#\\\/schema\\\/person\\\/9aabc1ee6cfdc5d7234d97fe33b1ff45\"},\"headline\":\"SAM.I Contest in providing first aid &#8211; \u017dabljak 2024.\",\"datePublished\":\"2024-07-23T14:57:55+00:00\",\"dateModified\":\"2024-07-24T10:36:44+00:00\",\"mainEntityOfPage\":{\"@id\":\"https:\\\/\\\/idcserbia.org\\\/en\\\/sam-i-first-aid-competition-zabljak-2024\\\/\"},\"wordCount\":472,\"image\":{\"@id\":\"https:\\\/\\\/idcserbia.org\\\/en\\\/sam-i-first-aid-competition-zabljak-2024\\\/#primaryimage\"},\"thumbnailUrl\":\"https:\\\/\\\/idcserbia.org\\\/wp-content\\\/uploads\\\/2024\\\/07\\\/IMG_9439-scaled.jpg\",\"keywords\":[\"samicontest\",\"samicontest2024\"],\"articleSection\":[\"Actual\"],\"inLanguage\":\"en-US\"},{\"@type\":\"WebPage\",\"@id\":\"https:\\\/\\\/idcserbia.org\\\/en\\\/sam-i-first-aid-competition-zabljak-2024\\\/\",\"url\":\"https:\\\/\\\/idcserbia.org\\\/en\\\/sam-i-first-aid-competition-zabljak-2024\\\/\",\"name\":\"SAM.I Contest in providing first aid - \u017dabljak 2024. - IDC Serbia\",\"isPartOf\":{\"@id\":\"https:\\\/\\\/idcserbia.org\\\/#website\"},\"primaryImageOfPage\":{\"@id\":\"https:\\\/\\\/idcserbia.org\\\/en\\\/sam-i-first-aid-competition-zabljak-2024\\\/#primaryimage\"},\"image\":{\"@id\":\"https:\\\/\\\/idcserbia.org\\\/en\\\/sam-i-first-aid-competition-zabljak-2024\\\/#primaryimage\"},\"thumbnailUrl\":\"https:\\\/\\\/idcserbia.org\\\/wp-content\\\/uploads\\\/2024\\\/07\\\/IMG_9439-scaled.jpg\",\"datePublished\":\"2024-07-23T14:57:55+00:00\",\"dateModified\":\"2024-07-24T10:36:44+00:00\",\"author\":{\"@id\":\"https:\\\/\\\/idcserbia.org\\\/#\\\/schema\\\/person\\\/9aabc1ee6cfdc5d7234d97fe33b1ff45\"},\"description\":\"The nineth international SAM.I Contest in providing first aid was held from 18-21 July in \u017dabljak, Montenegro.\",\"breadcrumb\":{\"@id\":\"https:\\\/\\\/idcserbia.org\\\/en\\\/sam-i-first-aid-competition-zabljak-2024\\\/#breadcrumb\"},\"inLanguage\":\"en-US\",\"potentialAction\":[{\"@type\":\"ReadAction\",\"target\":[\"https:\\\/\\\/idcserbia.org\\\/en\\\/sam-i-first-aid-competition-zabljak-2024\\\/\"]}]},{\"@type\":\"ImageObject\",\"inLanguage\":\"en-US\",\"@id\":\"https:\\\/\\\/idcserbia.org\\\/en\\\/sam-i-first-aid-competition-zabljak-2024\\\/#primaryimage\",\"url\":\"https:\\\/\\\/idcserbia.org\\\/wp-content\\\/uploads\\\/2024\\\/07\\\/IMG_9439-scaled.jpg\",\"contentUrl\":\"https:\\\/\\\/idcserbia.org\\\/wp-content\\\/uploads\\\/2024\\\/07\\\/IMG_9439-scaled.jpg\",\"width\":2560,\"height\":1707},{\"@type\":\"BreadcrumbList\",\"@id\":\"https:\\\/\\\/idcserbia.org\\\/en\\\/sam-i-first-aid-competition-zabljak-2024\\\/#breadcrumb\",\"itemListElement\":[{\"@type\":\"ListItem\",\"position\":1,\"name\":\"Home\",\"item\":\"https:\\\/\\\/idcserbia.org\\\/en\\\/\"},{\"@type\":\"ListItem\",\"position\":2,\"name\":\"SAM.I Contest in providing first aid &#8211; \u017dabljak 2024.\"}]},{\"@type\":\"WebSite\",\"@id\":\"https:\\\/\\\/idcserbia.org\\\/#website\",\"url\":\"https:\\\/\\\/idcserbia.org\\\/\",\"name\":\"IDC Serbia\",\"description\":\"Association of Citizens Initiative for Development and Cooperation\\r\\n\",\"potentialAction\":[{\"@type\":\"SearchAction\",\"target\":{\"@type\":\"EntryPoint\",\"urlTemplate\":\"https:\\\/\\\/idcserbia.org\\\/?s={search_term_string}\"},\"query-input\":{\"@type\":\"PropertyValueSpecification\",\"valueRequired\":true,\"valueName\":\"search_term_string\"}}],\"inLanguage\":\"en-US\"},{\"@type\":\"Person\",\"@id\":\"https:\\\/\\\/idcserbia.org\\\/#\\\/schema\\\/person\\\/9aabc1ee6cfdc5d7234d97fe33b1ff45\",\"name\":\"IDC Serbia\",\"url\":\"https:\\\/\\\/idcserbia.org\\\/en\\\/author\\\/idc-serbia\\\/\"}]}<\/script>\n<!-- \/ Yoast SEO plugin. -->","yoast_head_json":{"title":"SAM.I Contest in providing first aid - \u017dabljak 2024. - IDC Serbia","description":"The nineth international SAM.I Contest in providing first aid was held from 18-21 July in \u017dabljak, Montenegro.","robots":{"index":"index","follow":"follow","max-snippet":"max-snippet:-1","max-image-preview":"max-image-preview:large","max-video-preview":"max-video-preview:-1"},"canonical":"https:\/\/idcserbia.org\/en\/sam-i-first-aid-competition-zabljak-2024\/","og_locale":"en_US","og_type":"article","og_title":"SAM.I Contest in providing first aid - \u017dabljak 2024. - IDC Serbia","og_description":"The nineth international SAM.I Contest in providing first aid was held from 18-21 July in \u017dabljak, Montenegro.","og_url":"https:\/\/idcserbia.org\/en\/sam-i-first-aid-competition-zabljak-2024\/","og_site_name":"IDC Serbia","article_publisher":"https:\/\/www.facebook.com\/idc.serbia","article_published_time":"2024-07-23T14:57:55+00:00","article_modified_time":"2024-07-24T10:36:44+00:00","og_image":[{"width":2560,"height":1707,"url":"https:\/\/idcserbia.org\/wp-content\/uploads\/2024\/07\/IMG_9439-scaled.jpg","type":"image\/jpeg"}],"author":"IDC Serbia","twitter_card":"summary_large_image","twitter_creator":"@IDCSERBIA","twitter_site":"@IDCSERBIA","twitter_misc":{"Written by":"IDC Serbia","Est. reading time":"2 minutes"},"schema":{"@context":"https:\/\/schema.org","@graph":[{"@type":"Article","@id":"https:\/\/idcserbia.org\/en\/sam-i-first-aid-competition-zabljak-2024\/#article","isPartOf":{"@id":"https:\/\/idcserbia.org\/en\/sam-i-first-aid-competition-zabljak-2024\/"},"author":{"name":"IDC Serbia","@id":"https:\/\/idcserbia.org\/#\/schema\/person\/9aabc1ee6cfdc5d7234d97fe33b1ff45"},"headline":"SAM.I Contest in providing first aid &#8211; \u017dabljak 2024.","datePublished":"2024-07-23T14:57:55+00:00","dateModified":"2024-07-24T10:36:44+00:00","mainEntityOfPage":{"@id":"https:\/\/idcserbia.org\/en\/sam-i-first-aid-competition-zabljak-2024\/"},"wordCount":472,"image":{"@id":"https:\/\/idcserbia.org\/en\/sam-i-first-aid-competition-zabljak-2024\/#primaryimage"},"thumbnailUrl":"https:\/\/idcserbia.org\/wp-content\/uploads\/2024\/07\/IMG_9439-scaled.jpg","keywords":["samicontest","samicontest2024"],"articleSection":["Actual"],"inLanguage":"en-US"},{"@type":"WebPage","@id":"https:\/\/idcserbia.org\/en\/sam-i-first-aid-competition-zabljak-2024\/","url":"https:\/\/idcserbia.org\/en\/sam-i-first-aid-competition-zabljak-2024\/","name":"SAM.I Contest in providing first aid - \u017dabljak 2024. - IDC Serbia","isPartOf":{"@id":"https:\/\/idcserbia.org\/#website"},"primaryImageOfPage":{"@id":"https:\/\/idcserbia.org\/en\/sam-i-first-aid-competition-zabljak-2024\/#primaryimage"},"image":{"@id":"https:\/\/idcserbia.org\/en\/sam-i-first-aid-competition-zabljak-2024\/#primaryimage"},"thumbnailUrl":"https:\/\/idcserbia.org\/wp-content\/uploads\/2024\/07\/IMG_9439-scaled.jpg","datePublished":"2024-07-23T14:57:55+00:00","dateModified":"2024-07-24T10:36:44+00:00","author":{"@id":"https:\/\/idcserbia.org\/#\/schema\/person\/9aabc1ee6cfdc5d7234d97fe33b1ff45"},"description":"The nineth international SAM.I Contest in providing first aid was held from 18-21 July in \u017dabljak, Montenegro.","breadcrumb":{"@id":"https:\/\/idcserbia.org\/en\/sam-i-first-aid-competition-zabljak-2024\/#breadcrumb"},"inLanguage":"en-US","potentialAction":[{"@type":"ReadAction","target":["https:\/\/idcserbia.org\/en\/sam-i-first-aid-competition-zabljak-2024\/"]}]},{"@type":"ImageObject","inLanguage":"en-US","@id":"https:\/\/idcserbia.org\/en\/sam-i-first-aid-competition-zabljak-2024\/#primaryimage","url":"https:\/\/idcserbia.org\/wp-content\/uploads\/2024\/07\/IMG_9439-scaled.jpg","contentUrl":"https:\/\/idcserbia.org\/wp-content\/uploads\/2024\/07\/IMG_9439-scaled.jpg","width":2560,"height":1707},{"@type":"BreadcrumbList","@id":"https:\/\/idcserbia.org\/en\/sam-i-first-aid-competition-zabljak-2024\/#breadcrumb","itemListElement":[{"@type":"ListItem","position":1,"name":"Home","item":"https:\/\/idcserbia.org\/en\/"},{"@type":"ListItem","position":2,"name":"SAM.I Contest in providing first aid &#8211; \u017dabljak 2024."}]},{"@type":"WebSite","@id":"https:\/\/idcserbia.org\/#website","url":"https:\/\/idcserbia.org\/","name":"IDC Serbia","description":"Association of Citizens Initiative for Development and Cooperation\r\n","potentialAction":[{"@type":"SearchAction","target":{"@type":"EntryPoint","urlTemplate":"https:\/\/idcserbia.org\/?s={search_term_string}"},"query-input":{"@type":"PropertyValueSpecification","valueRequired":true,"valueName":"search_term_string"}}],"inLanguage":"en-US"},{"@type":"Person","@id":"https:\/\/idcserbia.org\/#\/schema\/person\/9aabc1ee6cfdc5d7234d97fe33b1ff45","name":"IDC Serbia","url":"https:\/\/idcserbia.org\/en\/author\/idc-serbia\/"}]}},"_links":{"self":[{"href":"https:\/\/idcserbia.org\/en\/wp-json\/wp\/v2\/posts\/7660","targetHints":{"allow":["GET"]}}],"collection":[{"href":"https:\/\/idcserbia.org\/en\/wp-json\/wp\/v2\/posts"}],"about":[{"href":"https:\/\/idcserbia.org\/en\/wp-json\/wp\/v2\/types\/post"}],"author":[{"embeddable":true,"href":"https:\/\/idcserbia.org\/en\/wp-json\/wp\/v2\/users\/2"}],"replies":[{"embeddable":true,"href":"https:\/\/idcserbia.org\/en\/wp-json\/wp\/v2\/comments?post=7660"}],"version-history":[{"count":4,"href":"https:\/\/idcserbia.org\/en\/wp-json\/wp\/v2\/posts\/7660\/revisions"}],"predecessor-version":[{"id":7675,"href":"https:\/\/idcserbia.org\/en\/wp-json\/wp\/v2\/posts\/7660\/revisions\/7675"}],"wp:featuredmedia":[{"embeddable":true,"href":"https:\/\/idcserbia.org\/en\/wp-json\/wp\/v2\/media\/7645"}],"wp:attachment":[{"href":"https:\/\/idcserbia.org\/en\/wp-json\/wp\/v2\/media?parent=7660"}],"wp:term":[{"taxonomy":"category","embeddable":true,"href":"https:\/\/idcserbia.org\/en\/wp-json\/wp\/v2\/categories?post=7660"},{"taxonomy":"post_tag","embeddable":true,"href":"https:\/\/idcserbia.org\/en\/wp-json\/wp\/v2\/tags?post=7660"}],"curies":[{"name":"wp","href":"https:\/\/api.w.org\/{rel}","templated":true}]}}