{"id":7670,"date":"2024-07-14T12:22:16","date_gmt":"2024-07-14T10:22:16","guid":{"rendered":"https:\/\/idcserbia.org\/en\/?p=7670"},"modified":"2024-07-24T12:37:25","modified_gmt":"2024-07-24T10:37:25","slug":"balkan-caravan-journey-through-the-western-balkan-region","status":"publish","type":"post","link":"https:\/\/idcserbia.org\/en\/balkan-caravan-journey-through-the-western-balkan-region\/","title":{"rendered":"Balkan caravan &#8211; Journey through the Western Balkan region"},"content":{"rendered":"<div id=\"s-share-buttons\" class=\"horizontal-w-c-circular s-share-w-c\"><a href=\"http:\/\/www.facebook.com\/sharer.php?u=https:\/\/idcserbia.org\/en\/balkan-caravan-journey-through-the-western-balkan-region\/\" target=\"_blank\" title=\"Share to Facebook\" class=\"s3-facebook hint--top\"><\/a><a href=\"http:\/\/twitter.com\/intent\/tweet?text=Balkan caravan &#8211; Journey through the Western Balkan region&url=https:\/\/idcserbia.org\/en\/balkan-caravan-journey-through-the-western-balkan-region\/\" target=\"_blank\"  title=\"Share to Twitter\" class=\"s3-twitter hint--top\"><\/a><a href=\"http:\/\/www.linkedin.com\/shareArticle?mini=true&url=https:\/\/idcserbia.org\/en\/balkan-caravan-journey-through-the-western-balkan-region\/\" target=\"_blank\" title=\"Share to LinkedIn\" class=\"s3-linkedin hint--top\"><\/a><a href=\"mailto:?Subject=Balkan%20caravan%20&#8211;%20Journey%20through%20the%20Western%20Balkan%20region&Body=Here%20is%20the%20link%20to%20the%20article:%20https:\/\/idcserbia.org\/en\/balkan-caravan-journey-through-the-western-balkan-region\/\" title=\"Email this article\" class=\"s3-email hint--top\"><\/a><\/div><h2>Balkan caravan &#8211; Journey through the Western Balkan region<\/h2>\n<p>&nbsp;<\/p>\n<p><strong>The regional network of social service providers &#8211; the IRIS network organized the Balkan Caravan from July 8 &#8211; 13, 2024 in six countries of the region &#8211; Albania, Bosnia and Herzegovina, Montenegro, Kosovo*, North Macedonia and Serbia.<\/strong><\/p>\n<p><strong>The purpose of the Balkan Caravan<\/strong> is the promotion and exchange of good practices in the field of human rights and social inclusion in the Western Balkans. In each of the countries, a Mini Festival of Human Rights is organized by the host organizations and partners of the IRIS network. The festival consisted of: promotional actions, sales stands, workshops, video presentations, local visits, exhibitions and other cultural and entertainment content.<\/p>\n<p><a href=\"https:\/\/idcserbia.org\/balkan-karavan-putovanje-kroz-region\/albanija\/\" rel=\"attachment wp-att-7665\"><img loading=\"lazy\" decoding=\"async\" class=\"aligncenter wp-image-7665 size-large\" src=\"https:\/\/idcserbia.org\/wp-content\/uploads\/2024\/07\/Albanija-1024x462.jpg\" alt=\"\" width=\"790\" height=\"356\" srcset=\"https:\/\/idcserbia.org\/wp-content\/uploads\/2024\/07\/Albanija-1024x462.jpg 1024w, https:\/\/idcserbia.org\/wp-content\/uploads\/2024\/07\/Albanija-300x135.jpg 300w, https:\/\/idcserbia.org\/wp-content\/uploads\/2024\/07\/Albanija-768x346.jpg 768w, https:\/\/idcserbia.org\/wp-content\/uploads\/2024\/07\/Albanija-1536x692.jpg 1536w, https:\/\/idcserbia.org\/wp-content\/uploads\/2024\/07\/Albanija-200x90.jpg 200w, https:\/\/idcserbia.org\/wp-content\/uploads\/2024\/07\/Albanija.jpg 2048w\" sizes=\"auto, (max-width: 790px) 100vw, 790px\" \/><\/a><\/p>\n<p>This event brought together other members of the IRIS network from six countries, representatives of local institutions, the civil sector, the business sector, the media and interested visitors who had the opportunity to enjoy various contents in their country, socialize, learn and contribute to the visibility of the event and further development of the social services sector in the Western Balkans.<\/p>\n<p>The route of the Balkan Caravan was as follows: Mostar (BiH), Nik\u0161i\u0107 (Montenegro), Elbasan (Albania), Skopje (Northern Macedonia), Pristina (Kosovo*) and Novi Pazar (Serbia).<\/p>\n<p><a href=\"https:\/\/idcserbia.org\/balkan-karavan-putovanje-kroz-region\/makedonija\/\" rel=\"attachment wp-att-7666\"><img loading=\"lazy\" decoding=\"async\" class=\"aligncenter wp-image-7666 size-large\" src=\"https:\/\/idcserbia.org\/wp-content\/uploads\/2024\/07\/Makedonija-1024x683.jpg\" alt=\"\" width=\"790\" height=\"527\" srcset=\"https:\/\/idcserbia.org\/wp-content\/uploads\/2024\/07\/Makedonija-1024x683.jpg 1024w, https:\/\/idcserbia.org\/wp-content\/uploads\/2024\/07\/Makedonija-300x200.jpg 300w, https:\/\/idcserbia.org\/wp-content\/uploads\/2024\/07\/Makedonija-768x512.jpg 768w, https:\/\/idcserbia.org\/wp-content\/uploads\/2024\/07\/Makedonija-1536x1024.jpg 1536w, https:\/\/idcserbia.org\/wp-content\/uploads\/2024\/07\/Makedonija-200x133.jpg 200w, https:\/\/idcserbia.org\/wp-content\/uploads\/2024\/07\/Makedonija.jpg 2048w\" sizes=\"auto, (max-width: 790px) 100vw, 790px\" \/><\/a><br \/>\nThe host organization in Mostar was the Sensus Association, in Nik\u0161i\u0107 the host organization was SOS Nik\u0161i\u0107, in Elbasan the host organization was Useful to the community, in Skopje the host organization was the Center for Youth Activism &#8211; KRIK, in Pristina the host organization was the Down Association Syndrom, and in Novi Pazar the host organization is the Association of Psychologists Novi Pazar.<\/p>\n<hr \/>\n<p><em>The IRIS network is a regional network of social service providers that gathers more than 200 member organizations from six countries of the region &#8211; Albania, Bosnia and Herzegovina, Montenegro, Kosovo*, North Macedonia and Serbia. This activity, the Balkan Caravan, took place within the framework of the project &#8220;Strengthening the capacity and policy of engagement of service providers in the community &#8211; IRIS PROGRESS&#8221;, funded by the EU. The project partners are ASB (Germany), Center for labor rights (Albania), CDI (North Macedonia), Alfa Center (Montenegro), Center for independent life (Kosovo*) and LIR CD (Bosnia and Herzegovina).<\/em><\/p>\n<p><em>\u00a0<\/em><\/p>\n","protected":false},"excerpt":{"rendered":"<p>Balkan caravan &#8211; Journey through the Western Balkan region &nbsp; The regional network of social service providers &#8211; the IRIS network organized the Balkan Caravan from July 8 &#8211; 13, 2024 in six countries of the region &#8211; Albania, Bosnia and Herzegovina, Montenegro, Kosovo*, North Macedonia and Serbia. The purpose of the Balkan Caravan is [&hellip;]<\/p>\n","protected":false},"author":2,"featured_media":7671,"comment_status":"closed","ping_status":"closed","sticky":false,"template":"","format":"standard","meta":{"footnotes":""},"categories":[1],"tags":[939,943,940],"class_list":["post-7670","post","type-post","status-publish","format-standard","has-post-thumbnail","hentry","category-uncategorized","tag-balkancaravan","tag-socialserviceproviders","tag-westernbalkan"],"yoast_head":"<!-- This site is optimized with the Yoast SEO plugin v27.4 - https:\/\/yoast.com\/product\/yoast-seo-wordpress\/ -->\n<title>Balkan caravan - Journey through the Western Balkan region - IDC Serbia<\/title>\n<meta name=\"description\" content=\"the IRIS network organized the Balkan Caravan from July 8 - 13, 2024 in six countries of the region\" \/>\n<meta name=\"robots\" content=\"index, follow, max-snippet:-1, max-image-preview:large, max-video-preview:-1\" \/>\n<link rel=\"canonical\" href=\"https:\/\/idcserbia.org\/en\/balkan-caravan-journey-through-the-western-balkan-region\/\" \/>\n<meta property=\"og:locale\" content=\"en_US\" \/>\n<meta property=\"og:type\" content=\"article\" \/>\n<meta property=\"og:title\" content=\"Balkan caravan - Journey through the Western Balkan region - IDC Serbia\" \/>\n<meta property=\"og:description\" content=\"the IRIS network organized the Balkan Caravan from July 8 - 13, 2024 in six countries of the region\" \/>\n<meta property=\"og:url\" content=\"https:\/\/idcserbia.org\/en\/balkan-caravan-journey-through-the-western-balkan-region\/\" \/>\n<meta property=\"og:site_name\" content=\"IDC Serbia\" \/>\n<meta property=\"article:publisher\" content=\"https:\/\/www.facebook.com\/idc.serbia\" \/>\n<meta property=\"article:published_time\" content=\"2024-07-14T10:22:16+00:00\" \/>\n<meta property=\"article:modified_time\" content=\"2024-07-24T10:37:25+00:00\" \/>\n<meta property=\"og:image\" content=\"https:\/\/idcserbia.org\/wp-content\/uploads\/2024\/07\/Srbija-1-scaled.jpg\" \/>\n\t<meta property=\"og:image:width\" content=\"2560\" \/>\n\t<meta property=\"og:image:height\" content=\"1157\" \/>\n\t<meta property=\"og:image:type\" content=\"image\/jpeg\" \/>\n<meta name=\"author\" content=\"IDC Serbia\" \/>\n<meta name=\"twitter:card\" content=\"summary_large_image\" \/>\n<meta name=\"twitter:creator\" content=\"@IDCSERBIA\" \/>\n<meta name=\"twitter:site\" content=\"@IDCSERBIA\" \/>\n<meta name=\"twitter:label1\" content=\"Written by\" \/>\n\t<meta name=\"twitter:data1\" content=\"IDC Serbia\" \/>\n\t<meta name=\"twitter:label2\" content=\"Est. reading time\" \/>\n\t<meta name=\"twitter:data2\" content=\"2 minutes\" \/>\n<script type=\"application\/ld+json\" class=\"yoast-schema-graph\">{\"@context\":\"https:\\\/\\\/schema.org\",\"@graph\":[{\"@type\":\"Article\",\"@id\":\"https:\\\/\\\/idcserbia.org\\\/en\\\/balkan-caravan-journey-through-the-western-balkan-region\\\/#article\",\"isPartOf\":{\"@id\":\"https:\\\/\\\/idcserbia.org\\\/en\\\/balkan-caravan-journey-through-the-western-balkan-region\\\/\"},\"author\":{\"name\":\"IDC Serbia\",\"@id\":\"https:\\\/\\\/idcserbia.org\\\/#\\\/schema\\\/person\\\/9aabc1ee6cfdc5d7234d97fe33b1ff45\"},\"headline\":\"Balkan caravan &#8211; Journey through the Western Balkan region\",\"datePublished\":\"2024-07-14T10:22:16+00:00\",\"dateModified\":\"2024-07-24T10:37:25+00:00\",\"mainEntityOfPage\":{\"@id\":\"https:\\\/\\\/idcserbia.org\\\/en\\\/balkan-caravan-journey-through-the-western-balkan-region\\\/\"},\"wordCount\":371,\"image\":{\"@id\":\"https:\\\/\\\/idcserbia.org\\\/en\\\/balkan-caravan-journey-through-the-western-balkan-region\\\/#primaryimage\"},\"thumbnailUrl\":\"https:\\\/\\\/idcserbia.org\\\/wp-content\\\/uploads\\\/2024\\\/07\\\/Srbija-1-scaled.jpg\",\"keywords\":[\"balkancaravan\",\"socialserviceproviders\",\"westernbalkan\"],\"inLanguage\":\"en-US\"},{\"@type\":\"WebPage\",\"@id\":\"https:\\\/\\\/idcserbia.org\\\/en\\\/balkan-caravan-journey-through-the-western-balkan-region\\\/\",\"url\":\"https:\\\/\\\/idcserbia.org\\\/en\\\/balkan-caravan-journey-through-the-western-balkan-region\\\/\",\"name\":\"Balkan caravan - Journey through the Western Balkan region - IDC Serbia\",\"isPartOf\":{\"@id\":\"https:\\\/\\\/idcserbia.org\\\/#website\"},\"primaryImageOfPage\":{\"@id\":\"https:\\\/\\\/idcserbia.org\\\/en\\\/balkan-caravan-journey-through-the-western-balkan-region\\\/#primaryimage\"},\"image\":{\"@id\":\"https:\\\/\\\/idcserbia.org\\\/en\\\/balkan-caravan-journey-through-the-western-balkan-region\\\/#primaryimage\"},\"thumbnailUrl\":\"https:\\\/\\\/idcserbia.org\\\/wp-content\\\/uploads\\\/2024\\\/07\\\/Srbija-1-scaled.jpg\",\"datePublished\":\"2024-07-14T10:22:16+00:00\",\"dateModified\":\"2024-07-24T10:37:25+00:00\",\"author\":{\"@id\":\"https:\\\/\\\/idcserbia.org\\\/#\\\/schema\\\/person\\\/9aabc1ee6cfdc5d7234d97fe33b1ff45\"},\"description\":\"the IRIS network organized the Balkan Caravan from July 8 - 13, 2024 in six countries of the region\",\"breadcrumb\":{\"@id\":\"https:\\\/\\\/idcserbia.org\\\/en\\\/balkan-caravan-journey-through-the-western-balkan-region\\\/#breadcrumb\"},\"inLanguage\":\"en-US\",\"potentialAction\":[{\"@type\":\"ReadAction\",\"target\":[\"https:\\\/\\\/idcserbia.org\\\/en\\\/balkan-caravan-journey-through-the-western-balkan-region\\\/\"]}]},{\"@type\":\"ImageObject\",\"inLanguage\":\"en-US\",\"@id\":\"https:\\\/\\\/idcserbia.org\\\/en\\\/balkan-caravan-journey-through-the-western-balkan-region\\\/#primaryimage\",\"url\":\"https:\\\/\\\/idcserbia.org\\\/wp-content\\\/uploads\\\/2024\\\/07\\\/Srbija-1-scaled.jpg\",\"contentUrl\":\"https:\\\/\\\/idcserbia.org\\\/wp-content\\\/uploads\\\/2024\\\/07\\\/Srbija-1-scaled.jpg\",\"width\":2560,\"height\":1157,\"caption\":\"_cuva\"},{\"@type\":\"BreadcrumbList\",\"@id\":\"https:\\\/\\\/idcserbia.org\\\/en\\\/balkan-caravan-journey-through-the-western-balkan-region\\\/#breadcrumb\",\"itemListElement\":[{\"@type\":\"ListItem\",\"position\":1,\"name\":\"Home\",\"item\":\"https:\\\/\\\/idcserbia.org\\\/en\\\/\"},{\"@type\":\"ListItem\",\"position\":2,\"name\":\"Balkan caravan &#8211; Journey through the Western Balkan region\"}]},{\"@type\":\"WebSite\",\"@id\":\"https:\\\/\\\/idcserbia.org\\\/#website\",\"url\":\"https:\\\/\\\/idcserbia.org\\\/\",\"name\":\"IDC Serbia\",\"description\":\"Association of Citizens Initiative for Development and Cooperation\\r\\n\",\"potentialAction\":[{\"@type\":\"SearchAction\",\"target\":{\"@type\":\"EntryPoint\",\"urlTemplate\":\"https:\\\/\\\/idcserbia.org\\\/?s={search_term_string}\"},\"query-input\":{\"@type\":\"PropertyValueSpecification\",\"valueRequired\":true,\"valueName\":\"search_term_string\"}}],\"inLanguage\":\"en-US\"},{\"@type\":\"Person\",\"@id\":\"https:\\\/\\\/idcserbia.org\\\/#\\\/schema\\\/person\\\/9aabc1ee6cfdc5d7234d97fe33b1ff45\",\"name\":\"IDC Serbia\",\"url\":\"https:\\\/\\\/idcserbia.org\\\/en\\\/author\\\/idc-serbia\\\/\"}]}<\/script>\n<!-- \/ Yoast SEO plugin. -->","yoast_head_json":{"title":"Balkan caravan - Journey through the Western Balkan region - IDC Serbia","description":"the IRIS network organized the Balkan Caravan from July 8 - 13, 2024 in six countries of the region","robots":{"index":"index","follow":"follow","max-snippet":"max-snippet:-1","max-image-preview":"max-image-preview:large","max-video-preview":"max-video-preview:-1"},"canonical":"https:\/\/idcserbia.org\/en\/balkan-caravan-journey-through-the-western-balkan-region\/","og_locale":"en_US","og_type":"article","og_title":"Balkan caravan - Journey through the Western Balkan region - IDC Serbia","og_description":"the IRIS network organized the Balkan Caravan from July 8 - 13, 2024 in six countries of the region","og_url":"https:\/\/idcserbia.org\/en\/balkan-caravan-journey-through-the-western-balkan-region\/","og_site_name":"IDC Serbia","article_publisher":"https:\/\/www.facebook.com\/idc.serbia","article_published_time":"2024-07-14T10:22:16+00:00","article_modified_time":"2024-07-24T10:37:25+00:00","og_image":[{"width":2560,"height":1157,"url":"https:\/\/idcserbia.org\/wp-content\/uploads\/2024\/07\/Srbija-1-scaled.jpg","type":"image\/jpeg"}],"author":"IDC Serbia","twitter_card":"summary_large_image","twitter_creator":"@IDCSERBIA","twitter_site":"@IDCSERBIA","twitter_misc":{"Written by":"IDC Serbia","Est. reading time":"2 minutes"},"schema":{"@context":"https:\/\/schema.org","@graph":[{"@type":"Article","@id":"https:\/\/idcserbia.org\/en\/balkan-caravan-journey-through-the-western-balkan-region\/#article","isPartOf":{"@id":"https:\/\/idcserbia.org\/en\/balkan-caravan-journey-through-the-western-balkan-region\/"},"author":{"name":"IDC Serbia","@id":"https:\/\/idcserbia.org\/#\/schema\/person\/9aabc1ee6cfdc5d7234d97fe33b1ff45"},"headline":"Balkan caravan &#8211; Journey through the Western Balkan region","datePublished":"2024-07-14T10:22:16+00:00","dateModified":"2024-07-24T10:37:25+00:00","mainEntityOfPage":{"@id":"https:\/\/idcserbia.org\/en\/balkan-caravan-journey-through-the-western-balkan-region\/"},"wordCount":371,"image":{"@id":"https:\/\/idcserbia.org\/en\/balkan-caravan-journey-through-the-western-balkan-region\/#primaryimage"},"thumbnailUrl":"https:\/\/idcserbia.org\/wp-content\/uploads\/2024\/07\/Srbija-1-scaled.jpg","keywords":["balkancaravan","socialserviceproviders","westernbalkan"],"inLanguage":"en-US"},{"@type":"WebPage","@id":"https:\/\/idcserbia.org\/en\/balkan-caravan-journey-through-the-western-balkan-region\/","url":"https:\/\/idcserbia.org\/en\/balkan-caravan-journey-through-the-western-balkan-region\/","name":"Balkan caravan - Journey through the Western Balkan region - IDC Serbia","isPartOf":{"@id":"https:\/\/idcserbia.org\/#website"},"primaryImageOfPage":{"@id":"https:\/\/idcserbia.org\/en\/balkan-caravan-journey-through-the-western-balkan-region\/#primaryimage"},"image":{"@id":"https:\/\/idcserbia.org\/en\/balkan-caravan-journey-through-the-western-balkan-region\/#primaryimage"},"thumbnailUrl":"https:\/\/idcserbia.org\/wp-content\/uploads\/2024\/07\/Srbija-1-scaled.jpg","datePublished":"2024-07-14T10:22:16+00:00","dateModified":"2024-07-24T10:37:25+00:00","author":{"@id":"https:\/\/idcserbia.org\/#\/schema\/person\/9aabc1ee6cfdc5d7234d97fe33b1ff45"},"description":"the IRIS network organized the Balkan Caravan from July 8 - 13, 2024 in six countries of the region","breadcrumb":{"@id":"https:\/\/idcserbia.org\/en\/balkan-caravan-journey-through-the-western-balkan-region\/#breadcrumb"},"inLanguage":"en-US","potentialAction":[{"@type":"ReadAction","target":["https:\/\/idcserbia.org\/en\/balkan-caravan-journey-through-the-western-balkan-region\/"]}]},{"@type":"ImageObject","inLanguage":"en-US","@id":"https:\/\/idcserbia.org\/en\/balkan-caravan-journey-through-the-western-balkan-region\/#primaryimage","url":"https:\/\/idcserbia.org\/wp-content\/uploads\/2024\/07\/Srbija-1-scaled.jpg","contentUrl":"https:\/\/idcserbia.org\/wp-content\/uploads\/2024\/07\/Srbija-1-scaled.jpg","width":2560,"height":1157,"caption":"_cuva"},{"@type":"BreadcrumbList","@id":"https:\/\/idcserbia.org\/en\/balkan-caravan-journey-through-the-western-balkan-region\/#breadcrumb","itemListElement":[{"@type":"ListItem","position":1,"name":"Home","item":"https:\/\/idcserbia.org\/en\/"},{"@type":"ListItem","position":2,"name":"Balkan caravan &#8211; Journey through the Western Balkan region"}]},{"@type":"WebSite","@id":"https:\/\/idcserbia.org\/#website","url":"https:\/\/idcserbia.org\/","name":"IDC Serbia","description":"Association of Citizens Initiative for Development and Cooperation\r\n","potentialAction":[{"@type":"SearchAction","target":{"@type":"EntryPoint","urlTemplate":"https:\/\/idcserbia.org\/?s={search_term_string}"},"query-input":{"@type":"PropertyValueSpecification","valueRequired":true,"valueName":"search_term_string"}}],"inLanguage":"en-US"},{"@type":"Person","@id":"https:\/\/idcserbia.org\/#\/schema\/person\/9aabc1ee6cfdc5d7234d97fe33b1ff45","name":"IDC Serbia","url":"https:\/\/idcserbia.org\/en\/author\/idc-serbia\/"}]}},"_links":{"self":[{"href":"https:\/\/idcserbia.org\/en\/wp-json\/wp\/v2\/posts\/7670","targetHints":{"allow":["GET"]}}],"collection":[{"href":"https:\/\/idcserbia.org\/en\/wp-json\/wp\/v2\/posts"}],"about":[{"href":"https:\/\/idcserbia.org\/en\/wp-json\/wp\/v2\/types\/post"}],"author":[{"embeddable":true,"href":"https:\/\/idcserbia.org\/en\/wp-json\/wp\/v2\/users\/2"}],"replies":[{"embeddable":true,"href":"https:\/\/idcserbia.org\/en\/wp-json\/wp\/v2\/comments?post=7670"}],"version-history":[{"count":2,"href":"https:\/\/idcserbia.org\/en\/wp-json\/wp\/v2\/posts\/7670\/revisions"}],"predecessor-version":[{"id":7673,"href":"https:\/\/idcserbia.org\/en\/wp-json\/wp\/v2\/posts\/7670\/revisions\/7673"}],"wp:featuredmedia":[{"embeddable":true,"href":"https:\/\/idcserbia.org\/en\/wp-json\/wp\/v2\/media\/7671"}],"wp:attachment":[{"href":"https:\/\/idcserbia.org\/en\/wp-json\/wp\/v2\/media?parent=7670"}],"wp:term":[{"taxonomy":"category","embeddable":true,"href":"https:\/\/idcserbia.org\/en\/wp-json\/wp\/v2\/categories?post=7670"},{"taxonomy":"post_tag","embeddable":true,"href":"https:\/\/idcserbia.org\/en\/wp-json\/wp\/v2\/tags?post=7670"}],"curies":[{"name":"wp","href":"https:\/\/api.w.org\/{rel}","templated":true}]}}