{"id":7867,"date":"2025-04-15T19:35:27","date_gmt":"2025-04-15T17:35:27","guid":{"rendered":"https:\/\/idcserbia.org\/en\/idc-dobitnik-priznanja-u-cast-jubileja-agencije-za-mirno-resavanje-radnih-sporova\/"},"modified":"2025-12-08T10:27:48","modified_gmt":"2025-12-08T09:27:48","slug":"idc-dobitnik-priznanja-u-cast-jubileja-agencije-za-mirno-resavanje-radnih-sporova","status":"publish","type":"post","link":"https:\/\/idcserbia.org\/en\/idc-dobitnik-priznanja-u-cast-jubileja-agencije-za-mirno-resavanje-radnih-sporova\/","title":{"rendered":"IDC dobitnik priznanja u \u010dast jubileja Agencije za mirno re\u0161avanje radnih sporova"},"content":{"rendered":"<div id=\"s-share-buttons\" class=\"horizontal-w-c-circular s-share-w-c\"><a href=\"http:\/\/www.facebook.com\/sharer.php?u=https:\/\/idcserbia.org\/en\/idc-dobitnik-priznanja-u-cast-jubileja-agencije-za-mirno-resavanje-radnih-sporova\/\" target=\"_blank\" title=\"Share to Facebook\" class=\"s3-facebook hint--top\"><\/a><a href=\"http:\/\/twitter.com\/intent\/tweet?text=IDC dobitnik priznanja u \u010dast jubileja Agencije za mirno re\u0161avanje radnih sporova&url=https:\/\/idcserbia.org\/en\/idc-dobitnik-priznanja-u-cast-jubileja-agencije-za-mirno-resavanje-radnih-sporova\/\" target=\"_blank\"  title=\"Share to Twitter\" class=\"s3-twitter hint--top\"><\/a><a href=\"http:\/\/www.linkedin.com\/shareArticle?mini=true&url=https:\/\/idcserbia.org\/en\/idc-dobitnik-priznanja-u-cast-jubileja-agencije-za-mirno-resavanje-radnih-sporova\/\" target=\"_blank\" title=\"Share to LinkedIn\" class=\"s3-linkedin hint--top\"><\/a><a href=\"mailto:?Subject=IDC%20dobitnik%20priznanja%20u%20\u010dast%20jubileja%20Agencije%20za%20mirno%20re\u0161avanje%20radnih%20sporova&Body=Here%20is%20the%20link%20to%20the%20article:%20https:\/\/idcserbia.org\/en\/idc-dobitnik-priznanja-u-cast-jubileja-agencije-za-mirno-resavanje-radnih-sporova\/\" title=\"Email this article\" class=\"s3-email hint--top\"><\/a><\/div><h2>IDC dobitnik priznanja u \u010dast jubileja Agencije za mirno re\u0161avanje radnih sporova<\/h2>\n<p>Na sve\u010danom doga\u0111aju povodom 20 godina rada Republi\u010dke agencije za mirno re\u0161avanje radnih sporova, odr\u017eanom 4. aprila 2025. godine u prostorijama Narodne banke Srbije, IDC je primio zahvalnicu za poseban doprinos razvoju instituta mirnog re\u0161avanja radnih sporova u Srbiji.<\/p>\n<p>IDC je od samog po\u010detka u saradnji sa socijalnim partnerima i Agencijom realizovao projekte usmerene na pove\u0107anje vidljivosti instituta mirnog re\u0161avanja radnih sporova, uz finansijsku podr\u0161ku Solidar Suisse i Olof Palme Centra. Aktivnosti koje su realizovane u saradnji sa socijalnim partnerima i drugim relevantim akterima tokom dugogodi\u0161nje saradnje imale su za cilj ja\u010danje socijalnog dijaloga i promociju mehanizama mirnog re\u0161avanja radnih sporova u na\u0161oj zemlji.<\/p>\n<p>Ovo priznanje uru\u010deno je direktoru IDC-a, gospodinu Miodragu Nedeljkovi\u0107u, tokom dodele plaketa institucijama i organizacijama koje su svojim anga\u017eovanjem doprinele afirmaciji socijalnog dijaloga i uspe\u0161noj primeni mirenja i arbitra\u017ee u radnim sporovima.<\/p>\n<p>IDC nastavlja da se zala\u017ee za sna\u017eniju saradnju sa relevantnim akterima iz javnog i privatnog sektora, kako bi se kroz budu\u0107e inicijative i projekte dodatno unapredili pravedni radni odnosi i primena mirnog re\u0161avanja konflikata. Zahvaljujemo se Republi\u010dkoj agenciji na dodeljenoj zahvalnici i radujemo se novim zajedni\u010dkim aktivnostima.<\/p>\n<p>&nbsp;<\/p>\n<p><a href=\"https:\/\/idcserbia.org\/488370650_18497231899026721_1038619110791379196_n-2\/\" rel=\"attachment wp-att-7853\"><img loading=\"lazy\" decoding=\"async\" class=\"aligncenter wp-image-7853\" src=\"https:\/\/idcserbia.org\/wp-content\/uploads\/2025\/04\/488370650_18497231899026721_1038619110791379196_n-1-300x225.jpeg\" alt=\"\" width=\"692\" height=\"519\" srcset=\"https:\/\/idcserbia.org\/wp-content\/uploads\/2025\/04\/488370650_18497231899026721_1038619110791379196_n-1-300x225.jpeg 300w, https:\/\/idcserbia.org\/wp-content\/uploads\/2025\/04\/488370650_18497231899026721_1038619110791379196_n-1-1024x768.jpeg 1024w, https:\/\/idcserbia.org\/wp-content\/uploads\/2025\/04\/488370650_18497231899026721_1038619110791379196_n-1-768x576.jpeg 768w, https:\/\/idcserbia.org\/wp-content\/uploads\/2025\/04\/488370650_18497231899026721_1038619110791379196_n-1-200x150.jpeg 200w, https:\/\/idcserbia.org\/wp-content\/uploads\/2025\/04\/488370650_18497231899026721_1038619110791379196_n-1.jpeg 1440w\" sizes=\"auto, (max-width: 692px) 100vw, 692px\" \/><\/a><\/p>\n<p>&nbsp;<\/p>\n","protected":false},"excerpt":{"rendered":"<p>IDC dobitnik priznanja u \u010dast jubileja Agencije za mirno re\u0161avanje radnih sporova Na sve\u010danom doga\u0111aju povodom 20 godina rada Republi\u010dke agencije za mirno re\u0161avanje radnih sporova, odr\u017eanom 4. aprila 2025. godine u prostorijama Narodne banke Srbije, IDC je primio zahvalnicu za poseban doprinos razvoju instituta mirnog re\u0161avanja radnih sporova u Srbiji. IDC je od samog [&hellip;]<\/p>\n","protected":false},"author":2,"featured_media":0,"comment_status":"closed","ping_status":"closed","sticky":false,"template":"","format":"standard","meta":{"footnotes":""},"categories":[163],"tags":[],"class_list":["post-7867","post","type-post","status-publish","format-standard","hentry","category-aktuelno-en"],"yoast_head":"<!-- This site is optimized with the Yoast SEO plugin v27.4 - https:\/\/yoast.com\/product\/yoast-seo-wordpress\/ -->\n<title>IDC dobitnik priznanja u \u010dast jubileja Agencije za mirno re\u0161avanje radnih sporova - IDC Serbia<\/title>\n<meta name=\"robots\" content=\"index, follow, max-snippet:-1, max-image-preview:large, max-video-preview:-1\" \/>\n<link rel=\"canonical\" href=\"https:\/\/idcserbia.org\/en\/idc-dobitnik-priznanja-u-cast-jubileja-agencije-za-mirno-resavanje-radnih-sporova\/\" \/>\n<meta property=\"og:locale\" content=\"en_US\" \/>\n<meta property=\"og:type\" content=\"article\" \/>\n<meta property=\"og:title\" content=\"IDC dobitnik priznanja u \u010dast jubileja Agencije za mirno re\u0161avanje radnih sporova - IDC Serbia\" \/>\n<meta property=\"og:description\" content=\"IDC dobitnik priznanja u \u010dast jubileja Agencije za mirno re\u0161avanje radnih sporova Na sve\u010danom doga\u0111aju povodom 20 godina rada Republi\u010dke agencije za mirno re\u0161avanje radnih sporova, odr\u017eanom 4. aprila 2025. godine u prostorijama Narodne banke Srbije, IDC je primio zahvalnicu za poseban doprinos razvoju instituta mirnog re\u0161avanja radnih sporova u Srbiji. IDC je od samog [&hellip;]\" \/>\n<meta property=\"og:url\" content=\"https:\/\/idcserbia.org\/en\/idc-dobitnik-priznanja-u-cast-jubileja-agencije-za-mirno-resavanje-radnih-sporova\/\" \/>\n<meta property=\"og:site_name\" content=\"IDC Serbia\" \/>\n<meta property=\"article:publisher\" content=\"https:\/\/www.facebook.com\/idc.serbia\" \/>\n<meta property=\"article:published_time\" content=\"2025-04-15T17:35:27+00:00\" \/>\n<meta property=\"article:modified_time\" content=\"2025-12-08T09:27:48+00:00\" \/>\n<meta property=\"og:image\" content=\"https:\/\/idcserbia.org\/wp-content\/uploads\/2025\/04\/488370650_18497231899026721_1038619110791379196_n-1.jpeg\" \/>\n\t<meta property=\"og:image:width\" content=\"1440\" \/>\n\t<meta property=\"og:image:height\" content=\"1080\" \/>\n\t<meta property=\"og:image:type\" content=\"image\/jpeg\" \/>\n<meta name=\"author\" content=\"IDC Serbia\" \/>\n<meta name=\"twitter:card\" content=\"summary_large_image\" \/>\n<meta name=\"twitter:creator\" content=\"@IDCSERBIA\" \/>\n<meta name=\"twitter:site\" content=\"@IDCSERBIA\" \/>\n<meta name=\"twitter:label1\" content=\"Written by\" \/>\n\t<meta name=\"twitter:data1\" content=\"IDC Serbia\" \/>\n\t<meta name=\"twitter:label2\" content=\"Est. reading time\" \/>\n\t<meta name=\"twitter:data2\" content=\"1 minute\" \/>\n<script type=\"application\/ld+json\" class=\"yoast-schema-graph\">{\"@context\":\"https:\\\/\\\/schema.org\",\"@graph\":[{\"@type\":\"Article\",\"@id\":\"https:\\\/\\\/idcserbia.org\\\/en\\\/idc-dobitnik-priznanja-u-cast-jubileja-agencije-za-mirno-resavanje-radnih-sporova\\\/#article\",\"isPartOf\":{\"@id\":\"https:\\\/\\\/idcserbia.org\\\/en\\\/idc-dobitnik-priznanja-u-cast-jubileja-agencije-za-mirno-resavanje-radnih-sporova\\\/\"},\"author\":{\"name\":\"IDC Serbia\",\"@id\":\"https:\\\/\\\/idcserbia.org\\\/#\\\/schema\\\/person\\\/9aabc1ee6cfdc5d7234d97fe33b1ff45\"},\"headline\":\"IDC dobitnik priznanja u \u010dast jubileja Agencije za mirno re\u0161avanje radnih sporova\",\"datePublished\":\"2025-04-15T17:35:27+00:00\",\"dateModified\":\"2025-12-08T09:27:48+00:00\",\"mainEntityOfPage\":{\"@id\":\"https:\\\/\\\/idcserbia.org\\\/en\\\/idc-dobitnik-priznanja-u-cast-jubileja-agencije-za-mirno-resavanje-radnih-sporova\\\/\"},\"wordCount\":233,\"image\":{\"@id\":\"https:\\\/\\\/idcserbia.org\\\/en\\\/idc-dobitnik-priznanja-u-cast-jubileja-agencije-za-mirno-resavanje-radnih-sporova\\\/#primaryimage\"},\"thumbnailUrl\":\"https:\\\/\\\/idcserbia.org\\\/wp-content\\\/uploads\\\/2025\\\/04\\\/488370650_18497231899026721_1038619110791379196_n-1-300x225.jpeg\",\"articleSection\":[\"Actual\"],\"inLanguage\":\"en-US\"},{\"@type\":\"WebPage\",\"@id\":\"https:\\\/\\\/idcserbia.org\\\/en\\\/idc-dobitnik-priznanja-u-cast-jubileja-agencije-za-mirno-resavanje-radnih-sporova\\\/\",\"url\":\"https:\\\/\\\/idcserbia.org\\\/en\\\/idc-dobitnik-priznanja-u-cast-jubileja-agencije-za-mirno-resavanje-radnih-sporova\\\/\",\"name\":\"IDC dobitnik priznanja u \u010dast jubileja Agencije za mirno re\u0161avanje radnih sporova - IDC Serbia\",\"isPartOf\":{\"@id\":\"https:\\\/\\\/idcserbia.org\\\/#website\"},\"primaryImageOfPage\":{\"@id\":\"https:\\\/\\\/idcserbia.org\\\/en\\\/idc-dobitnik-priznanja-u-cast-jubileja-agencije-za-mirno-resavanje-radnih-sporova\\\/#primaryimage\"},\"image\":{\"@id\":\"https:\\\/\\\/idcserbia.org\\\/en\\\/idc-dobitnik-priznanja-u-cast-jubileja-agencije-za-mirno-resavanje-radnih-sporova\\\/#primaryimage\"},\"thumbnailUrl\":\"https:\\\/\\\/idcserbia.org\\\/wp-content\\\/uploads\\\/2025\\\/04\\\/488370650_18497231899026721_1038619110791379196_n-1-300x225.jpeg\",\"datePublished\":\"2025-04-15T17:35:27+00:00\",\"dateModified\":\"2025-12-08T09:27:48+00:00\",\"author\":{\"@id\":\"https:\\\/\\\/idcserbia.org\\\/#\\\/schema\\\/person\\\/9aabc1ee6cfdc5d7234d97fe33b1ff45\"},\"breadcrumb\":{\"@id\":\"https:\\\/\\\/idcserbia.org\\\/en\\\/idc-dobitnik-priznanja-u-cast-jubileja-agencije-za-mirno-resavanje-radnih-sporova\\\/#breadcrumb\"},\"inLanguage\":\"en-US\",\"potentialAction\":[{\"@type\":\"ReadAction\",\"target\":[\"https:\\\/\\\/idcserbia.org\\\/en\\\/idc-dobitnik-priznanja-u-cast-jubileja-agencije-za-mirno-resavanje-radnih-sporova\\\/\"]}]},{\"@type\":\"ImageObject\",\"inLanguage\":\"en-US\",\"@id\":\"https:\\\/\\\/idcserbia.org\\\/en\\\/idc-dobitnik-priznanja-u-cast-jubileja-agencije-za-mirno-resavanje-radnih-sporova\\\/#primaryimage\",\"url\":\"https:\\\/\\\/idcserbia.org\\\/wp-content\\\/uploads\\\/2025\\\/04\\\/488370650_18497231899026721_1038619110791379196_n-1-300x225.jpeg\",\"contentUrl\":\"https:\\\/\\\/idcserbia.org\\\/wp-content\\\/uploads\\\/2025\\\/04\\\/488370650_18497231899026721_1038619110791379196_n-1-300x225.jpeg\"},{\"@type\":\"BreadcrumbList\",\"@id\":\"https:\\\/\\\/idcserbia.org\\\/en\\\/idc-dobitnik-priznanja-u-cast-jubileja-agencije-za-mirno-resavanje-radnih-sporova\\\/#breadcrumb\",\"itemListElement\":[{\"@type\":\"ListItem\",\"position\":1,\"name\":\"Home\",\"item\":\"https:\\\/\\\/idcserbia.org\\\/en\\\/\"},{\"@type\":\"ListItem\",\"position\":2,\"name\":\"IDC dobitnik priznanja u \u010dast jubileja Agencije za mirno re\u0161avanje radnih sporova\"}]},{\"@type\":\"WebSite\",\"@id\":\"https:\\\/\\\/idcserbia.org\\\/#website\",\"url\":\"https:\\\/\\\/idcserbia.org\\\/\",\"name\":\"IDC Serbia\",\"description\":\"Association of Citizens Initiative for Development and Cooperation\\r\\n\",\"potentialAction\":[{\"@type\":\"SearchAction\",\"target\":{\"@type\":\"EntryPoint\",\"urlTemplate\":\"https:\\\/\\\/idcserbia.org\\\/?s={search_term_string}\"},\"query-input\":{\"@type\":\"PropertyValueSpecification\",\"valueRequired\":true,\"valueName\":\"search_term_string\"}}],\"inLanguage\":\"en-US\"},{\"@type\":\"Person\",\"@id\":\"https:\\\/\\\/idcserbia.org\\\/#\\\/schema\\\/person\\\/9aabc1ee6cfdc5d7234d97fe33b1ff45\",\"name\":\"IDC Serbia\",\"url\":\"https:\\\/\\\/idcserbia.org\\\/en\\\/author\\\/idc-serbia\\\/\"}]}<\/script>\n<!-- \/ Yoast SEO plugin. -->","yoast_head_json":{"title":"IDC dobitnik priznanja u \u010dast jubileja Agencije za mirno re\u0161avanje radnih sporova - IDC Serbia","robots":{"index":"index","follow":"follow","max-snippet":"max-snippet:-1","max-image-preview":"max-image-preview:large","max-video-preview":"max-video-preview:-1"},"canonical":"https:\/\/idcserbia.org\/en\/idc-dobitnik-priznanja-u-cast-jubileja-agencije-za-mirno-resavanje-radnih-sporova\/","og_locale":"en_US","og_type":"article","og_title":"IDC dobitnik priznanja u \u010dast jubileja Agencije za mirno re\u0161avanje radnih sporova - IDC Serbia","og_description":"IDC dobitnik priznanja u \u010dast jubileja Agencije za mirno re\u0161avanje radnih sporova Na sve\u010danom doga\u0111aju povodom 20 godina rada Republi\u010dke agencije za mirno re\u0161avanje radnih sporova, odr\u017eanom 4. aprila 2025. godine u prostorijama Narodne banke Srbije, IDC je primio zahvalnicu za poseban doprinos razvoju instituta mirnog re\u0161avanja radnih sporova u Srbiji. IDC je od samog [&hellip;]","og_url":"https:\/\/idcserbia.org\/en\/idc-dobitnik-priznanja-u-cast-jubileja-agencije-za-mirno-resavanje-radnih-sporova\/","og_site_name":"IDC Serbia","article_publisher":"https:\/\/www.facebook.com\/idc.serbia","article_published_time":"2025-04-15T17:35:27+00:00","article_modified_time":"2025-12-08T09:27:48+00:00","og_image":[{"width":1440,"height":1080,"url":"https:\/\/idcserbia.org\/wp-content\/uploads\/2025\/04\/488370650_18497231899026721_1038619110791379196_n-1.jpeg","type":"image\/jpeg"}],"author":"IDC Serbia","twitter_card":"summary_large_image","twitter_creator":"@IDCSERBIA","twitter_site":"@IDCSERBIA","twitter_misc":{"Written by":"IDC Serbia","Est. reading time":"1 minute"},"schema":{"@context":"https:\/\/schema.org","@graph":[{"@type":"Article","@id":"https:\/\/idcserbia.org\/en\/idc-dobitnik-priznanja-u-cast-jubileja-agencije-za-mirno-resavanje-radnih-sporova\/#article","isPartOf":{"@id":"https:\/\/idcserbia.org\/en\/idc-dobitnik-priznanja-u-cast-jubileja-agencije-za-mirno-resavanje-radnih-sporova\/"},"author":{"name":"IDC Serbia","@id":"https:\/\/idcserbia.org\/#\/schema\/person\/9aabc1ee6cfdc5d7234d97fe33b1ff45"},"headline":"IDC dobitnik priznanja u \u010dast jubileja Agencije za mirno re\u0161avanje radnih sporova","datePublished":"2025-04-15T17:35:27+00:00","dateModified":"2025-12-08T09:27:48+00:00","mainEntityOfPage":{"@id":"https:\/\/idcserbia.org\/en\/idc-dobitnik-priznanja-u-cast-jubileja-agencije-za-mirno-resavanje-radnih-sporova\/"},"wordCount":233,"image":{"@id":"https:\/\/idcserbia.org\/en\/idc-dobitnik-priznanja-u-cast-jubileja-agencije-za-mirno-resavanje-radnih-sporova\/#primaryimage"},"thumbnailUrl":"https:\/\/idcserbia.org\/wp-content\/uploads\/2025\/04\/488370650_18497231899026721_1038619110791379196_n-1-300x225.jpeg","articleSection":["Actual"],"inLanguage":"en-US"},{"@type":"WebPage","@id":"https:\/\/idcserbia.org\/en\/idc-dobitnik-priznanja-u-cast-jubileja-agencije-za-mirno-resavanje-radnih-sporova\/","url":"https:\/\/idcserbia.org\/en\/idc-dobitnik-priznanja-u-cast-jubileja-agencije-za-mirno-resavanje-radnih-sporova\/","name":"IDC dobitnik priznanja u \u010dast jubileja Agencije za mirno re\u0161avanje radnih sporova - IDC Serbia","isPartOf":{"@id":"https:\/\/idcserbia.org\/#website"},"primaryImageOfPage":{"@id":"https:\/\/idcserbia.org\/en\/idc-dobitnik-priznanja-u-cast-jubileja-agencije-za-mirno-resavanje-radnih-sporova\/#primaryimage"},"image":{"@id":"https:\/\/idcserbia.org\/en\/idc-dobitnik-priznanja-u-cast-jubileja-agencije-za-mirno-resavanje-radnih-sporova\/#primaryimage"},"thumbnailUrl":"https:\/\/idcserbia.org\/wp-content\/uploads\/2025\/04\/488370650_18497231899026721_1038619110791379196_n-1-300x225.jpeg","datePublished":"2025-04-15T17:35:27+00:00","dateModified":"2025-12-08T09:27:48+00:00","author":{"@id":"https:\/\/idcserbia.org\/#\/schema\/person\/9aabc1ee6cfdc5d7234d97fe33b1ff45"},"breadcrumb":{"@id":"https:\/\/idcserbia.org\/en\/idc-dobitnik-priznanja-u-cast-jubileja-agencije-za-mirno-resavanje-radnih-sporova\/#breadcrumb"},"inLanguage":"en-US","potentialAction":[{"@type":"ReadAction","target":["https:\/\/idcserbia.org\/en\/idc-dobitnik-priznanja-u-cast-jubileja-agencije-za-mirno-resavanje-radnih-sporova\/"]}]},{"@type":"ImageObject","inLanguage":"en-US","@id":"https:\/\/idcserbia.org\/en\/idc-dobitnik-priznanja-u-cast-jubileja-agencije-za-mirno-resavanje-radnih-sporova\/#primaryimage","url":"https:\/\/idcserbia.org\/wp-content\/uploads\/2025\/04\/488370650_18497231899026721_1038619110791379196_n-1-300x225.jpeg","contentUrl":"https:\/\/idcserbia.org\/wp-content\/uploads\/2025\/04\/488370650_18497231899026721_1038619110791379196_n-1-300x225.jpeg"},{"@type":"BreadcrumbList","@id":"https:\/\/idcserbia.org\/en\/idc-dobitnik-priznanja-u-cast-jubileja-agencije-za-mirno-resavanje-radnih-sporova\/#breadcrumb","itemListElement":[{"@type":"ListItem","position":1,"name":"Home","item":"https:\/\/idcserbia.org\/en\/"},{"@type":"ListItem","position":2,"name":"IDC dobitnik priznanja u \u010dast jubileja Agencije za mirno re\u0161avanje radnih sporova"}]},{"@type":"WebSite","@id":"https:\/\/idcserbia.org\/#website","url":"https:\/\/idcserbia.org\/","name":"IDC Serbia","description":"Association of Citizens Initiative for Development and Cooperation\r\n","potentialAction":[{"@type":"SearchAction","target":{"@type":"EntryPoint","urlTemplate":"https:\/\/idcserbia.org\/?s={search_term_string}"},"query-input":{"@type":"PropertyValueSpecification","valueRequired":true,"valueName":"search_term_string"}}],"inLanguage":"en-US"},{"@type":"Person","@id":"https:\/\/idcserbia.org\/#\/schema\/person\/9aabc1ee6cfdc5d7234d97fe33b1ff45","name":"IDC Serbia","url":"https:\/\/idcserbia.org\/en\/author\/idc-serbia\/"}]}},"_links":{"self":[{"href":"https:\/\/idcserbia.org\/en\/wp-json\/wp\/v2\/posts\/7867","targetHints":{"allow":["GET"]}}],"collection":[{"href":"https:\/\/idcserbia.org\/en\/wp-json\/wp\/v2\/posts"}],"about":[{"href":"https:\/\/idcserbia.org\/en\/wp-json\/wp\/v2\/types\/post"}],"author":[{"embeddable":true,"href":"https:\/\/idcserbia.org\/en\/wp-json\/wp\/v2\/users\/2"}],"replies":[{"embeddable":true,"href":"https:\/\/idcserbia.org\/en\/wp-json\/wp\/v2\/comments?post=7867"}],"version-history":[{"count":4,"href":"https:\/\/idcserbia.org\/en\/wp-json\/wp\/v2\/posts\/7867\/revisions"}],"predecessor-version":[{"id":8243,"href":"https:\/\/idcserbia.org\/en\/wp-json\/wp\/v2\/posts\/7867\/revisions\/8243"}],"wp:attachment":[{"href":"https:\/\/idcserbia.org\/en\/wp-json\/wp\/v2\/media?parent=7867"}],"wp:term":[{"taxonomy":"category","embeddable":true,"href":"https:\/\/idcserbia.org\/en\/wp-json\/wp\/v2\/categories?post=7867"},{"taxonomy":"post_tag","embeddable":true,"href":"https:\/\/idcserbia.org\/en\/wp-json\/wp\/v2\/tags?post=7867"}],"curies":[{"name":"wp","href":"https:\/\/api.w.org\/{rel}","templated":true}]}}