{"id":7970,"date":"2025-06-18T16:13:24","date_gmt":"2025-06-18T14:13:24","guid":{"rendered":"https:\/\/idcserbia.org\/en\/radni-dorucak-u-okviru-projekta-polozaj-ranjivih-stranaca-u-ostvarivanju-prava-na-rad-u-republici-srbiji-i-bosni-i-hercegovini\/"},"modified":"2025-12-08T11:17:00","modified_gmt":"2025-12-08T10:17:00","slug":"radni-dorucak-u-okviru-projekta-polozaj-ranjivih-stranaca-u-ostvarivanju-prava-na-rad-u-republici-srbiji-i-bosni-i-hercegovini","status":"publish","type":"post","link":"https:\/\/idcserbia.org\/en\/radni-dorucak-u-okviru-projekta-polozaj-ranjivih-stranaca-u-ostvarivanju-prava-na-rad-u-republici-srbiji-i-bosni-i-hercegovini\/","title":{"rendered":"Radni doru\u010dak u okviru projekta Polo\u017eaj ranjivih stranaca u ostvarivanju prava na rad u Republici Srbiji i Bosni i Hercegovini"},"content":{"rendered":"<div id=\"s-share-buttons\" class=\"horizontal-w-c-circular s-share-w-c\"><a href=\"http:\/\/www.facebook.com\/sharer.php?u=https:\/\/idcserbia.org\/en\/radni-dorucak-u-okviru-projekta-polozaj-ranjivih-stranaca-u-ostvarivanju-prava-na-rad-u-republici-srbiji-i-bosni-i-hercegovini\/\" target=\"_blank\" title=\"Share to Facebook\" class=\"s3-facebook hint--top\"><\/a><a href=\"http:\/\/twitter.com\/intent\/tweet?text=Radni doru\u010dak u okviru projekta Polo\u017eaj ranjivih stranaca u ostvarivanju prava na rad u Republici Srbiji i Bosni i Hercegovini&url=https:\/\/idcserbia.org\/en\/radni-dorucak-u-okviru-projekta-polozaj-ranjivih-stranaca-u-ostvarivanju-prava-na-rad-u-republici-srbiji-i-bosni-i-hercegovini\/\" target=\"_blank\"  title=\"Share to Twitter\" class=\"s3-twitter hint--top\"><\/a><a href=\"http:\/\/www.linkedin.com\/shareArticle?mini=true&url=https:\/\/idcserbia.org\/en\/radni-dorucak-u-okviru-projekta-polozaj-ranjivih-stranaca-u-ostvarivanju-prava-na-rad-u-republici-srbiji-i-bosni-i-hercegovini\/\" target=\"_blank\" title=\"Share to LinkedIn\" class=\"s3-linkedin hint--top\"><\/a><a href=\"mailto:?Subject=Radni%20doru\u010dak%20u%20okviru%20projekta%20Polo\u017eaj%20ranjivih%20stranaca%20u%20ostvarivanju%20prava%20na%20rad%20u%20Republici%20Srbiji%20i%20Bosni%20i%20Hercegovini&Body=Here%20is%20the%20link%20to%20the%20article:%20https:\/\/idcserbia.org\/en\/radni-dorucak-u-okviru-projekta-polozaj-ranjivih-stranaca-u-ostvarivanju-prava-na-rad-u-republici-srbiji-i-bosni-i-hercegovini\/\" title=\"Email this article\" class=\"s3-email hint--top\"><\/a><\/div><p>&nbsp;<\/p>\n<h1>Radni doru\u010dak &#8211; Polo\u017eaj ranjivih stranaca u ostvarivanju prava na rad u Srbiji i Bosni i Hercegovini<\/h1>\n<p>Odr\u017ean radni doru\u010dak u okviru projekta Polo\u017eaj ranjivih stranaca u ostvarivanju prava na rad u Republici Srbiji i Bosni i Hercegovini.<\/p>\n<p>U sredu, 18. juna 2025. godine, u prostorijama IDC-a u Beogradu, odr\u017ean je radni doru\u010dak posve\u0107en predstavljanju preliminarnih nalaza istra\u017eivanja o pristupu radnim pravima ranjivih kategorija stranaca u Republici Srbiji i Bosni i Hercegovini.<\/p>\n<p>U\u010desnici iz relevantnih institucija, me\u0111unarodnih organizacija i organizacija civilnog dru\u0161tva imali su priliku da se upoznaju sa preliminarnim nalazima istra\u017eivanja i preporukama za unapre\u0111enje polo\u017eaja ranjivih kategorija migranata (izbeglica, tra\u017eilaca azila, osobe sa odobrenom supsidijarnom za\u0161titom i privremenom za\u0161titom), kao i \u017ertava trgovine ljudima u oblasti rada.<\/p>\n<p>Preliminarne nalaze istra\u017eivanja predstavile su Milena \u0160o\u0161i\u0107, pravna savetnica IDC-a, i prof. dr. sc. Ajna Jodanovi\u0107 sa Univerziteta u Biha\u0107u. Nakon prezentacija, u\u010desnici su u\u010destvovali u konstruktivnoj diskusiji i razmeni mi\u0161ljenja o daljim koracima u ja\u010danju institucionalne podr\u0161ke i normativnog okvira.<\/p>\n<p>Doga\u0111aj je organizovan u okviru projekta \u201ePolo\u017eaj ranjivih stranaca u ostvarivanju prava na rad u Srbiji i BiH\u201c, koji se realizuje kao deo \u0161ireg regionalnog projekta FOSTER \u2013 Pristup socijalnim i ekonomskim pravima stranaca na Zapadnom Balkanu, uz finansijsku podr\u0161ku Evropske unije.<\/p>\n<p>Vi\u0161e o projektu<\/p>\n<p><a href=\"https:\/\/idcserbia.org\/projekti\/position-of-vulnerable-foreigners-in-accessing-labour-rights-in-serbia-and-bosnia-and-herzegovina\/\">https:\/\/idcserbia.org\/projekti\/position-of-vulnerable-foreigners-in-accessing-labour-rights-in-serbia-and-bosnia-and-herzegovina\/<\/a><\/p>\n<p><a href=\"https:\/\/idcserbia.org\/radni-dorucak-u-okviru-projekta-polozaj-ranjivih-stranaca-u-ostvarivanju-prava-na-rad-u-republici-srbiji-i-bosni-i-hercegovini\/img_6529\/\" rel=\"attachment wp-att-7967\"><img loading=\"lazy\" decoding=\"async\" class=\"aligncenter size-medium wp-image-7967\" src=\"https:\/\/idcserbia.org\/wp-content\/uploads\/2025\/06\/IMG_6529-300x225.jpg\" alt=\"\" width=\"300\" height=\"225\" srcset=\"https:\/\/idcserbia.org\/wp-content\/uploads\/2025\/06\/IMG_6529-300x225.jpg 300w, https:\/\/idcserbia.org\/wp-content\/uploads\/2025\/06\/IMG_6529-1024x768.jpg 1024w, https:\/\/idcserbia.org\/wp-content\/uploads\/2025\/06\/IMG_6529-768x576.jpg 768w, https:\/\/idcserbia.org\/wp-content\/uploads\/2025\/06\/IMG_6529-1536x1152.jpg 1536w, https:\/\/idcserbia.org\/wp-content\/uploads\/2025\/06\/IMG_6529-2048x1536.jpg 2048w, https:\/\/idcserbia.org\/wp-content\/uploads\/2025\/06\/IMG_6529-200x150.jpg 200w\" sizes=\"auto, (max-width: 300px) 100vw, 300px\" \/><\/a><\/p>\n","protected":false},"excerpt":{"rendered":"<p>&nbsp; Radni doru\u010dak &#8211; Polo\u017eaj ranjivih stranaca u ostvarivanju prava na rad u Srbiji i Bosni i Hercegovini Odr\u017ean radni doru\u010dak u okviru projekta Polo\u017eaj ranjivih stranaca u ostvarivanju prava na rad u Republici Srbiji i Bosni i Hercegovini. U sredu, 18. juna 2025. godine, u prostorijama IDC-a u Beogradu, odr\u017ean je radni doru\u010dak posve\u0107en [&hellip;]<\/p>\n","protected":false},"author":2,"featured_media":7966,"comment_status":"closed","ping_status":"closed","sticky":false,"template":"","format":"standard","meta":{"footnotes":""},"categories":[163],"tags":[],"class_list":["post-7970","post","type-post","status-publish","format-standard","has-post-thumbnail","hentry","category-aktuelno-en"],"yoast_head":"<!-- This site is optimized with the Yoast SEO plugin v27.4 - https:\/\/yoast.com\/product\/yoast-seo-wordpress\/ -->\n<title>Radni doru\u010dak u okviru projekta Polo\u017eaj ranjivih stranaca u ostvarivanju prava na rad u Republici Srbiji i Bosni i Hercegovini - IDC Serbia<\/title>\n<meta name=\"robots\" content=\"index, follow, max-snippet:-1, max-image-preview:large, max-video-preview:-1\" \/>\n<link rel=\"canonical\" href=\"https:\/\/idcserbia.org\/en\/radni-dorucak-u-okviru-projekta-polozaj-ranjivih-stranaca-u-ostvarivanju-prava-na-rad-u-republici-srbiji-i-bosni-i-hercegovini\/\" \/>\n<meta property=\"og:locale\" content=\"en_US\" \/>\n<meta property=\"og:type\" content=\"article\" \/>\n<meta property=\"og:title\" content=\"Radni doru\u010dak u okviru projekta Polo\u017eaj ranjivih stranaca u ostvarivanju prava na rad u Republici Srbiji i Bosni i Hercegovini - IDC Serbia\" \/>\n<meta property=\"og:description\" content=\"&nbsp; Radni doru\u010dak &#8211; Polo\u017eaj ranjivih stranaca u ostvarivanju prava na rad u Srbiji i Bosni i Hercegovini Odr\u017ean radni doru\u010dak u okviru projekta Polo\u017eaj ranjivih stranaca u ostvarivanju prava na rad u Republici Srbiji i Bosni i Hercegovini. U sredu, 18. juna 2025. godine, u prostorijama IDC-a u Beogradu, odr\u017ean je radni doru\u010dak posve\u0107en [&hellip;]\" \/>\n<meta property=\"og:url\" content=\"https:\/\/idcserbia.org\/en\/radni-dorucak-u-okviru-projekta-polozaj-ranjivih-stranaca-u-ostvarivanju-prava-na-rad-u-republici-srbiji-i-bosni-i-hercegovini\/\" \/>\n<meta property=\"og:site_name\" content=\"IDC Serbia\" \/>\n<meta property=\"article:publisher\" content=\"https:\/\/www.facebook.com\/idc.serbia\" \/>\n<meta property=\"article:published_time\" content=\"2025-06-18T14:13:24+00:00\" \/>\n<meta property=\"article:modified_time\" content=\"2025-12-08T10:17:00+00:00\" \/>\n<meta property=\"og:image\" content=\"https:\/\/idcserbia.org\/wp-content\/uploads\/2025\/06\/IMG_6514-scaled-e1765188770611.jpg\" \/>\n\t<meta property=\"og:image:width\" content=\"400\" \/>\n\t<meta property=\"og:image:height\" content=\"300\" \/>\n\t<meta property=\"og:image:type\" content=\"image\/jpeg\" \/>\n<meta name=\"author\" content=\"IDC Serbia\" \/>\n<meta name=\"twitter:card\" content=\"summary_large_image\" \/>\n<meta name=\"twitter:creator\" content=\"@IDCSERBIA\" \/>\n<meta name=\"twitter:site\" content=\"@IDCSERBIA\" \/>\n<meta name=\"twitter:label1\" content=\"Written by\" \/>\n\t<meta name=\"twitter:data1\" content=\"IDC Serbia\" \/>\n\t<meta name=\"twitter:label2\" content=\"Est. reading time\" \/>\n\t<meta name=\"twitter:data2\" content=\"1 minute\" \/>\n<script type=\"application\/ld+json\" class=\"yoast-schema-graph\">{\"@context\":\"https:\\\/\\\/schema.org\",\"@graph\":[{\"@type\":\"Article\",\"@id\":\"https:\\\/\\\/idcserbia.org\\\/en\\\/radni-dorucak-u-okviru-projekta-polozaj-ranjivih-stranaca-u-ostvarivanju-prava-na-rad-u-republici-srbiji-i-bosni-i-hercegovini\\\/#article\",\"isPartOf\":{\"@id\":\"https:\\\/\\\/idcserbia.org\\\/en\\\/radni-dorucak-u-okviru-projekta-polozaj-ranjivih-stranaca-u-ostvarivanju-prava-na-rad-u-republici-srbiji-i-bosni-i-hercegovini\\\/\"},\"author\":{\"name\":\"IDC Serbia\",\"@id\":\"https:\\\/\\\/idcserbia.org\\\/#\\\/schema\\\/person\\\/9aabc1ee6cfdc5d7234d97fe33b1ff45\"},\"headline\":\"Radni doru\u010dak u okviru projekta Polo\u017eaj ranjivih stranaca u ostvarivanju prava na rad u Republici Srbiji i Bosni i Hercegovini\",\"datePublished\":\"2025-06-18T14:13:24+00:00\",\"dateModified\":\"2025-12-08T10:17:00+00:00\",\"mainEntityOfPage\":{\"@id\":\"https:\\\/\\\/idcserbia.org\\\/en\\\/radni-dorucak-u-okviru-projekta-polozaj-ranjivih-stranaca-u-ostvarivanju-prava-na-rad-u-republici-srbiji-i-bosni-i-hercegovini\\\/\"},\"wordCount\":260,\"image\":{\"@id\":\"https:\\\/\\\/idcserbia.org\\\/en\\\/radni-dorucak-u-okviru-projekta-polozaj-ranjivih-stranaca-u-ostvarivanju-prava-na-rad-u-republici-srbiji-i-bosni-i-hercegovini\\\/#primaryimage\"},\"thumbnailUrl\":\"https:\\\/\\\/idcserbia.org\\\/wp-content\\\/uploads\\\/2025\\\/06\\\/IMG_6514-scaled-e1765188770611.jpg\",\"articleSection\":[\"Actual\"],\"inLanguage\":\"en-US\"},{\"@type\":\"WebPage\",\"@id\":\"https:\\\/\\\/idcserbia.org\\\/en\\\/radni-dorucak-u-okviru-projekta-polozaj-ranjivih-stranaca-u-ostvarivanju-prava-na-rad-u-republici-srbiji-i-bosni-i-hercegovini\\\/\",\"url\":\"https:\\\/\\\/idcserbia.org\\\/en\\\/radni-dorucak-u-okviru-projekta-polozaj-ranjivih-stranaca-u-ostvarivanju-prava-na-rad-u-republici-srbiji-i-bosni-i-hercegovini\\\/\",\"name\":\"Radni doru\u010dak u okviru projekta Polo\u017eaj ranjivih stranaca u ostvarivanju prava na rad u Republici Srbiji i Bosni i Hercegovini - IDC Serbia\",\"isPartOf\":{\"@id\":\"https:\\\/\\\/idcserbia.org\\\/#website\"},\"primaryImageOfPage\":{\"@id\":\"https:\\\/\\\/idcserbia.org\\\/en\\\/radni-dorucak-u-okviru-projekta-polozaj-ranjivih-stranaca-u-ostvarivanju-prava-na-rad-u-republici-srbiji-i-bosni-i-hercegovini\\\/#primaryimage\"},\"image\":{\"@id\":\"https:\\\/\\\/idcserbia.org\\\/en\\\/radni-dorucak-u-okviru-projekta-polozaj-ranjivih-stranaca-u-ostvarivanju-prava-na-rad-u-republici-srbiji-i-bosni-i-hercegovini\\\/#primaryimage\"},\"thumbnailUrl\":\"https:\\\/\\\/idcserbia.org\\\/wp-content\\\/uploads\\\/2025\\\/06\\\/IMG_6514-scaled-e1765188770611.jpg\",\"datePublished\":\"2025-06-18T14:13:24+00:00\",\"dateModified\":\"2025-12-08T10:17:00+00:00\",\"author\":{\"@id\":\"https:\\\/\\\/idcserbia.org\\\/#\\\/schema\\\/person\\\/9aabc1ee6cfdc5d7234d97fe33b1ff45\"},\"breadcrumb\":{\"@id\":\"https:\\\/\\\/idcserbia.org\\\/en\\\/radni-dorucak-u-okviru-projekta-polozaj-ranjivih-stranaca-u-ostvarivanju-prava-na-rad-u-republici-srbiji-i-bosni-i-hercegovini\\\/#breadcrumb\"},\"inLanguage\":\"en-US\",\"potentialAction\":[{\"@type\":\"ReadAction\",\"target\":[\"https:\\\/\\\/idcserbia.org\\\/en\\\/radni-dorucak-u-okviru-projekta-polozaj-ranjivih-stranaca-u-ostvarivanju-prava-na-rad-u-republici-srbiji-i-bosni-i-hercegovini\\\/\"]}]},{\"@type\":\"ImageObject\",\"inLanguage\":\"en-US\",\"@id\":\"https:\\\/\\\/idcserbia.org\\\/en\\\/radni-dorucak-u-okviru-projekta-polozaj-ranjivih-stranaca-u-ostvarivanju-prava-na-rad-u-republici-srbiji-i-bosni-i-hercegovini\\\/#primaryimage\",\"url\":\"https:\\\/\\\/idcserbia.org\\\/wp-content\\\/uploads\\\/2025\\\/06\\\/IMG_6514-scaled-e1765188770611.jpg\",\"contentUrl\":\"https:\\\/\\\/idcserbia.org\\\/wp-content\\\/uploads\\\/2025\\\/06\\\/IMG_6514-scaled-e1765188770611.jpg\",\"width\":400,\"height\":300},{\"@type\":\"BreadcrumbList\",\"@id\":\"https:\\\/\\\/idcserbia.org\\\/en\\\/radni-dorucak-u-okviru-projekta-polozaj-ranjivih-stranaca-u-ostvarivanju-prava-na-rad-u-republici-srbiji-i-bosni-i-hercegovini\\\/#breadcrumb\",\"itemListElement\":[{\"@type\":\"ListItem\",\"position\":1,\"name\":\"Home\",\"item\":\"https:\\\/\\\/idcserbia.org\\\/en\\\/\"},{\"@type\":\"ListItem\",\"position\":2,\"name\":\"Radni doru\u010dak u okviru projekta Polo\u017eaj ranjivih stranaca u ostvarivanju prava na rad u Republici Srbiji i Bosni i Hercegovini\"}]},{\"@type\":\"WebSite\",\"@id\":\"https:\\\/\\\/idcserbia.org\\\/#website\",\"url\":\"https:\\\/\\\/idcserbia.org\\\/\",\"name\":\"IDC Serbia\",\"description\":\"Association of Citizens Initiative for Development and Cooperation\\r\\n\",\"potentialAction\":[{\"@type\":\"SearchAction\",\"target\":{\"@type\":\"EntryPoint\",\"urlTemplate\":\"https:\\\/\\\/idcserbia.org\\\/?s={search_term_string}\"},\"query-input\":{\"@type\":\"PropertyValueSpecification\",\"valueRequired\":true,\"valueName\":\"search_term_string\"}}],\"inLanguage\":\"en-US\"},{\"@type\":\"Person\",\"@id\":\"https:\\\/\\\/idcserbia.org\\\/#\\\/schema\\\/person\\\/9aabc1ee6cfdc5d7234d97fe33b1ff45\",\"name\":\"IDC Serbia\",\"url\":\"https:\\\/\\\/idcserbia.org\\\/en\\\/author\\\/idc-serbia\\\/\"}]}<\/script>\n<!-- \/ Yoast SEO plugin. -->","yoast_head_json":{"title":"Radni doru\u010dak u okviru projekta Polo\u017eaj ranjivih stranaca u ostvarivanju prava na rad u Republici Srbiji i Bosni i Hercegovini - IDC Serbia","robots":{"index":"index","follow":"follow","max-snippet":"max-snippet:-1","max-image-preview":"max-image-preview:large","max-video-preview":"max-video-preview:-1"},"canonical":"https:\/\/idcserbia.org\/en\/radni-dorucak-u-okviru-projekta-polozaj-ranjivih-stranaca-u-ostvarivanju-prava-na-rad-u-republici-srbiji-i-bosni-i-hercegovini\/","og_locale":"en_US","og_type":"article","og_title":"Radni doru\u010dak u okviru projekta Polo\u017eaj ranjivih stranaca u ostvarivanju prava na rad u Republici Srbiji i Bosni i Hercegovini - IDC Serbia","og_description":"&nbsp; Radni doru\u010dak &#8211; Polo\u017eaj ranjivih stranaca u ostvarivanju prava na rad u Srbiji i Bosni i Hercegovini Odr\u017ean radni doru\u010dak u okviru projekta Polo\u017eaj ranjivih stranaca u ostvarivanju prava na rad u Republici Srbiji i Bosni i Hercegovini. U sredu, 18. juna 2025. godine, u prostorijama IDC-a u Beogradu, odr\u017ean je radni doru\u010dak posve\u0107en [&hellip;]","og_url":"https:\/\/idcserbia.org\/en\/radni-dorucak-u-okviru-projekta-polozaj-ranjivih-stranaca-u-ostvarivanju-prava-na-rad-u-republici-srbiji-i-bosni-i-hercegovini\/","og_site_name":"IDC Serbia","article_publisher":"https:\/\/www.facebook.com\/idc.serbia","article_published_time":"2025-06-18T14:13:24+00:00","article_modified_time":"2025-12-08T10:17:00+00:00","og_image":[{"width":400,"height":300,"url":"https:\/\/idcserbia.org\/wp-content\/uploads\/2025\/06\/IMG_6514-scaled-e1765188770611.jpg","type":"image\/jpeg"}],"author":"IDC Serbia","twitter_card":"summary_large_image","twitter_creator":"@IDCSERBIA","twitter_site":"@IDCSERBIA","twitter_misc":{"Written by":"IDC Serbia","Est. reading time":"1 minute"},"schema":{"@context":"https:\/\/schema.org","@graph":[{"@type":"Article","@id":"https:\/\/idcserbia.org\/en\/radni-dorucak-u-okviru-projekta-polozaj-ranjivih-stranaca-u-ostvarivanju-prava-na-rad-u-republici-srbiji-i-bosni-i-hercegovini\/#article","isPartOf":{"@id":"https:\/\/idcserbia.org\/en\/radni-dorucak-u-okviru-projekta-polozaj-ranjivih-stranaca-u-ostvarivanju-prava-na-rad-u-republici-srbiji-i-bosni-i-hercegovini\/"},"author":{"name":"IDC Serbia","@id":"https:\/\/idcserbia.org\/#\/schema\/person\/9aabc1ee6cfdc5d7234d97fe33b1ff45"},"headline":"Radni doru\u010dak u okviru projekta Polo\u017eaj ranjivih stranaca u ostvarivanju prava na rad u Republici Srbiji i Bosni i Hercegovini","datePublished":"2025-06-18T14:13:24+00:00","dateModified":"2025-12-08T10:17:00+00:00","mainEntityOfPage":{"@id":"https:\/\/idcserbia.org\/en\/radni-dorucak-u-okviru-projekta-polozaj-ranjivih-stranaca-u-ostvarivanju-prava-na-rad-u-republici-srbiji-i-bosni-i-hercegovini\/"},"wordCount":260,"image":{"@id":"https:\/\/idcserbia.org\/en\/radni-dorucak-u-okviru-projekta-polozaj-ranjivih-stranaca-u-ostvarivanju-prava-na-rad-u-republici-srbiji-i-bosni-i-hercegovini\/#primaryimage"},"thumbnailUrl":"https:\/\/idcserbia.org\/wp-content\/uploads\/2025\/06\/IMG_6514-scaled-e1765188770611.jpg","articleSection":["Actual"],"inLanguage":"en-US"},{"@type":"WebPage","@id":"https:\/\/idcserbia.org\/en\/radni-dorucak-u-okviru-projekta-polozaj-ranjivih-stranaca-u-ostvarivanju-prava-na-rad-u-republici-srbiji-i-bosni-i-hercegovini\/","url":"https:\/\/idcserbia.org\/en\/radni-dorucak-u-okviru-projekta-polozaj-ranjivih-stranaca-u-ostvarivanju-prava-na-rad-u-republici-srbiji-i-bosni-i-hercegovini\/","name":"Radni doru\u010dak u okviru projekta Polo\u017eaj ranjivih stranaca u ostvarivanju prava na rad u Republici Srbiji i Bosni i Hercegovini - IDC Serbia","isPartOf":{"@id":"https:\/\/idcserbia.org\/#website"},"primaryImageOfPage":{"@id":"https:\/\/idcserbia.org\/en\/radni-dorucak-u-okviru-projekta-polozaj-ranjivih-stranaca-u-ostvarivanju-prava-na-rad-u-republici-srbiji-i-bosni-i-hercegovini\/#primaryimage"},"image":{"@id":"https:\/\/idcserbia.org\/en\/radni-dorucak-u-okviru-projekta-polozaj-ranjivih-stranaca-u-ostvarivanju-prava-na-rad-u-republici-srbiji-i-bosni-i-hercegovini\/#primaryimage"},"thumbnailUrl":"https:\/\/idcserbia.org\/wp-content\/uploads\/2025\/06\/IMG_6514-scaled-e1765188770611.jpg","datePublished":"2025-06-18T14:13:24+00:00","dateModified":"2025-12-08T10:17:00+00:00","author":{"@id":"https:\/\/idcserbia.org\/#\/schema\/person\/9aabc1ee6cfdc5d7234d97fe33b1ff45"},"breadcrumb":{"@id":"https:\/\/idcserbia.org\/en\/radni-dorucak-u-okviru-projekta-polozaj-ranjivih-stranaca-u-ostvarivanju-prava-na-rad-u-republici-srbiji-i-bosni-i-hercegovini\/#breadcrumb"},"inLanguage":"en-US","potentialAction":[{"@type":"ReadAction","target":["https:\/\/idcserbia.org\/en\/radni-dorucak-u-okviru-projekta-polozaj-ranjivih-stranaca-u-ostvarivanju-prava-na-rad-u-republici-srbiji-i-bosni-i-hercegovini\/"]}]},{"@type":"ImageObject","inLanguage":"en-US","@id":"https:\/\/idcserbia.org\/en\/radni-dorucak-u-okviru-projekta-polozaj-ranjivih-stranaca-u-ostvarivanju-prava-na-rad-u-republici-srbiji-i-bosni-i-hercegovini\/#primaryimage","url":"https:\/\/idcserbia.org\/wp-content\/uploads\/2025\/06\/IMG_6514-scaled-e1765188770611.jpg","contentUrl":"https:\/\/idcserbia.org\/wp-content\/uploads\/2025\/06\/IMG_6514-scaled-e1765188770611.jpg","width":400,"height":300},{"@type":"BreadcrumbList","@id":"https:\/\/idcserbia.org\/en\/radni-dorucak-u-okviru-projekta-polozaj-ranjivih-stranaca-u-ostvarivanju-prava-na-rad-u-republici-srbiji-i-bosni-i-hercegovini\/#breadcrumb","itemListElement":[{"@type":"ListItem","position":1,"name":"Home","item":"https:\/\/idcserbia.org\/en\/"},{"@type":"ListItem","position":2,"name":"Radni doru\u010dak u okviru projekta Polo\u017eaj ranjivih stranaca u ostvarivanju prava na rad u Republici Srbiji i Bosni i Hercegovini"}]},{"@type":"WebSite","@id":"https:\/\/idcserbia.org\/#website","url":"https:\/\/idcserbia.org\/","name":"IDC Serbia","description":"Association of Citizens Initiative for Development and Cooperation\r\n","potentialAction":[{"@type":"SearchAction","target":{"@type":"EntryPoint","urlTemplate":"https:\/\/idcserbia.org\/?s={search_term_string}"},"query-input":{"@type":"PropertyValueSpecification","valueRequired":true,"valueName":"search_term_string"}}],"inLanguage":"en-US"},{"@type":"Person","@id":"https:\/\/idcserbia.org\/#\/schema\/person\/9aabc1ee6cfdc5d7234d97fe33b1ff45","name":"IDC Serbia","url":"https:\/\/idcserbia.org\/en\/author\/idc-serbia\/"}]}},"_links":{"self":[{"href":"https:\/\/idcserbia.org\/en\/wp-json\/wp\/v2\/posts\/7970","targetHints":{"allow":["GET"]}}],"collection":[{"href":"https:\/\/idcserbia.org\/en\/wp-json\/wp\/v2\/posts"}],"about":[{"href":"https:\/\/idcserbia.org\/en\/wp-json\/wp\/v2\/types\/post"}],"author":[{"embeddable":true,"href":"https:\/\/idcserbia.org\/en\/wp-json\/wp\/v2\/users\/2"}],"replies":[{"embeddable":true,"href":"https:\/\/idcserbia.org\/en\/wp-json\/wp\/v2\/comments?post=7970"}],"version-history":[{"count":8,"href":"https:\/\/idcserbia.org\/en\/wp-json\/wp\/v2\/posts\/7970\/revisions"}],"predecessor-version":[{"id":8247,"href":"https:\/\/idcserbia.org\/en\/wp-json\/wp\/v2\/posts\/7970\/revisions\/8247"}],"wp:featuredmedia":[{"embeddable":true,"href":"https:\/\/idcserbia.org\/en\/wp-json\/wp\/v2\/media\/7966"}],"wp:attachment":[{"href":"https:\/\/idcserbia.org\/en\/wp-json\/wp\/v2\/media?parent=7970"}],"wp:term":[{"taxonomy":"category","embeddable":true,"href":"https:\/\/idcserbia.org\/en\/wp-json\/wp\/v2\/categories?post=7970"},{"taxonomy":"post_tag","embeddable":true,"href":"https:\/\/idcserbia.org\/en\/wp-json\/wp\/v2\/tags?post=7970"}],"curies":[{"name":"wp","href":"https:\/\/api.w.org\/{rel}","templated":true}]}}