{"id":8076,"date":"2025-09-03T09:32:19","date_gmt":"2025-09-03T07:32:19","guid":{"rendered":"https:\/\/idcserbia.org\/en\/avni-poziv-za-izbor-korisnika-sredstava-namenjenih-za-program-obuka-za-interno-raseljena-lica-u-procesu-povratka-na-kosovo-i-metohiju-na-teritoriji-opstine-palilua-nis-drugi-krug\/"},"modified":"2025-12-08T10:21:08","modified_gmt":"2025-12-08T09:21:08","slug":"avni-poziv-za-izbor-korisnika-sredstava-namenjenih-za-program-obuka-za-interno-raseljena-lica-u-procesu-povratka-na-kosovo-i-metohiju-na-teritoriji-opstine-palilua-nis-drugi-krug","status":"publish","type":"post","link":"https:\/\/idcserbia.org\/en\/avni-poziv-za-izbor-korisnika-sredstava-namenjenih-za-program-obuka-za-interno-raseljena-lica-u-procesu-povratka-na-kosovo-i-metohiju-na-teritoriji-opstine-palilua-nis-drugi-krug\/","title":{"rendered":"JAVNI POZIV  ZA IZBOR KORISNIKA SREDSTAVA NAMENjENIH ZA PROGRAM OBUKA ZA INTERNO RASELjENA LICA U PROCESU POVRATKA NA KOSOVO I METOHIJU &#8211; DRUGI KRUG-"},"content":{"rendered":"<div id=\"s-share-buttons\" class=\"horizontal-w-c-circular s-share-w-c\"><a href=\"http:\/\/www.facebook.com\/sharer.php?u=https:\/\/idcserbia.org\/en\/avni-poziv-za-izbor-korisnika-sredstava-namenjenih-za-program-obuka-za-interno-raseljena-lica-u-procesu-povratka-na-kosovo-i-metohiju-na-teritoriji-opstine-palilua-nis-drugi-krug\/\" target=\"_blank\" title=\"Share to Facebook\" class=\"s3-facebook hint--top\"><\/a><a href=\"http:\/\/twitter.com\/intent\/tweet?text=JAVNI POZIV  ZA IZBOR KORISNIKA SREDSTAVA NAMENjENIH ZA PROGRAM OBUKA ZA INTERNO RASELjENA LICA U PROCESU POVRATKA NA KOSOVO I METOHIJU &#8211; DRUGI KRUG-&url=https:\/\/idcserbia.org\/en\/avni-poziv-za-izbor-korisnika-sredstava-namenjenih-za-program-obuka-za-interno-raseljena-lica-u-procesu-povratka-na-kosovo-i-metohiju-na-teritoriji-opstine-palilua-nis-drugi-krug\/\" target=\"_blank\"  title=\"Share to Twitter\" class=\"s3-twitter hint--top\"><\/a><a href=\"http:\/\/www.linkedin.com\/shareArticle?mini=true&url=https:\/\/idcserbia.org\/en\/avni-poziv-za-izbor-korisnika-sredstava-namenjenih-za-program-obuka-za-interno-raseljena-lica-u-procesu-povratka-na-kosovo-i-metohiju-na-teritoriji-opstine-palilua-nis-drugi-krug\/\" target=\"_blank\" title=\"Share to LinkedIn\" class=\"s3-linkedin hint--top\"><\/a><a href=\"mailto:?Subject=JAVNI%20POZIV%20%20ZA%20IZBOR%20KORISNIKA%20SREDSTAVA%20NAMENjENIH%20ZA%20PROGRAM%20OBUKA%20ZA%20INTERNO%20RASELjENA%20LICA%20U%20PROCESU%20POVRATKA%20NA%20KOSOVO%20I%20METOHIJU%20&#8211;%20DRUGI%20KRUG-&Body=Here%20is%20the%20link%20to%20the%20article:%20https:\/\/idcserbia.org\/en\/avni-poziv-za-izbor-korisnika-sredstava-namenjenih-za-program-obuka-za-interno-raseljena-lica-u-procesu-povratka-na-kosovo-i-metohiju-na-teritoriji-opstine-palilua-nis-drugi-krug\/\" title=\"Email this article\" class=\"s3-email hint--top\"><\/a><\/div><p>KORAK NAPRED KA POVRATKU<\/p>\n<p style=\"text-align: left;\">Na osnovu \u010dlana 4. Pravilnika o uslovima, kriterijumima, merilima, postupku i na\u010dinu rada Komisije za izbor korisnika projekta GO Zvezdara, komponenta program obuka, a u skladu sa Ugovorom izme\u0111u Delegacije Evropske unije u Republici Srbiji i Udru\u017eenja gra\u0111ana \u201eInicijativa za razvoj i saradnju\u201c, broj 2024\/460-054, o realizaciji projekta \u201cKorak napred ka povratku\u201c, finansiranog od strane Evropske unije posredstvom Delegacije Evropske unije u Republici Srbiji, Komisija za izbor korisnika projekta \u201dKorak napred ka povratku\u201d u GO Zvezdara za dodelu bespovratnih sredstava u vidu programa obuka dana 03.09.2025. godine objavljuje:<\/p>\n<p style=\"text-align: center;\"><strong>JAVNI POZIV<\/strong><\/p>\n<p style=\"text-align: center;\"><strong>ZA IZBOR KORISNIKA SREDSTAVA NAMENjENIH ZA PROGRAM OBUKA ZA INTERNO RASELjENA LICA U PROCESU POVRATKA NA KOSOVO I METOHIJU\u00a0<\/strong><\/p>\n<p style=\"text-align: center;\"><strong>&#8211; DRUGI KRUG- <\/strong><\/p>\n<p style=\"text-align: center;\"><strong>Informacije o Javnom pozivu<\/strong><\/p>\n<p>Javni poziv za dodelu bespovratnih sredstava u vidu programa obuka se raspisuje u okviru projekta \u201eKorak napred ka povratku\u201c, koji\u00a0 finansira\u00a0 Evropska\u00a0 unija, koji sprovodi\u00a0 Udru\u017eenje gra\u0111ana \u201eInicijativa za razvoj i saradnju\u201c, u partnerstvu sa Op\u0161tinom Palilula, Ni\u0161 i Gradskom op\u0161tinom Zvezdara.<\/p>\n<p><strong>Javni poziv se objavljuje za dve partije.<\/strong><\/p>\n<p><strong>Prva partija <\/strong>obuhvata organizovanje osnovne poslovne obuke za zapo\u0161ljavanje ili pokretanje sopstvenog posla. Program osnovne poslovne obuke traje tri dana. U okviru prve partije bi\u0107e organizovane obuke za 20 korisnika.<\/p>\n<p><strong>Druga partija<\/strong> obuhvata organizovanje programa obuka u vidu poha\u0111anja vi\u0161emese\u010dnih kurseva za sticanje znanja i ve\u0161tina za dokvalifikaciju. Kursevi za dokvalifikaciju traju od jednog do \u010detiri meseca.<\/p>\n<p>U okviru druge partije bi\u0107e organizovani kursevi dokvalifikacije\/prekvalifikacije za najmanje 12 korisnika.<\/p>\n<p>Potencijalni korisnici mogu podneti prijave za obe partije.<\/p>\n<p>Javni poziv se mo\u017ee obnoviti do popune broja korisnika predvi\u0111enog projektom.<\/p>\n<p style=\"text-align: center;\"><strong>Predmet Javnog poziva<\/strong><\/p>\n<p>Predmet Javnog poziva su bespovratna sredstva u vidu programa obuka, namenjenih interno raseljenim licima u cilju pru\u017eanja podr\u0161ke pri povratku na Kosovo i Metohiju. Bespovratna sredstva u vidu programa obuka \u0107e interno raseljenim licima (IRL) zainteresovanim za povratak na Kosovo i Metohiju pobolj\u0161ati mogu\u0107nosti za zapo\u0161ljavanje i stvaranje prihoda, kako bi se doprinelo odr\u017eivosti njihovog povratka.<\/p>\n<p style=\"text-align: center;\"><strong>Korisnici<\/strong><\/p>\n<p>Korisnici projekta su interno raseljena lica koja ispunjavaju propisane uslove za prijavljivanje.<\/p>\n<p>Uslovi za prijavljivanje na Javni poziv<\/p>\n<p>Podnosilac prijave, interno raseljeno lice, na Javni poziv za programe obuka\/kurseve treba da ispuni slede\u0107e uslove:<\/p>\n<ol>\n<li>da poseduje legitimaciju interno raseljenog lica ili je evidentiran\/a kao interno raseljeno lice;<\/li>\n<li>da ima zavr\u0161eno osnovno obrazovanje;<\/li>\n<li>da je stariji\/a od 18 godina;<\/li>\n<li>da nije ostvario\/la povratak na Kosovo i Metohiju;<\/li>\n<li>da je (on\/a ili Nosilac porodi\u010dnog doma\u0107instva) registrovan za povratak u bazi podataka UNHCR-a Srbija\/iskazao \u017eelju za povratkom nekoj od institucija\/organizacija;<\/li>\n<li>da on\/a i njegova porodica nisu bili korisnici programa za pobolj\u0161anje uslova \u017eivota u Republici Srbiji van Kosova i Metohije;<\/li>\n<li>da imaju prijavljeno prebivali\u0161te\/boravi\u0161te na teritoriji Grada Beograda. Prednost imaju interno raseljena lica sa prebivali\u0161tem\/boravi\u0161tem na teritoriji GO Zvezdara.<\/li>\n<\/ol>\n<p>Kriterijumi za izbor korisnika projekta<\/p>\n<p>Prijave za dodelu bespovratnih sredstava i treninga za poslovanje \u0107e biti ocenjivane na osnovu definisanih kriterijuma kao i na osnovu obrasca za procenu i izve\u0161taja sa terena.<\/p>\n<p>Prijave za u\u010de\u0161\u0107e u programima obuka\/kurseva \u0107e biti ocenjivane na osnovu slede\u0107ih definisanih kriterijuma:<\/p>\n<ol>\n<li>Podnosilac prijave je nezaposlen\/a \u2013 10 poena;<\/li>\n<li>Broj \u010dlanova porodice podnosioca prijave za obuke \u2013 2-20 poena;<\/li>\n<li>Porodica podnosioca prijave je jednoroditeljska\/sa detetom\/decom do 18 godina\/ili studentom do 26 godina &#8211; 10 poena;<\/li>\n<li>Podnosilac prijave je osoba mla\u0111a od 30 ili starija od 50 godina \u2013 10-20 poena;<\/li>\n<li>Podnosilac prijave je osoba \u017eenskog pola &#8211; 20 poena;<\/li>\n<li>Podnosilac prijave je osoba sa invaliditetom ili je \u010dlan doma\u0107instva osoba sa invaliditetom \u2013 10-20 poena;<\/li>\n<\/ol>\n<p>Postupak za dodelu bespovratne pomo\u0107i u vidu programa obuka vodi i sve odluke donosi Komisija.<\/p>\n<p style=\"text-align: center;\"><strong>Prednost pri bodovanju<\/strong><\/p>\n<p>Ako dva ili vi\u0161e podnosioca prijave imaju isti broj bodova, prednost \u0107e imati podnosilac prijave koji:<\/p>\n<ol>\n<li>je \u010dlan porodice sa dvoje ili vi\u0161e dece ispod 18 godina, porodice sa trudnicama ili sa detetom\/decom do 5 godina, bez redovnih mese\u010dnih prihoda ili sa nedovoljnim mese\u010dnim prihodima (do 50% prose\u010dne neto plate na nivou op\u0161tine\/grada po \u010dlanu doma\u0107instva);<\/li>\n<li>ima bolesnog \u010dlana\/\u010dlanove doma\u0107instva\/\u010dlanovi doma\u0107instva sa posebnim potrebama;<\/li>\n<li>je \u010dlan porodice sa vi\u0161e generacija (sa jednim ili vi\u0161e \u010dlanova preko 60 godina);<\/li>\n<li>je \u017ertva seksualnog\/porodi\u010dnog nasilja;<\/li>\n<li>je \u010dlan porodice poginulih, nestalih i kidnapovanih lica;<\/li>\n<li>je pripadnik RAE (Rom, A\u0161kalija, Egip\u0107anin) populacije.<\/li>\n<\/ol>\n<p>Potrebna dokumenta koja se podnose uz prijavu<\/p>\n<p>Podnosilac prijave uz uredno popunjen i potpisan obrazac prijave dostavlja slede\u0107e dokaze\/dokumente uz prijavu:<\/p>\n<ol>\n<li>Fotokopiju legitimacije interno raseljenog lica (NAPOMENA: obavezno za nosioca porodice, a za ostale \u010dlanove porodi\u010dnog doma\u0107instva ukoliko su evidentirani kao interno raseljeno lice) ili potvrdu Komesarijata za izbeglice i migracije Republike Srbije da se lice nalazi u evidenciji interno raseljenih lica sa Kosova i Metohije;<\/li>\n<li>Fotokopiju li\u010dne karte (va\u017ei za li\u010dne karte bez \u010dipa), odnosno o\u010ditane li\u010dne karte (va\u017ei za li\u010dne karte sa \u010dipom) za sve \u010dlanove porodi\u010dnog doma\u0107instva sa 16 i vi\u0161e godina. Za decu ispod 16 godina se dostavlja fotokopija izvoda iz mati\u010dne knjige ro\u0111enih;<\/li>\n<li>Svojeru\u010dno potpisanu izjavu da Potencijalni korisnik i \u010dlanovi njegovog porodi\u010dnog doma\u0107instva nisu korisnici drugog projekta za pobolj\u0161anje uslova \u017eivota u Republici Srbiji van Kosova i Metohije ili realizaciju povratka na Kosovo i Metohiju;<\/li>\n<li>Svojeru\u010dno potpisanu izjavu da su registrovani za povratak u bazi podataka UNHCR-a Srbija\/iskazali \u017eelju za povratkom nekoj od institucija\/organizacija;<\/li>\n<li>Pristanak za obradu podataka o li\u010dnosti za sve \u010dlanove doma\u0107instva.<\/li>\n<\/ol>\n<p>Na zahtev Komisije prila\u017eu se i slede\u0107a dokumenta:<\/p>\n<ol>\n<li>Za jednoroditeljsku porodicu prila\u017ee se fotokopija:<\/li>\n<\/ol>\n<ul>\n<li>potvrde o smrti bra\u010dnog druga ili<\/li>\n<li>re\u0161enja nadle\u017enog suda o progla\u0161enju nestalog lica za umrlo ili<\/li>\n<li>izvoda iz mati\u010dne knjige ro\u0111enih za decu bez utvr\u0111enog o\u010dinstva ili<\/li>\n<li>presude o razvodu braka ili dokaz o poveravanju maloletnog deteta ili dece (ukoliko u presudi o razvodu braka nije odlu\u010deno o poveravanju deteta ili ukoliko se radi o vanbra\u010dnim partnerima \u010dija je zajednica prestala da traje), a uz oba dokaza potrebno je prilo\u017eiti izjavu podnosioca prijave overenu kod nadle\u017enog organa da se podnosilac prijave neposredno brine o detetu i da samostalno obezbe\u0111uje sredstva za izdr\u017eavanje, da drugi roditelj ne u\u010destvuje ili nedovoljno u\u010destvuje u tim tro\u0161kovima, a da u me\u0111uvremenu podnosilac prijave nije zasnovao bra\u010dnu ili vanbra\u010dnu zajednicu;<\/li>\n<\/ul>\n<ol start=\"2\">\n<li>Za \u010dlanove porodi\u010dnog doma\u0107instva uzrasta do 26 godina fotokopija dokaza o \u0161kolovanju (potvrda nadle\u017ene obrazovne institucije o \u0161kolovanju) ukoliko ovi \u010dlanovi porodi\u010dnog doma\u0107instva nisu na \u0161kolovanju &#8211; dokaze navedene u ta\u010dki 8) (dokazi o prihodima);<\/li>\n<li>Fotokopija dokaza o prihodima:<\/li>\n<\/ol>\n<ul>\n<li>potvrda o nezaposlenosti iz Nacionalne slu\u017ebe za zapo\u0161ljavanje za nezaposlene \u010dlanove porodi\u010dnog doma\u0107instva registrovane u Nacionalnoj slu\u017ebi za zapo\u0161ljavanje (obavezno za podnosioca prijave); u slu\u010daju da se radi o nezaposlenom \u010dlanu porodi\u010dnog doma\u0107instva koji nije registrovan kod Nacionalne slu\u017ebe za zapo\u0161ljavanje, izjava kojom se potvr\u0111uje da je Podnosilac prijave nezaposlen i da nema prihode;<\/li>\n<li>potvrda poslodavca o visini primanja u mesecu koji prethodi mesecu podno\u0161enja prijave na Javni poziv \u2013 za zaposlene \u010dlanove porodi\u010dnog doma\u0107instva;<\/li>\n<li>\u010dek od penzije za mesec koji prethodi mesecu objavljivanja ovog Javnog poziva ili ukoliko lice ne ostvaruje primanja po osnovu penzije \u2013 potvrda nadle\u017ene slu\u017ebe ili izjava da lice ne ostvaruje primanja po osnovu penzije u Republici Srbiji i\/ili drugoj dr\u017eavi;<\/li>\n<\/ul>\n<ol start=\"4\">\n<li>Fotokopiju dokaza o zavr\u0161enom osnovnom obrazovanju (diploma, svedo\u010danstvo) za podnosioca prijave.<\/li>\n<\/ol>\n<p>Komisija zadr\u017eava pravo da podnosiocima prijava tra\u017ei originalna dokumenta na uvid radi provere iznetih tvrdnji, kao i druge neophodne dokaze radi utvr\u0111ivanja \u010dinjenica i okolnosti potrebnih za dono\u0161enje pravilne i zakonite odluke.<\/p>\n<p style=\"text-align: center;\"><strong>Na\u010din prijavljivanja na Javni poziv i administrativni uslovi<\/strong><\/p>\n<ol>\n<li>Podnosilac prijave se mo\u017ee prijaviti za obe partije u okviru Javnog poziva;<\/li>\n<li>Podnosioci prijave moraju ispuniti administrativne uslove poziva:<\/li>\n<\/ol>\n<p>\u2212\u00a0\u00a0\u00a0\u00a0\u00a0\u00a0\u00a0\u00a0\u00a0 popunjen i potpisan obrazac prijave (obrazac mora sadr\u017eati odgovore na sva pitanja; ukoliko je potrebno jo\u0161 prostora za odgovore, mogu se dodati strane);<\/p>\n<p>\u2212\u00a0\u00a0\u00a0\u00a0\u00a0\u00a0\u00a0\u00a0\u00a0 obrazac za prijavu mora da bude popunjen na srpskom jeziku i da sadr\u017ei ta\u010dne podatke;<\/p>\n<p>\u2212\u00a0\u00a0\u00a0\u00a0\u00a0\u00a0\u00a0\u00a0\u00a0 dostavljena potrebna dokumenta i izjave;<\/p>\n<p>\u2212\u00a0\u00a0\u00a0\u00a0\u00a0\u00a0\u00a0\u00a0\u00a0 potpisan pristanak na obradu podataka o li\u010dnosti za sve \u010dlanove porodice;<\/p>\n<ol start=\"3\">\n<li>Prijave za javni poziv kao i prate\u0107a dokumentacija se mogu preuzeti od 16.05.2025. godine, svakim radnim danom od 9 do 16 \u010dasova, na slede\u0107im lokacijama:<\/li>\n<\/ol>\n<p>\u2212\u00a0\u00a0\u00a0\u00a0\u00a0\u00a0\u00a0\u00a0\u00a0 Udru\u017eenje gra\u0111ana Inicijativa za razvoj i saradnju, Ul. Milana Raki\u0107a br.65a, Beograd<\/p>\n<p>\u2212\u00a0\u00a0\u00a0\u00a0\u00a0\u00a0\u00a0\u00a0\u00a0 Internet stranicama GO Zvezdara<\/p>\n<p>\u2212\u00a0\u00a0\u00a0\u00a0\u00a0\u00a0\u00a0\u00a0\u00a0 Internet stranicama: Inicijative za razvoj i saradnju &#8211; http:\/\/idcserbia.org<\/p>\n<p>Rok za podno\u0161enje prijava je 25.09.2025. godine u 16 \u010dasova.<\/p>\n<p><strong>Prijave i prate\u0107a dokumentacija se, sa naznakom \u201eZa Javni poziv za obuke \u2013 ne otvarati\u201d, do predvi\u0111enog roka li\u010dno ili preporu\u010deno putem po\u0161te \u0161alju na adresu: Udru\u017eenje gra\u0111ana Inicijativa za razvoj i saradnju, Ul. Milana Raki\u0107a br. 65a, 11000 Beograd. <\/strong><\/p>\n<p><strong>Lista odobrenih korisnika projekta bi\u0107e objavljena na internet stranama Udru\u017eenja gra\u0111ana \u201eInicijativa za razvoj i saradnju\u201c, internet stranama GO Zvezdara i oglasnoj tabli GO Zvezdara.<\/strong><\/p>\n<p>Prijavni obrazac <a href=\"https:\/\/idcserbia.org\/avni-poziv-za-izbor-korisnika-sredstava-namenjenih-za-program-obuka-za-interno-raseljena-lica-u-procesu-povratka-na-kosovo-i-metohiju-na-teritoriji-opstine-palilua-nis-drugi-krug\/obrazac-za-prijavu-na-javni-poziv_v3docx-3\/\" rel=\"attachment wp-att-8004\">Obrazac za prijavu na Javni poziv_v3docx<\/a><\/p>\n<p>Izjave i pristanak na obradu podataka o li\u010dnosti: <a href=\"https:\/\/idcserbia.org\/avni-poziv-za-izbor-korisnika-sredstava-namenjenih-za-program-obuka-za-interno-raseljena-lica-u-procesu-povratka-na-kosovo-i-metohiju-na-teritoriji-opstine-palilua-nis-drugi-krug\/izjava-br-1-obuke\/\" rel=\"attachment wp-att-8005\">Izjava br 1 &#8211; obuke<\/a> <a href=\"https:\/\/idcserbia.org\/avni-poziv-za-izbor-korisnika-sredstava-namenjenih-za-program-obuka-za-interno-raseljena-lica-u-procesu-povratka-na-kosovo-i-metohiju-na-teritoriji-opstine-palilua-nis-drugi-krug\/izjava-br-2-iskazana-zelja-za-povratkom\/\" rel=\"attachment wp-att-8006\">Izjava br 2 &#8211; iskazana zelja za povratkom<\/a> <a href=\"https:\/\/idcserbia.org\/avni-poziv-za-izbor-korisnika-sredstava-namenjenih-za-program-obuka-za-interno-raseljena-lica-u-procesu-povratka-na-kosovo-i-metohiju-na-teritoriji-opstine-palilua-nis-drugi-krug\/izjava-br-1a-nije-bio-korisnik-programa-podrske\/\" rel=\"attachment wp-att-8007\">Izjava br.1a : nije bio korisnik programa podrs\u030cke<\/a> <a href=\"https:\/\/idcserbia.org\/avni-poziv-za-izbor-korisnika-sredstava-namenjenih-za-program-obuka-za-interno-raseljena-lica-u-procesu-povratka-na-kosovo-i-metohiju-na-teritoriji-opstine-palilua-nis-drugi-krug\/pristanak-na-obradu-podataka-o-licnosti-3\/\" rel=\"attachment wp-att-8008\">Pristanak na obradu podataka o licnosti<\/a> <a href=\"https:\/\/idcserbia.org\/avni-poziv-za-izbor-korisnika-sredstava-namenjenih-za-program-obuka-za-interno-raseljena-lica-u-procesu-povratka-na-kosovo-i-metohiju-na-teritoriji-opstine-palilua-nis-drugi-krug\/pristanak-na-obradu-podataka-o-licnosti_maloletno-lice-3\/\" rel=\"attachment wp-att-8009\">Pristanak na obradu podataka o licnosti_maloletno lice<\/a><a href=\"https:\/\/idcserbia.org\/avni-poziv-za-izbor-korisnika-sredstava-namenjenih-za-program-obuka-za-interno-raseljena-lica-u-procesu-povratka-na-kosovo-i-metohiju-na-teritoriji-opstine-palilua-nis-drugi-krug\/izjava-br-1b-3\/\" rel=\"attachment wp-att-8077\">Izjava br 1b<\/a><\/p>\n","protected":false},"excerpt":{"rendered":"<p>KORAK NAPRED KA POVRATKU Na osnovu \u010dlana 4. Pravilnika o uslovima, kriterijumima, merilima, postupku i na\u010dinu rada Komisije za izbor korisnika projekta GO Zvezdara, komponenta program obuka, a u skladu sa Ugovorom izme\u0111u Delegacije Evropske unije u Republici Srbiji i Udru\u017eenja gra\u0111ana \u201eInicijativa za razvoj i saradnju\u201c, broj 2024\/460-054, o realizaciji projekta \u201cKorak napred ka [&hellip;]<\/p>\n","protected":false},"author":2,"featured_media":0,"comment_status":"closed","ping_status":"closed","sticky":false,"template":"","format":"standard","meta":{"footnotes":""},"categories":[1],"tags":[],"class_list":["post-8076","post","type-post","status-publish","format-standard","hentry","category-uncategorized"],"yoast_head":"<!-- This site is optimized with the Yoast SEO plugin v27.4 - https:\/\/yoast.com\/product\/yoast-seo-wordpress\/ -->\n<title>JAVNI POZIV ZA IZBOR KORISNIKA SREDSTAVA NAMENjENIH ZA PROGRAM OBUKA ZA INTERNO RASELjENA LICA U PROCESU POVRATKA NA KOSOVO I METOHIJU - DRUGI KRUG- IDC Serbia<\/title>\n<meta name=\"robots\" content=\"index, follow, max-snippet:-1, max-image-preview:large, max-video-preview:-1\" \/>\n<link rel=\"canonical\" href=\"https:\/\/idcserbia.org\/en\/avni-poziv-za-izbor-korisnika-sredstava-namenjenih-za-program-obuka-za-interno-raseljena-lica-u-procesu-povratka-na-kosovo-i-metohiju-na-teritoriji-opstine-palilua-nis-drugi-krug\/\" \/>\n<meta property=\"og:locale\" content=\"en_US\" \/>\n<meta property=\"og:type\" content=\"article\" \/>\n<meta property=\"og:title\" content=\"JAVNI POZIV ZA IZBOR KORISNIKA SREDSTAVA NAMENjENIH ZA PROGRAM OBUKA ZA INTERNO RASELjENA LICA U PROCESU POVRATKA NA KOSOVO I METOHIJU - DRUGI KRUG- IDC Serbia\" \/>\n<meta property=\"og:description\" content=\"KORAK NAPRED KA POVRATKU Na osnovu \u010dlana 4. Pravilnika o uslovima, kriterijumima, merilima, postupku i na\u010dinu rada Komisije za izbor korisnika projekta GO Zvezdara, komponenta program obuka, a u skladu sa Ugovorom izme\u0111u Delegacije Evropske unije u Republici Srbiji i Udru\u017eenja gra\u0111ana \u201eInicijativa za razvoj i saradnju\u201c, broj 2024\/460-054, o realizaciji projekta \u201cKorak napred ka [&hellip;]\" \/>\n<meta property=\"og:url\" content=\"https:\/\/idcserbia.org\/en\/avni-poziv-za-izbor-korisnika-sredstava-namenjenih-za-program-obuka-za-interno-raseljena-lica-u-procesu-povratka-na-kosovo-i-metohiju-na-teritoriji-opstine-palilua-nis-drugi-krug\/\" \/>\n<meta property=\"og:site_name\" content=\"IDC Serbia\" \/>\n<meta property=\"article:publisher\" content=\"https:\/\/www.facebook.com\/idc.serbia\" \/>\n<meta property=\"article:published_time\" content=\"2025-09-03T07:32:19+00:00\" \/>\n<meta property=\"article:modified_time\" content=\"2025-12-08T09:21:08+00:00\" \/>\n<meta name=\"author\" content=\"IDC Serbia\" \/>\n<meta name=\"twitter:card\" content=\"summary_large_image\" \/>\n<meta name=\"twitter:creator\" content=\"@IDCSERBIA\" \/>\n<meta name=\"twitter:site\" content=\"@IDCSERBIA\" \/>\n<meta name=\"twitter:label1\" content=\"Written by\" \/>\n\t<meta name=\"twitter:data1\" content=\"IDC Serbia\" \/>\n\t<meta name=\"twitter:label2\" content=\"Est. reading time\" \/>\n\t<meta name=\"twitter:data2\" content=\"8 minutes\" \/>\n<script type=\"application\/ld+json\" class=\"yoast-schema-graph\">{\"@context\":\"https:\\\/\\\/schema.org\",\"@graph\":[{\"@type\":\"Article\",\"@id\":\"https:\\\/\\\/idcserbia.org\\\/en\\\/avni-poziv-za-izbor-korisnika-sredstava-namenjenih-za-program-obuka-za-interno-raseljena-lica-u-procesu-povratka-na-kosovo-i-metohiju-na-teritoriji-opstine-palilua-nis-drugi-krug\\\/#article\",\"isPartOf\":{\"@id\":\"https:\\\/\\\/idcserbia.org\\\/en\\\/avni-poziv-za-izbor-korisnika-sredstava-namenjenih-za-program-obuka-za-interno-raseljena-lica-u-procesu-povratka-na-kosovo-i-metohiju-na-teritoriji-opstine-palilua-nis-drugi-krug\\\/\"},\"author\":{\"name\":\"IDC Serbia\",\"@id\":\"https:\\\/\\\/idcserbia.org\\\/#\\\/schema\\\/person\\\/9aabc1ee6cfdc5d7234d97fe33b1ff45\"},\"headline\":\"JAVNI POZIV ZA IZBOR KORISNIKA SREDSTAVA NAMENjENIH ZA PROGRAM OBUKA ZA INTERNO RASELjENA LICA U PROCESU POVRATKA NA KOSOVO I METOHIJU &#8211; DRUGI KRUG-\",\"datePublished\":\"2025-09-03T07:32:19+00:00\",\"dateModified\":\"2025-12-08T09:21:08+00:00\",\"mainEntityOfPage\":{\"@id\":\"https:\\\/\\\/idcserbia.org\\\/en\\\/avni-poziv-za-izbor-korisnika-sredstava-namenjenih-za-program-obuka-za-interno-raseljena-lica-u-procesu-povratka-na-kosovo-i-metohiju-na-teritoriji-opstine-palilua-nis-drugi-krug\\\/\"},\"wordCount\":1606,\"inLanguage\":\"en-US\"},{\"@type\":\"WebPage\",\"@id\":\"https:\\\/\\\/idcserbia.org\\\/en\\\/avni-poziv-za-izbor-korisnika-sredstava-namenjenih-za-program-obuka-za-interno-raseljena-lica-u-procesu-povratka-na-kosovo-i-metohiju-na-teritoriji-opstine-palilua-nis-drugi-krug\\\/\",\"url\":\"https:\\\/\\\/idcserbia.org\\\/en\\\/avni-poziv-za-izbor-korisnika-sredstava-namenjenih-za-program-obuka-za-interno-raseljena-lica-u-procesu-povratka-na-kosovo-i-metohiju-na-teritoriji-opstine-palilua-nis-drugi-krug\\\/\",\"name\":\"JAVNI POZIV ZA IZBOR KORISNIKA SREDSTAVA NAMENjENIH ZA PROGRAM OBUKA ZA INTERNO RASELjENA LICA U PROCESU POVRATKA NA KOSOVO I METOHIJU - DRUGI KRUG- IDC Serbia\",\"isPartOf\":{\"@id\":\"https:\\\/\\\/idcserbia.org\\\/#website\"},\"datePublished\":\"2025-09-03T07:32:19+00:00\",\"dateModified\":\"2025-12-08T09:21:08+00:00\",\"author\":{\"@id\":\"https:\\\/\\\/idcserbia.org\\\/#\\\/schema\\\/person\\\/9aabc1ee6cfdc5d7234d97fe33b1ff45\"},\"breadcrumb\":{\"@id\":\"https:\\\/\\\/idcserbia.org\\\/en\\\/avni-poziv-za-izbor-korisnika-sredstava-namenjenih-za-program-obuka-za-interno-raseljena-lica-u-procesu-povratka-na-kosovo-i-metohiju-na-teritoriji-opstine-palilua-nis-drugi-krug\\\/#breadcrumb\"},\"inLanguage\":\"en-US\",\"potentialAction\":[{\"@type\":\"ReadAction\",\"target\":[\"https:\\\/\\\/idcserbia.org\\\/en\\\/avni-poziv-za-izbor-korisnika-sredstava-namenjenih-za-program-obuka-za-interno-raseljena-lica-u-procesu-povratka-na-kosovo-i-metohiju-na-teritoriji-opstine-palilua-nis-drugi-krug\\\/\"]}]},{\"@type\":\"BreadcrumbList\",\"@id\":\"https:\\\/\\\/idcserbia.org\\\/en\\\/avni-poziv-za-izbor-korisnika-sredstava-namenjenih-za-program-obuka-za-interno-raseljena-lica-u-procesu-povratka-na-kosovo-i-metohiju-na-teritoriji-opstine-palilua-nis-drugi-krug\\\/#breadcrumb\",\"itemListElement\":[{\"@type\":\"ListItem\",\"position\":1,\"name\":\"Home\",\"item\":\"https:\\\/\\\/idcserbia.org\\\/en\\\/\"},{\"@type\":\"ListItem\",\"position\":2,\"name\":\"JAVNI POZIV ZA IZBOR KORISNIKA SREDSTAVA NAMENjENIH ZA PROGRAM OBUKA ZA INTERNO RASELjENA LICA U PROCESU POVRATKA NA KOSOVO I METOHIJU &#8211; DRUGI KRUG-\"}]},{\"@type\":\"WebSite\",\"@id\":\"https:\\\/\\\/idcserbia.org\\\/#website\",\"url\":\"https:\\\/\\\/idcserbia.org\\\/\",\"name\":\"IDC Serbia\",\"description\":\"Association of Citizens Initiative for Development and Cooperation\\r\\n\",\"potentialAction\":[{\"@type\":\"SearchAction\",\"target\":{\"@type\":\"EntryPoint\",\"urlTemplate\":\"https:\\\/\\\/idcserbia.org\\\/?s={search_term_string}\"},\"query-input\":{\"@type\":\"PropertyValueSpecification\",\"valueRequired\":true,\"valueName\":\"search_term_string\"}}],\"inLanguage\":\"en-US\"},{\"@type\":\"Person\",\"@id\":\"https:\\\/\\\/idcserbia.org\\\/#\\\/schema\\\/person\\\/9aabc1ee6cfdc5d7234d97fe33b1ff45\",\"name\":\"IDC Serbia\",\"url\":\"https:\\\/\\\/idcserbia.org\\\/en\\\/author\\\/idc-serbia\\\/\"}]}<\/script>\n<!-- \/ Yoast SEO plugin. -->","yoast_head_json":{"title":"JAVNI POZIV ZA IZBOR KORISNIKA SREDSTAVA NAMENjENIH ZA PROGRAM OBUKA ZA INTERNO RASELjENA LICA U PROCESU POVRATKA NA KOSOVO I METOHIJU - DRUGI KRUG- IDC Serbia","robots":{"index":"index","follow":"follow","max-snippet":"max-snippet:-1","max-image-preview":"max-image-preview:large","max-video-preview":"max-video-preview:-1"},"canonical":"https:\/\/idcserbia.org\/en\/avni-poziv-za-izbor-korisnika-sredstava-namenjenih-za-program-obuka-za-interno-raseljena-lica-u-procesu-povratka-na-kosovo-i-metohiju-na-teritoriji-opstine-palilua-nis-drugi-krug\/","og_locale":"en_US","og_type":"article","og_title":"JAVNI POZIV ZA IZBOR KORISNIKA SREDSTAVA NAMENjENIH ZA PROGRAM OBUKA ZA INTERNO RASELjENA LICA U PROCESU POVRATKA NA KOSOVO I METOHIJU - DRUGI KRUG- IDC Serbia","og_description":"KORAK NAPRED KA POVRATKU Na osnovu \u010dlana 4. Pravilnika o uslovima, kriterijumima, merilima, postupku i na\u010dinu rada Komisije za izbor korisnika projekta GO Zvezdara, komponenta program obuka, a u skladu sa Ugovorom izme\u0111u Delegacije Evropske unije u Republici Srbiji i Udru\u017eenja gra\u0111ana \u201eInicijativa za razvoj i saradnju\u201c, broj 2024\/460-054, o realizaciji projekta \u201cKorak napred ka [&hellip;]","og_url":"https:\/\/idcserbia.org\/en\/avni-poziv-za-izbor-korisnika-sredstava-namenjenih-za-program-obuka-za-interno-raseljena-lica-u-procesu-povratka-na-kosovo-i-metohiju-na-teritoriji-opstine-palilua-nis-drugi-krug\/","og_site_name":"IDC Serbia","article_publisher":"https:\/\/www.facebook.com\/idc.serbia","article_published_time":"2025-09-03T07:32:19+00:00","article_modified_time":"2025-12-08T09:21:08+00:00","author":"IDC Serbia","twitter_card":"summary_large_image","twitter_creator":"@IDCSERBIA","twitter_site":"@IDCSERBIA","twitter_misc":{"Written by":"IDC Serbia","Est. reading time":"8 minutes"},"schema":{"@context":"https:\/\/schema.org","@graph":[{"@type":"Article","@id":"https:\/\/idcserbia.org\/en\/avni-poziv-za-izbor-korisnika-sredstava-namenjenih-za-program-obuka-za-interno-raseljena-lica-u-procesu-povratka-na-kosovo-i-metohiju-na-teritoriji-opstine-palilua-nis-drugi-krug\/#article","isPartOf":{"@id":"https:\/\/idcserbia.org\/en\/avni-poziv-za-izbor-korisnika-sredstava-namenjenih-za-program-obuka-za-interno-raseljena-lica-u-procesu-povratka-na-kosovo-i-metohiju-na-teritoriji-opstine-palilua-nis-drugi-krug\/"},"author":{"name":"IDC Serbia","@id":"https:\/\/idcserbia.org\/#\/schema\/person\/9aabc1ee6cfdc5d7234d97fe33b1ff45"},"headline":"JAVNI POZIV ZA IZBOR KORISNIKA SREDSTAVA NAMENjENIH ZA PROGRAM OBUKA ZA INTERNO RASELjENA LICA U PROCESU POVRATKA NA KOSOVO I METOHIJU &#8211; DRUGI KRUG-","datePublished":"2025-09-03T07:32:19+00:00","dateModified":"2025-12-08T09:21:08+00:00","mainEntityOfPage":{"@id":"https:\/\/idcserbia.org\/en\/avni-poziv-za-izbor-korisnika-sredstava-namenjenih-za-program-obuka-za-interno-raseljena-lica-u-procesu-povratka-na-kosovo-i-metohiju-na-teritoriji-opstine-palilua-nis-drugi-krug\/"},"wordCount":1606,"inLanguage":"en-US"},{"@type":"WebPage","@id":"https:\/\/idcserbia.org\/en\/avni-poziv-za-izbor-korisnika-sredstava-namenjenih-za-program-obuka-za-interno-raseljena-lica-u-procesu-povratka-na-kosovo-i-metohiju-na-teritoriji-opstine-palilua-nis-drugi-krug\/","url":"https:\/\/idcserbia.org\/en\/avni-poziv-za-izbor-korisnika-sredstava-namenjenih-za-program-obuka-za-interno-raseljena-lica-u-procesu-povratka-na-kosovo-i-metohiju-na-teritoriji-opstine-palilua-nis-drugi-krug\/","name":"JAVNI POZIV ZA IZBOR KORISNIKA SREDSTAVA NAMENjENIH ZA PROGRAM OBUKA ZA INTERNO RASELjENA LICA U PROCESU POVRATKA NA KOSOVO I METOHIJU - DRUGI KRUG- IDC Serbia","isPartOf":{"@id":"https:\/\/idcserbia.org\/#website"},"datePublished":"2025-09-03T07:32:19+00:00","dateModified":"2025-12-08T09:21:08+00:00","author":{"@id":"https:\/\/idcserbia.org\/#\/schema\/person\/9aabc1ee6cfdc5d7234d97fe33b1ff45"},"breadcrumb":{"@id":"https:\/\/idcserbia.org\/en\/avni-poziv-za-izbor-korisnika-sredstava-namenjenih-za-program-obuka-za-interno-raseljena-lica-u-procesu-povratka-na-kosovo-i-metohiju-na-teritoriji-opstine-palilua-nis-drugi-krug\/#breadcrumb"},"inLanguage":"en-US","potentialAction":[{"@type":"ReadAction","target":["https:\/\/idcserbia.org\/en\/avni-poziv-za-izbor-korisnika-sredstava-namenjenih-za-program-obuka-za-interno-raseljena-lica-u-procesu-povratka-na-kosovo-i-metohiju-na-teritoriji-opstine-palilua-nis-drugi-krug\/"]}]},{"@type":"BreadcrumbList","@id":"https:\/\/idcserbia.org\/en\/avni-poziv-za-izbor-korisnika-sredstava-namenjenih-za-program-obuka-za-interno-raseljena-lica-u-procesu-povratka-na-kosovo-i-metohiju-na-teritoriji-opstine-palilua-nis-drugi-krug\/#breadcrumb","itemListElement":[{"@type":"ListItem","position":1,"name":"Home","item":"https:\/\/idcserbia.org\/en\/"},{"@type":"ListItem","position":2,"name":"JAVNI POZIV ZA IZBOR KORISNIKA SREDSTAVA NAMENjENIH ZA PROGRAM OBUKA ZA INTERNO RASELjENA LICA U PROCESU POVRATKA NA KOSOVO I METOHIJU &#8211; DRUGI KRUG-"}]},{"@type":"WebSite","@id":"https:\/\/idcserbia.org\/#website","url":"https:\/\/idcserbia.org\/","name":"IDC Serbia","description":"Association of Citizens Initiative for Development and Cooperation\r\n","potentialAction":[{"@type":"SearchAction","target":{"@type":"EntryPoint","urlTemplate":"https:\/\/idcserbia.org\/?s={search_term_string}"},"query-input":{"@type":"PropertyValueSpecification","valueRequired":true,"valueName":"search_term_string"}}],"inLanguage":"en-US"},{"@type":"Person","@id":"https:\/\/idcserbia.org\/#\/schema\/person\/9aabc1ee6cfdc5d7234d97fe33b1ff45","name":"IDC Serbia","url":"https:\/\/idcserbia.org\/en\/author\/idc-serbia\/"}]}},"_links":{"self":[{"href":"https:\/\/idcserbia.org\/en\/wp-json\/wp\/v2\/posts\/8076","targetHints":{"allow":["GET"]}}],"collection":[{"href":"https:\/\/idcserbia.org\/en\/wp-json\/wp\/v2\/posts"}],"about":[{"href":"https:\/\/idcserbia.org\/en\/wp-json\/wp\/v2\/types\/post"}],"author":[{"embeddable":true,"href":"https:\/\/idcserbia.org\/en\/wp-json\/wp\/v2\/users\/2"}],"replies":[{"embeddable":true,"href":"https:\/\/idcserbia.org\/en\/wp-json\/wp\/v2\/comments?post=8076"}],"version-history":[{"count":1,"href":"https:\/\/idcserbia.org\/en\/wp-json\/wp\/v2\/posts\/8076\/revisions"}],"predecessor-version":[{"id":8078,"href":"https:\/\/idcserbia.org\/en\/wp-json\/wp\/v2\/posts\/8076\/revisions\/8078"}],"wp:attachment":[{"href":"https:\/\/idcserbia.org\/en\/wp-json\/wp\/v2\/media?parent=8076"}],"wp:term":[{"taxonomy":"category","embeddable":true,"href":"https:\/\/idcserbia.org\/en\/wp-json\/wp\/v2\/categories?post=8076"},{"taxonomy":"post_tag","embeddable":true,"href":"https:\/\/idcserbia.org\/en\/wp-json\/wp\/v2\/tags?post=8076"}],"curies":[{"name":"wp","href":"https:\/\/api.w.org\/{rel}","templated":true}]}}